{"id":20139,"date":"2024-07-31T13:15:33","date_gmt":"2024-07-31T11:15:33","guid":{"rendered":"https:\/\/insideamateurfussball-ffm.de\/?p=20139"},"modified":"2024-07-31T14:27:09","modified_gmt":"2024-07-31T12:27:09","slug":"concordia-eschersheim-erhofft-entspannte-saison","status":"publish","type":"post","link":"https:\/\/insideamateurfussball-ffm.de\/?p=20139","title":{"rendered":"Concordia Eschersheim erhofft entspannte Saison"},"content":{"rendered":"<h4>In der letzten Saison erreichte Concordia Eschersheim einen einstelligen Tabellenplatz, am Ende lag die Mannschaft von Chef-Coach Andreas Ludwig auf Platz 9. Auch in dieser Saison m\u00f6chte der Verein mit dem neuen Trainer Roland Stipp eine ruhige und entspannte Saison spielen.<\/h4>\n<figure id=\"attachment_20140\" aria-describedby=\"caption-attachment-20140\" style=\"width: 1024px\" class=\"wp-caption alignnone\"><img loading=\"lazy\" decoding=\"async\" class=\"wp-image-20140 size-full\" src=\"http:\/\/insideamateurfussball-ffm.de\/wp-content\/uploads\/2024\/07\/Stipp.jpg\" alt=\"\" width=\"1024\" height=\"717\" srcset=\"https:\/\/insideamateurfussball-ffm.de\/wp-content\/uploads\/2024\/07\/Stipp.jpg 1024w, https:\/\/insideamateurfussball-ffm.de\/wp-content\/uploads\/2024\/07\/Stipp-300x210.jpg 300w, https:\/\/insideamateurfussball-ffm.de\/wp-content\/uploads\/2024\/07\/Stipp-768x538.jpg 768w\" sizes=\"auto, (max-width: 1024px) 100vw, 1024px\" \/><figcaption id=\"caption-attachment-20140\" class=\"wp-caption-text\">Trainer Roland Stipp steht ein gr\u00f6\u00dferer Kader in dieser Saison zur Verf\u00fcgung. Foto: Mithat G\u00fcrser<\/figcaption><\/figure>\n<p><img loading=\"lazy\" decoding=\"async\" class=\"alignnone size-full wp-image-19903\" src=\"http:\/\/insideamateurfussball-ffm.de\/wp-content\/uploads\/2024\/07\/Concordia.jpeg\" alt=\"\" width=\"80\" height=\"80\" \/><\/p>\n<p>Bei Concordia Eschersheim verst\u00e4rkt Torwart-Trainer Flo Kijek das Trainer-Team um den neuen Cheftrainer Roland Stipp. Neben zwei externen Neuzug\u00e4ngen kommen drei Spieler aus der SoMa zur\u00fcck und 8 Spieler aus der eigenen Jugend werden in den Seniorenbereich hochgezogen. Durch den gr\u00f6\u00dferen Kader soll es erm\u00f6glicht werden, eine ruhige und entspannte Saison zu spielen, denn auf der Seite der Abg\u00e4nge ist nicht Nennenswertes zu verzeichnen.<\/p>\n<p>Der Start in die Saison ist allerdings missgl\u00fcckt, in der ersten Runde des Kreispokals unterlag die Concordia beim A-Ligisten SC Riedberg, dem Finalisten vom letzten Jahr.<\/p>\n<p>In der am Wochenende startenden Saison der Kreisoberliga wartet auf die Eschersheimer ein Ausw\u00e4rtsspiel beim FC Croatia, danach folgen ein Heimspiel gegen den SV Griesheim Tarik und ein Ausw\u00e4rtsspiel bei dem SV Viktoria Preu\u00dfen.<\/p>\n<ul>\n<li><strong>Zug\u00e4nge: Jeyan Akalay, (1. FC-TSG K\u00f6nigstein), Josef Olguin Ellmeier (Club Deportivo Kirol Sport), Ruben Grossmann, Elias Zimmermann, Vincent Wehrtmann, Finn Sch\u00f6nbeck, Henry Reuner, Luke Lockl, Carl Elminger, Leo Burkhardt (alle aus der eigenen Jugend), Boris Wiedemer, Aitem Zahrani, Simon Kramer (alle zur\u00fcck aus der SoMa)<\/strong><\/li>\n<li><strong>Abg\u00e4nge: keine nennenswerten<\/strong><\/li>\n<li><strong>Saisonziel: eine ruhige, entspannte Saison zu spielen. Der gr\u00f6ssere Kader sollte uns\u00a0das\u00a0erm\u00f6glichen.<\/strong><\/li>\n<li><strong>Favoriten: keine genannt<\/strong><\/li>\n<\/ul>\n","protected":false},"excerpt":{"rendered":"<p>In der letzten Saison erreichte Concordia Eschersheim einen einstelligen Tabellenplatz, am Ende lag die Mannschaft von Chef-Coach Andreas Ludwig auf Platz 9. Auch in dieser Saison m\u00f6chte der Verein mit dem neuen Trainer Roland Stipp eine ruhige und entspannte Saison spielen. Bei Concordia Eschersheim verst\u00e4rkt Torwart-Trainer Flo Kijek das Trainer-Team um den neuen Cheftrainer Roland [&hellip;]<\/p>\n","protected":false},"author":3,"featured_media":20140,"comment_status":"closed","ping_status":"open","sticky":true,"template":"","format":"standard","meta":{"footnotes":""},"categories":[2],"tags":[],"class_list":["post-20139","post","type-post","status-publish","format-standard","has-post-thumbnail","hentry","category-kreisoberliga-frankfurt"],"_links":{"self":[{"href":"https:\/\/insideamateurfussball-ffm.de\/index.php?rest_route=\/wp\/v2\/posts\/20139","targetHints":{"allow":["GET"]}}],"collection":[{"href":"https:\/\/insideamateurfussball-ffm.de\/index.php?rest_route=\/wp\/v2\/posts"}],"about":[{"href":"https:\/\/insideamateurfussball-ffm.de\/index.php?rest_route=\/wp\/v2\/types\/post"}],"author":[{"embeddable":true,"href":"https:\/\/insideamateurfussball-ffm.de\/index.php?rest_route=\/wp\/v2\/users\/3"}],"replies":[{"embeddable":true,"href":"https:\/\/insideamateurfussball-ffm.de\/index.php?rest_route=%2Fwp%2Fv2%2Fcomments&post=20139"}],"version-history":[{"count":5,"href":"https:\/\/insideamateurfussball-ffm.de\/index.php?rest_route=\/wp\/v2\/posts\/20139\/revisions"}],"predecessor-version":[{"id":20145,"href":"https:\/\/insideamateurfussball-ffm.de\/index.php?rest_route=\/wp\/v2\/posts\/20139\/revisions\/20145"}],"wp:featuredmedia":[{"embeddable":true,"href":"https:\/\/insideamateurfussball-ffm.de\/index.php?rest_route=\/wp\/v2\/media\/20140"}],"wp:attachment":[{"href":"https:\/\/insideamateurfussball-ffm.de\/index.php?rest_route=%2Fwp%2Fv2%2Fmedia&parent=20139"}],"wp:term":[{"taxonomy":"category","embeddable":true,"href":"https:\/\/insideamateurfussball-ffm.de\/index.php?rest_route=%2Fwp%2Fv2%2Fcategories&post=20139"},{"taxonomy":"post_tag","embeddable":true,"href":"https:\/\/insideamateurfussball-ffm.de\/index.php?rest_route=%2Fwp%2Fv2%2Ftags&post=20139"}],"curies":[{"name":"wp","href":"https:\/\/api.w.org\/{rel}","templated":true}]}}