{"id":20100,"date":"2024-07-29T12:10:14","date_gmt":"2024-07-29T10:10:14","guid":{"rendered":"https:\/\/insideamateurfussball-ffm.de\/?p=20100"},"modified":"2024-07-29T12:10:14","modified_gmt":"2024-07-29T10:10:14","slug":"fc-kosova-will-diese-saison-aufsteigen","status":"publish","type":"post","link":"https:\/\/insideamateurfussball-ffm.de\/?p=20100","title":{"rendered":"FC Kosova will diese Saison aufsteigen"},"content":{"rendered":"<h4>Nach dem verpatzten Aufstieg in der letzten Saison, der FC Kosova beendete die Saison auf Rang 4, m\u00f6chte Trainer Jorge Hubermann das Verpasste diese Saison nachholen und in die Gruppenliga aufsteigen.<\/h4>\n<figure id=\"attachment_20101\" aria-describedby=\"caption-attachment-20101\" style=\"width: 640px\" class=\"wp-caption alignnone\"><img loading=\"lazy\" decoding=\"async\" class=\"wp-image-20101 size-large\" src=\"http:\/\/insideamateurfussball-ffm.de\/wp-content\/uploads\/2024\/07\/Kosoba1-1024x768.jpg\" alt=\"\" width=\"640\" height=\"480\" srcset=\"https:\/\/insideamateurfussball-ffm.de\/wp-content\/uploads\/2024\/07\/Kosoba1-1024x768.jpg 1024w, https:\/\/insideamateurfussball-ffm.de\/wp-content\/uploads\/2024\/07\/Kosoba1-300x225.jpg 300w, https:\/\/insideamateurfussball-ffm.de\/wp-content\/uploads\/2024\/07\/Kosoba1-768x576.jpg 768w, https:\/\/insideamateurfussball-ffm.de\/wp-content\/uploads\/2024\/07\/Kosoba1-1536x1152.jpg 1536w, https:\/\/insideamateurfussball-ffm.de\/wp-content\/uploads\/2024\/07\/Kosoba1.jpg 2048w\" sizes=\"auto, (max-width: 640px) 100vw, 640px\" \/><figcaption id=\"caption-attachment-20101\" class=\"wp-caption-text\">Die erneuerte Mannschaft des FC Kosova will diese Saison aufsteigen. Foto: FC Kosova<\/figcaption><\/figure>\n<p><img loading=\"lazy\" decoding=\"async\" class=\"alignnone size-full wp-image-9\" src=\"http:\/\/insideamateurfussball-ffm.de\/wp-content\/uploads\/2021\/11\/Kosova.jpg\" alt=\"\" width=\"65\" height=\"80\" \/><\/p>\n<p>F\u00fcr den geplante Aufstieg verpflichtete die Mannschaft von Trainer Jorge Hubermann insgesamt 10 Neuzug\u00e4nge, teilweise auch von h\u00f6herklassigen Vereinen und aus dem Ausland. Demgegen\u00fcber haben nur drei Spieler den Verein verlassen.<\/p>\n<p>Der Start in die Saison ist gegl\u00fcckt, in der ersten Runde des Kreispokals gewann der FC Kosova beim A-Ligisten TG Sachsenhausen und muss jetzt in der zweiten Runde zum KOL-Konkurrenten 1.R\u00f6delheimer FC 02.<\/p>\n<p>In der KOL startet der FC Kosova mit einem Heimspiel gegen Makkabi Frankfurt, der vom Trainer als Mitfavorit genannt wurde. Danach ist man spielfrei, ehe in einem erneuten Heimspiel Aufsteiger FC Posavina zu Gast ist.<\/p>\n<ul>\n<li><strong>Zug\u00e4nge: Agim Avidu, Ismail Sinani (beide SV Frankfurt Nord), Altin Qerimi (FV 09 Eschersheim) , Oltion Zenuni (FV Bad Vilbel), Flakron Thaci (DJK Sportfreunde Bad Homburg),Raisi Zalla (T\u00fcrkg\u00fcc\u00fc Frankfurt), Argjend Mustafa (FC Llapi), Samuel Owusu (MTK Budapest Lapdarugo), Karim Zine (FSV Friedrichsdorf), Calab Danso (SpVgg 02 Griesheim)<\/strong><\/li>\n<li><strong>Abg\u00e4nge: Memedi Denis (SpVgg 02 Griesheim), Aboulmakarim Mourad (vorauss. SV Griesheim Tarik), Gamez Camaran Santiago Alejandro (TUS Makkabi\u00a0Frankfurt)<\/strong><\/li>\n<li><strong>Saisonziel: nach verpasstem letztem Ziel des Vorjahres ist der\u00a0Aufstieg<\/strong><\/li>\n<li><strong>Mitfavoriten: VfL Germania 94, Spvgg. 02 Griesheim, Union Niederrad, SG Harheim, Makkabi Frankfurt<\/strong><\/li>\n<\/ul>\n","protected":false},"excerpt":{"rendered":"<p>Nach dem verpatzten Aufstieg in der letzten Saison, der FC Kosova beendete die Saison auf Rang 4, m\u00f6chte Trainer Jorge Hubermann das Verpasste diese Saison nachholen und in die Gruppenliga aufsteigen. F\u00fcr den geplante Aufstieg verpflichtete die Mannschaft von Trainer Jorge Hubermann insgesamt 10 Neuzug\u00e4nge, teilweise auch von h\u00f6herklassigen Vereinen und aus dem Ausland. Demgegen\u00fcber [&hellip;]<\/p>\n","protected":false},"author":3,"featured_media":20101,"comment_status":"closed","ping_status":"open","sticky":true,"template":"","format":"standard","meta":{"footnotes":""},"categories":[2],"tags":[],"class_list":["post-20100","post","type-post","status-publish","format-standard","has-post-thumbnail","hentry","category-kreisoberliga-frankfurt"],"_links":{"self":[{"href":"https:\/\/insideamateurfussball-ffm.de\/index.php?rest_route=\/wp\/v2\/posts\/20100","targetHints":{"allow":["GET"]}}],"collection":[{"href":"https:\/\/insideamateurfussball-ffm.de\/index.php?rest_route=\/wp\/v2\/posts"}],"about":[{"href":"https:\/\/insideamateurfussball-ffm.de\/index.php?rest_route=\/wp\/v2\/types\/post"}],"author":[{"embeddable":true,"href":"https:\/\/insideamateurfussball-ffm.de\/index.php?rest_route=\/wp\/v2\/users\/3"}],"replies":[{"embeddable":true,"href":"https:\/\/insideamateurfussball-ffm.de\/index.php?rest_route=%2Fwp%2Fv2%2Fcomments&post=20100"}],"version-history":[{"count":1,"href":"https:\/\/insideamateurfussball-ffm.de\/index.php?rest_route=\/wp\/v2\/posts\/20100\/revisions"}],"predecessor-version":[{"id":20102,"href":"https:\/\/insideamateurfussball-ffm.de\/index.php?rest_route=\/wp\/v2\/posts\/20100\/revisions\/20102"}],"wp:featuredmedia":[{"embeddable":true,"href":"https:\/\/insideamateurfussball-ffm.de\/index.php?rest_route=\/wp\/v2\/media\/20101"}],"wp:attachment":[{"href":"https:\/\/insideamateurfussball-ffm.de\/index.php?rest_route=%2Fwp%2Fv2%2Fmedia&parent=20100"}],"wp:term":[{"taxonomy":"category","embeddable":true,"href":"https:\/\/insideamateurfussball-ffm.de\/index.php?rest_route=%2Fwp%2Fv2%2Fcategories&post=20100"},{"taxonomy":"post_tag","embeddable":true,"href":"https:\/\/insideamateurfussball-ffm.de\/index.php?rest_route=%2Fwp%2Fv2%2Ftags&post=20100"}],"curies":[{"name":"wp","href":"https:\/\/api.w.org\/{rel}","templated":true}]}}