{"id":20070,"date":"2024-07-29T11:35:00","date_gmt":"2024-07-29T09:35:00","guid":{"rendered":"https:\/\/insideamateurfussball-ffm.de\/?p=20070"},"modified":"2024-07-29T11:35:00","modified_gmt":"2024-07-29T09:35:00","slug":"rot-weissen-siegen-im-letzten-testspiel","status":"publish","type":"post","link":"https:\/\/insideamateurfussball-ffm.de\/?p=20070","title":{"rendered":"Rot-Weissen siegen im letzten Testspiel"},"content":{"rendered":"<h4>Die &#8222;Roten&#8220; haben extra ihr Pokalspiel beim Kreisoberligisten SV Griesheim Tarik auf Dienstag (20 Uhr) verlegt, um noch mal gegen einen Verbandsligisten testen zu k\u00f6nnen. Gegen den FC Germania Okriftel, Aufsteiger in die Verbandsliga Mitte, konnte 6:4 gewonnen werden.<\/h4>\n<figure id=\"attachment_20071\" aria-describedby=\"caption-attachment-20071\" style=\"width: 1417px\" class=\"wp-caption alignnone\"><img loading=\"lazy\" decoding=\"async\" class=\"wp-image-20071 size-full\" src=\"http:\/\/insideamateurfussball-ffm.de\/wp-content\/uploads\/2024\/07\/rw1a.jpg\" alt=\"\" width=\"1417\" height=\"1047\" srcset=\"https:\/\/insideamateurfussball-ffm.de\/wp-content\/uploads\/2024\/07\/rw1a.jpg 1417w, https:\/\/insideamateurfussball-ffm.de\/wp-content\/uploads\/2024\/07\/rw1a-300x222.jpg 300w, https:\/\/insideamateurfussball-ffm.de\/wp-content\/uploads\/2024\/07\/rw1a-1024x757.jpg 1024w, https:\/\/insideamateurfussball-ffm.de\/wp-content\/uploads\/2024\/07\/rw1a-768x567.jpg 768w\" sizes=\"auto, (max-width: 1417px) 100vw, 1417px\" \/><figcaption id=\"caption-attachment-20071\" class=\"wp-caption-text\">Die Kapit\u00e4ne von Rot-Weiss und Okriftel bei der Platzwahl. Foto: Mithat G\u00fcrser<\/figcaption><\/figure>\n<p>SG RW Frankfurt &#8211; FC Germ. Okriftel 6:4 (3:1)<\/p>\n<p><img loading=\"lazy\" decoding=\"async\" class=\"alignnone size-full wp-image-120\" src=\"http:\/\/insideamateurfussball-ffm.de\/wp-content\/uploads\/2022\/05\/rot-weiss.png\" alt=\"\" width=\"80\" height=\"70\" \/><img loading=\"lazy\" decoding=\"async\" class=\"alignnone size-full wp-image-4684\" src=\"http:\/\/insideamateurfussball-ffm.de\/wp-content\/uploads\/2023\/01\/Okriftel.jpg\" alt=\"\" width=\"79\" height=\"80\" \/><\/p>\n<p>Gegen den Aufsteiger in die Mitte-Staffel gab es ein torreiches Spiel zu sehen, welches auf Heimseite durch eine kuriose, aber unn\u00f6tige Rote Karte getr\u00fcbt wurde. Kurz vor der Halbzeit wurde Luka Cabraja vom Platz gestellt. Trainer Ibrahim Cigdem erkl\u00e4rte, dass &#8222;der Schiedsrichter einem anderen meiner Spieler aus Versehen f\u00fcr ein harmloses Foul die Rote Karte zeigen wollte. Er hatte beide Farben in der Brusttasche. Cabraja sah dies und fragte den Schiedsrichter, ob er denn verr\u00fcckt sei. Daraufhin bekam Cabraja die Rote Karte unter die Nase gehalten.&#8220;<\/p>\n<h4>Schiedsrichter: Hashim Reimann (k.A.). Zuschauer: 60.<\/h4>\n<h4>Tore: 0:1 (2.), 1:1 Alexander Koziolek (3.), 2:1 Towa Itamoto (17.), 3:1 Elias Weber (34.), 3:2 (53.), 3:3 (74.), 4:3 Alexander Koziolek (78.), 4:4 Tim Fleming (84.), 5:4 Alexander Koziolek (85.), 6:4 Yassin Ennaji (89.).<\/h4>\n<blockquote>\n<h4>Die Bildergalerie stellte uns dankenswerterweise Mithat G\u00fcrser zur Verf\u00fcgung.<\/h4>\n<\/blockquote>\n\n\n<figure class=\"wp-block-image size-large\"><img loading=\"lazy\" decoding=\"async\" width=\"1024\" height=\"728\" src=\"http:\/\/insideamateurfussball-ffm.de\/wp-content\/uploads\/2024\/07\/rw3k-1024x728.jpg\" alt=\"\" class=\"wp-image-20073\" srcset=\"https:\/\/insideamateurfussball-ffm.de\/wp-content\/uploads\/2024\/07\/rw3k-1024x728.jpg 1024w, https:\/\/insideamateurfussball-ffm.de\/wp-content\/uploads\/2024\/07\/rw3k-300x213.jpg 300w, https:\/\/insideamateurfussball-ffm.de\/wp-content\/uploads\/2024\/07\/rw3k-768x546.jpg 768w, https:\/\/insideamateurfussball-ffm.de\/wp-content\/uploads\/2024\/07\/rw3k.jpg 1240w\" sizes=\"auto, (max-width: 1024px) 100vw, 1024px\" \/><\/figure>\n\n\n\n<figure class=\"wp-block-image size-large\"><img loading=\"lazy\" decoding=\"async\" width=\"1024\" height=\"758\" src=\"http:\/\/insideamateurfussball-ffm.de\/wp-content\/uploads\/2024\/07\/rwdf-1024x758.jpg\" alt=\"\" class=\"wp-image-20074\" srcset=\"https:\/\/insideamateurfussball-ffm.de\/wp-content\/uploads\/2024\/07\/rwdf-1024x758.jpg 1024w, https:\/\/insideamateurfussball-ffm.de\/wp-content\/uploads\/2024\/07\/rwdf-300x222.jpg 300w, https:\/\/insideamateurfussball-ffm.de\/wp-content\/uploads\/2024\/07\/rwdf-768x568.jpg 768w, https:\/\/insideamateurfussball-ffm.de\/wp-content\/uploads\/2024\/07\/rwdf.jpg 1277w\" sizes=\"auto, (max-width: 1024px) 100vw, 1024px\" \/><\/figure>\n\n\n\n<figure class=\"wp-block-image size-large\"><img loading=\"lazy\" decoding=\"async\" width=\"1024\" height=\"746\" src=\"http:\/\/insideamateurfussball-ffm.de\/wp-content\/uploads\/2024\/07\/rwfg-1024x746.jpg\" alt=\"\" class=\"wp-image-20075\" srcset=\"https:\/\/insideamateurfussball-ffm.de\/wp-content\/uploads\/2024\/07\/rwfg-1024x746.jpg 1024w, https:\/\/insideamateurfussball-ffm.de\/wp-content\/uploads\/2024\/07\/rwfg-300x219.jpg 300w, https:\/\/insideamateurfussball-ffm.de\/wp-content\/uploads\/2024\/07\/rwfg-768x560.jpg 768w, https:\/\/insideamateurfussball-ffm.de\/wp-content\/uploads\/2024\/07\/rwfg.jpg 1243w\" sizes=\"auto, (max-width: 1024px) 100vw, 1024px\" \/><\/figure>\n\n\n\n<figure class=\"wp-block-image size-large\"><img loading=\"lazy\" decoding=\"async\" width=\"1024\" height=\"761\" src=\"http:\/\/insideamateurfussball-ffm.de\/wp-content\/uploads\/2024\/07\/rwk-1024x761.jpg\" alt=\"\" class=\"wp-image-20076\" srcset=\"https:\/\/insideamateurfussball-ffm.de\/wp-content\/uploads\/2024\/07\/rwk-1024x761.jpg 1024w, https:\/\/insideamateurfussball-ffm.de\/wp-content\/uploads\/2024\/07\/rwk-300x223.jpg 300w, https:\/\/insideamateurfussball-ffm.de\/wp-content\/uploads\/2024\/07\/rwk-768x571.jpg 768w, https:\/\/insideamateurfussball-ffm.de\/wp-content\/uploads\/2024\/07\/rwk.jpg 1272w\" sizes=\"auto, (max-width: 1024px) 100vw, 1024px\" \/><\/figure>\n\n\n\n<figure class=\"wp-block-image size-large\"><img loading=\"lazy\" decoding=\"async\" width=\"1024\" height=\"736\" src=\"http:\/\/insideamateurfussball-ffm.de\/wp-content\/uploads\/2024\/07\/rw2b-1024x736.jpg\" alt=\"\" class=\"wp-image-20072\" srcset=\"https:\/\/insideamateurfussball-ffm.de\/wp-content\/uploads\/2024\/07\/rw2b-1024x736.jpg 1024w, https:\/\/insideamateurfussball-ffm.de\/wp-content\/uploads\/2024\/07\/rw2b-300x216.jpg 300w, https:\/\/insideamateurfussball-ffm.de\/wp-content\/uploads\/2024\/07\/rw2b-768x552.jpg 768w, https:\/\/insideamateurfussball-ffm.de\/wp-content\/uploads\/2024\/07\/rw2b.jpg 1314w\" sizes=\"auto, (max-width: 1024px) 100vw, 1024px\" \/><\/figure>\n\n\n\n<figure class=\"wp-block-image size-large\"><img loading=\"lazy\" decoding=\"async\" width=\"1024\" height=\"774\" src=\"http:\/\/insideamateurfussball-ffm.de\/wp-content\/uploads\/2024\/07\/rwl-1024x774.jpg\" alt=\"\" class=\"wp-image-20077\" srcset=\"https:\/\/insideamateurfussball-ffm.de\/wp-content\/uploads\/2024\/07\/rwl-1024x774.jpg 1024w, https:\/\/insideamateurfussball-ffm.de\/wp-content\/uploads\/2024\/07\/rwl-300x227.jpg 300w, https:\/\/insideamateurfussball-ffm.de\/wp-content\/uploads\/2024\/07\/rwl-768x580.jpg 768w, https:\/\/insideamateurfussball-ffm.de\/wp-content\/uploads\/2024\/07\/rwl.jpg 1251w\" sizes=\"auto, (max-width: 1024px) 100vw, 1024px\" \/><\/figure>\n\n\n\n<figure class=\"wp-block-image size-large\"><img loading=\"lazy\" decoding=\"async\" width=\"1024\" height=\"750\" src=\"http:\/\/insideamateurfussball-ffm.de\/wp-content\/uploads\/2024\/07\/rws-1024x750.jpg\" alt=\"\" class=\"wp-image-20078\" srcset=\"https:\/\/insideamateurfussball-ffm.de\/wp-content\/uploads\/2024\/07\/rws-1024x750.jpg 1024w, https:\/\/insideamateurfussball-ffm.de\/wp-content\/uploads\/2024\/07\/rws-300x220.jpg 300w, https:\/\/insideamateurfussball-ffm.de\/wp-content\/uploads\/2024\/07\/rws-768x563.jpg 768w, https:\/\/insideamateurfussball-ffm.de\/wp-content\/uploads\/2024\/07\/rws.jpg 1290w\" sizes=\"auto, (max-width: 1024px) 100vw, 1024px\" \/><\/figure>\n","protected":false},"excerpt":{"rendered":"<p>Die &#8222;Roten&#8220; haben extra ihr Pokalspiel beim Kreisoberligisten SV Griesheim Tarik auf Dienstag (20 Uhr) verlegt, um noch mal gegen einen Verbandsligisten testen zu k\u00f6nnen. Gegen den FC Germania Okriftel, Aufsteiger in die Verbandsliga Mitte, konnte 6:4 gewonnen werden. SG RW Frankfurt &#8211; FC Germ. Okriftel 6:4 (3:1) Gegen den Aufsteiger in die Mitte-Staffel gab [&hellip;]<\/p>\n","protected":false},"author":3,"featured_media":20071,"comment_status":"closed","ping_status":"open","sticky":true,"template":"","format":"standard","meta":{"footnotes":""},"categories":[21],"tags":[],"class_list":["post-20070","post","type-post","status-publish","format-standard","has-post-thumbnail","hentry","category-testspiele"],"_links":{"self":[{"href":"https:\/\/insideamateurfussball-ffm.de\/index.php?rest_route=\/wp\/v2\/posts\/20070","targetHints":{"allow":["GET"]}}],"collection":[{"href":"https:\/\/insideamateurfussball-ffm.de\/index.php?rest_route=\/wp\/v2\/posts"}],"about":[{"href":"https:\/\/insideamateurfussball-ffm.de\/index.php?rest_route=\/wp\/v2\/types\/post"}],"author":[{"embeddable":true,"href":"https:\/\/insideamateurfussball-ffm.de\/index.php?rest_route=\/wp\/v2\/users\/3"}],"replies":[{"embeddable":true,"href":"https:\/\/insideamateurfussball-ffm.de\/index.php?rest_route=%2Fwp%2Fv2%2Fcomments&post=20070"}],"version-history":[{"count":2,"href":"https:\/\/insideamateurfussball-ffm.de\/index.php?rest_route=\/wp\/v2\/posts\/20070\/revisions"}],"predecessor-version":[{"id":20080,"href":"https:\/\/insideamateurfussball-ffm.de\/index.php?rest_route=\/wp\/v2\/posts\/20070\/revisions\/20080"}],"wp:featuredmedia":[{"embeddable":true,"href":"https:\/\/insideamateurfussball-ffm.de\/index.php?rest_route=\/wp\/v2\/media\/20071"}],"wp:attachment":[{"href":"https:\/\/insideamateurfussball-ffm.de\/index.php?rest_route=%2Fwp%2Fv2%2Fmedia&parent=20070"}],"wp:term":[{"taxonomy":"category","embeddable":true,"href":"https:\/\/insideamateurfussball-ffm.de\/index.php?rest_route=%2Fwp%2Fv2%2Fcategories&post=20070"},{"taxonomy":"post_tag","embeddable":true,"href":"https:\/\/insideamateurfussball-ffm.de\/index.php?rest_route=%2Fwp%2Fv2%2Ftags&post=20070"}],"curies":[{"name":"wp","href":"https:\/\/api.w.org\/{rel}","templated":true}]}}