{"id":20067,"date":"2024-07-28T22:40:37","date_gmt":"2024-07-28T20:40:37","guid":{"rendered":"https:\/\/insideamateurfussball-ffm.de\/?p=20067"},"modified":"2024-07-28T22:40:37","modified_gmt":"2024-07-28T20:40:37","slug":"griesheim-tarik-mit-neuem-trainer-hakim-azougagh-in-die-saison","status":"publish","type":"post","link":"https:\/\/insideamateurfussball-ffm.de\/?p=20067","title":{"rendered":"Griesheim Tarik: Mit neuem Trainer Hakim Azougagh in die Saison"},"content":{"rendered":"<h5><span style=\"font-size: 16px;\">Der SV Griesheim Tarik geht mit neuem Trainer in die neue Spielzeit. F\u00fcr Hamza Azaoum, der das Traineramt in der Sommerpause abgegeben hat, \u00fcbernimmt Hakim Azougagh die 1. Mannschaft an der L\u00e4rchenstra\u00dfe. Der 39-j\u00e4hrige war zuletzt beim SV Zeilsheim II t\u00e4tig.\u00a0\u00a0<\/span><\/h5>\n<figure id=\"attachment_18726\" aria-describedby=\"caption-attachment-18726\" style=\"width: 150px\" class=\"wp-caption alignleft\"><img loading=\"lazy\" decoding=\"async\" class=\"wp-image-18726 size-thumbnail\" src=\"http:\/\/insideamateurfussball-ffm.de\/wp-content\/uploads\/2024\/05\/tguecue17-1-150x150.jpg\" alt=\"\" width=\"150\" height=\"150\" \/><figcaption id=\"caption-attachment-18726\" class=\"wp-caption-text\">Hat das Traineramt an Hakim Azougagh abgegeben: Hamza Azaoum. Foto: Archiv Mithat G\u00fcrser.\u00a0\u00a0<\/figcaption><\/figure>\n<p><img loading=\"lazy\" decoding=\"async\" class=\"alignnone size-full wp-image-34\" src=\"http:\/\/insideamateurfussball-ffm.de\/wp-content\/uploads\/2021\/11\/Tarik.jpg\" alt=\"\" width=\"80\" height=\"80\" \/><\/p>\n<p><span style=\"font-size: 16px;\">Als Aufsteiger spielte Tarik eine solide Runde, geriet nie in Abstiegsgefahr und beendete die Saison auf Rang f\u00fcnf. F\u00fcnf Zug\u00e4ngen stehen vier Abg\u00e4nge gegen\u00fcber, als Saisonziel gibt Hamza, der uns weiterhin die Berichte durchgibt, den Klassenerhalt an. &#8222;Am besten mit unten nichts zu tun bekommen. Man wei\u00df ja nie, wie viele absteigen k\u00f6nnten&#8220;, lautet seine Devise.\u00a0<\/span><\/p>\n<ul>\n<li><strong><span style=\"font-size: 16px;\">Zug\u00e4nge: Murat (FC Kosova), Anas Amjahid (SV Zeilsheim II), Anas Azaoum (VfB Unterliederbach), Youness Kabbouch, Soufiane Kabbouch (FC Maroc).\u00a0<\/span><\/strong><\/li>\n<li><strong><span style=\"font-size: 16px;\">Abg\u00e4nge: Mohamed Douzi (FFV Sportfreunde), Hamza Otmani, Jeremy Paulo Zimmermann, Belal Bouljraf (alle DJK Schwarz-Wei\u00df Griesheim).<\/span><\/strong><\/li>\n<li><strong><span style=\"font-size: 16px;\">Neuer Trainer: Hakim Azougagh (SV Zeilsheim II) f\u00fcr Hamza Azaoum (wieder Sportdrirektor).\u00a0<\/span><\/strong><\/li>\n<li><strong><span style=\"font-size: 16px;\">Saisonziel: Klassenerhalt.\u00a0<\/span><\/strong><\/li>\n<li><strong><span style=\"font-size: 16px;\">Favoriten: Keine Nennung.\u00a0\u00a0<\/span><\/strong><\/li>\n<\/ul>\n","protected":false},"excerpt":{"rendered":"<p>Der SV Griesheim Tarik geht mit neuem Trainer in die neue Spielzeit. F\u00fcr Hamza Azaoum, der das Traineramt in der Sommerpause abgegeben hat, \u00fcbernimmt Hakim Azougagh die 1. Mannschaft an der L\u00e4rchenstra\u00dfe. Der 39-j\u00e4hrige war zuletzt beim SV Zeilsheim II t\u00e4tig.\u00a0\u00a0 Als Aufsteiger spielte Tarik eine solide Runde, geriet nie in Abstiegsgefahr und beendete die [&hellip;]<\/p>\n","protected":false},"author":1,"featured_media":18726,"comment_status":"closed","ping_status":"closed","sticky":true,"template":"","format":"standard","meta":{"footnotes":""},"categories":[2],"tags":[],"class_list":["post-20067","post","type-post","status-publish","format-standard","has-post-thumbnail","hentry","category-kreisoberliga-frankfurt"],"_links":{"self":[{"href":"https:\/\/insideamateurfussball-ffm.de\/index.php?rest_route=\/wp\/v2\/posts\/20067","targetHints":{"allow":["GET"]}}],"collection":[{"href":"https:\/\/insideamateurfussball-ffm.de\/index.php?rest_route=\/wp\/v2\/posts"}],"about":[{"href":"https:\/\/insideamateurfussball-ffm.de\/index.php?rest_route=\/wp\/v2\/types\/post"}],"author":[{"embeddable":true,"href":"https:\/\/insideamateurfussball-ffm.de\/index.php?rest_route=\/wp\/v2\/users\/1"}],"replies":[{"embeddable":true,"href":"https:\/\/insideamateurfussball-ffm.de\/index.php?rest_route=%2Fwp%2Fv2%2Fcomments&post=20067"}],"version-history":[{"count":2,"href":"https:\/\/insideamateurfussball-ffm.de\/index.php?rest_route=\/wp\/v2\/posts\/20067\/revisions"}],"predecessor-version":[{"id":20069,"href":"https:\/\/insideamateurfussball-ffm.de\/index.php?rest_route=\/wp\/v2\/posts\/20067\/revisions\/20069"}],"wp:featuredmedia":[{"embeddable":true,"href":"https:\/\/insideamateurfussball-ffm.de\/index.php?rest_route=\/wp\/v2\/media\/18726"}],"wp:attachment":[{"href":"https:\/\/insideamateurfussball-ffm.de\/index.php?rest_route=%2Fwp%2Fv2%2Fmedia&parent=20067"}],"wp:term":[{"taxonomy":"category","embeddable":true,"href":"https:\/\/insideamateurfussball-ffm.de\/index.php?rest_route=%2Fwp%2Fv2%2Fcategories&post=20067"},{"taxonomy":"post_tag","embeddable":true,"href":"https:\/\/insideamateurfussball-ffm.de\/index.php?rest_route=%2Fwp%2Fv2%2Ftags&post=20067"}],"curies":[{"name":"wp","href":"https:\/\/api.w.org\/{rel}","templated":true}]}}