{"id":20049,"date":"2024-07-25T15:39:35","date_gmt":"2024-07-25T13:39:35","guid":{"rendered":"https:\/\/insideamateurfussball-ffm.de\/?p=20049"},"modified":"2024-07-28T22:22:09","modified_gmt":"2024-07-28T20:22:09","slug":"germania-94-mit-neuem-trainer-ohne-tabellarische-zielsetzung","status":"publish","type":"post","link":"https:\/\/insideamateurfussball-ffm.de\/?p=20049","title":{"rendered":"Germania 94 mit neuem Trainer ohne tabellarische Zielsetzung"},"content":{"rendered":"<h4>Nach dem verpassten Durchmarsch durch die KOL und am Ende Platz 3 gab Trainer Hassan Basci beim VfL Germania 94 seinen R\u00fccktritt bekannt. Mit einem fast unver\u00e4nderten Kader m\u00f6chte der neue Trainer Siar Daudi, letzte Saison bereits Co-Trainer bei der Germania, keinen Tabellenplatz als Ziel ausgeben, sondern eine ruhige Saison spielen.<\/h4>\n<figure id=\"attachment_20050\" aria-describedby=\"caption-attachment-20050\" style=\"width: 709px\" class=\"wp-caption alignnone\"><img loading=\"lazy\" decoding=\"async\" class=\"wp-image-20050 size-full\" src=\"http:\/\/insideamateurfussball-ffm.de\/wp-content\/uploads\/2024\/07\/Daudi2.jpg\" alt=\"\" width=\"709\" height=\"520\" srcset=\"https:\/\/insideamateurfussball-ffm.de\/wp-content\/uploads\/2024\/07\/Daudi2.jpg 709w, https:\/\/insideamateurfussball-ffm.de\/wp-content\/uploads\/2024\/07\/Daudi2-300x220.jpg 300w\" sizes=\"auto, (max-width: 709px) 100vw, 709px\" \/><figcaption id=\"caption-attachment-20050\" class=\"wp-caption-text\">Der neue Trainer Siar Daudi \u00fcbernimmt eine kaum ver\u00e4nderte Mannschaft. Foto: Mithat G\u00fcrser<\/figcaption><\/figure>\n<p><img loading=\"lazy\" decoding=\"async\" class=\"alignnone size-full wp-image-11577\" src=\"http:\/\/insideamateurfussball-ffm.de\/wp-content\/uploads\/2023\/08\/Germania-94.jpg\" alt=\"\" width=\"80\" height=\"80\" \/><\/p>\n<p>Der neue Trainer vom VfL Germania 94, Siar Daudi, \u00fcbernimmt ein Team, das als Aufsteiger direkt den dritten Platz in der KOL belegt hat und lange um den Aufstieg mitgespielt hat. Zur neuen Saison \u00e4u\u00dferte er sich so: \u201eWir haben unseren Kader gr\u00f6\u00dftenteils so beibehalten k\u00f6nnen. Einen schmerzlichen Abgang haben wir, und zwar Zafer Sancak, der zu VfB Unterliederbach gewechselt ist. Alle anderen Abg\u00e4nge sind so abgesprochen und sportlich einfacher zu ersetzen.\u00a0 Neuzug\u00e4nge haben wir auch. Darunter einen Hochkar\u00e4ter, und zwar Moussa Outtara, der sich nach einem Auslandssemester uns wieder angeschlossen hat. Ansonsten haben wir 3 Spieler aus der eigenen U19 hochgezogen. Unser Ziel ist es, die jungen Spieler zu entwickeln, verletzungsfreier und sportlich fairer durch die Saison zu kommen als in der letzten Runde.\u00a0 In der KOL Frankfurt kann jeder jeden schlagen.\u201c<\/p>\n<p>Im Kreispokal ist die Germania 94 bereits eine Runde weiter, da Gegner MKSV Makedonija das Spiel f\u00fcr kommendes Wochenende abgesagt hat. In der KOL startet die Mannschaft beim Aufsteiger FC Posavina, ehe es dann im ersten Heimspiel gegen den FC Union Niederrad geht.<\/p>\n<ul>\n<li><strong>Zug\u00e4nge: Moussa Ouattara (aus dem Ausland zur\u00fcck), Oguz Akkas (TSG Niederrad), Ilias Errjah (Spvgg Neu-Isenburg), Lars Lange, Max Schmidt, Tadeus Blomberg (alle aus eigener U19)<\/strong><\/li>\n<li><strong>Abg\u00e4nge: Zafer Sancak (VfB Unterliederbach), Robert Scheithauer (Karriereende ), Dominik Curkovic (unbekannt)<\/strong><\/li>\n<li><strong>Favoriten: FC Kosova, Union Niederrad und sicherlich wieder Preu\u00dfen Frankfurt<\/strong><\/li>\n<li><strong>Zielsetzung: junge Spieler entwickeln. verletzungsfreier und sportlich fairer durch die Saison kommen<\/strong><\/li>\n<\/ul>\n","protected":false},"excerpt":{"rendered":"<p>Nach dem verpassten Durchmarsch durch die KOL und am Ende Platz 3 gab Trainer Hassan Basci beim VfL Germania 94 seinen R\u00fccktritt bekannt. Mit einem fast unver\u00e4nderten Kader m\u00f6chte der neue Trainer Siar Daudi, letzte Saison bereits Co-Trainer bei der Germania, keinen Tabellenplatz als Ziel ausgeben, sondern eine ruhige Saison spielen. Der neue Trainer vom [&hellip;]<\/p>\n","protected":false},"author":3,"featured_media":20050,"comment_status":"closed","ping_status":"open","sticky":true,"template":"","format":"standard","meta":{"footnotes":""},"categories":[2],"tags":[],"class_list":["post-20049","post","type-post","status-publish","format-standard","has-post-thumbnail","hentry","category-kreisoberliga-frankfurt"],"_links":{"self":[{"href":"https:\/\/insideamateurfussball-ffm.de\/index.php?rest_route=\/wp\/v2\/posts\/20049","targetHints":{"allow":["GET"]}}],"collection":[{"href":"https:\/\/insideamateurfussball-ffm.de\/index.php?rest_route=\/wp\/v2\/posts"}],"about":[{"href":"https:\/\/insideamateurfussball-ffm.de\/index.php?rest_route=\/wp\/v2\/types\/post"}],"author":[{"embeddable":true,"href":"https:\/\/insideamateurfussball-ffm.de\/index.php?rest_route=\/wp\/v2\/users\/3"}],"replies":[{"embeddable":true,"href":"https:\/\/insideamateurfussball-ffm.de\/index.php?rest_route=%2Fwp%2Fv2%2Fcomments&post=20049"}],"version-history":[{"count":3,"href":"https:\/\/insideamateurfussball-ffm.de\/index.php?rest_route=\/wp\/v2\/posts\/20049\/revisions"}],"predecessor-version":[{"id":20066,"href":"https:\/\/insideamateurfussball-ffm.de\/index.php?rest_route=\/wp\/v2\/posts\/20049\/revisions\/20066"}],"wp:featuredmedia":[{"embeddable":true,"href":"https:\/\/insideamateurfussball-ffm.de\/index.php?rest_route=\/wp\/v2\/media\/20050"}],"wp:attachment":[{"href":"https:\/\/insideamateurfussball-ffm.de\/index.php?rest_route=%2Fwp%2Fv2%2Fmedia&parent=20049"}],"wp:term":[{"taxonomy":"category","embeddable":true,"href":"https:\/\/insideamateurfussball-ffm.de\/index.php?rest_route=%2Fwp%2Fv2%2Fcategories&post=20049"},{"taxonomy":"post_tag","embeddable":true,"href":"https:\/\/insideamateurfussball-ffm.de\/index.php?rest_route=%2Fwp%2Fv2%2Ftags&post=20049"}],"curies":[{"name":"wp","href":"https:\/\/api.w.org\/{rel}","templated":true}]}}