{"id":20022,"date":"2024-07-23T20:18:38","date_gmt":"2024-07-23T18:18:38","guid":{"rendered":"https:\/\/insideamateurfussball-ffm.de\/?p=20022"},"modified":"2024-07-23T21:11:47","modified_gmt":"2024-07-23T19:11:47","slug":"rot-weiss-will-klassenerhalt-frueher-absichern","status":"publish","type":"post","link":"https:\/\/insideamateurfussball-ffm.de\/?p=20022","title":{"rendered":"Rot-Weiss will Klassenerhalt fr\u00fcher absichern"},"content":{"rendered":"<h5><span style=\"font-size: 16px;\">Nach dem Last-Minute-Klassenerhalt am letzten Spieltag der Vorsaison will Rot-Weiss Frankfurt in seiner mittlerweile siebten Saison in Folge in der Fu\u00dfball-Verbandsliga S\u00fcd den Klassenerhalt fr\u00fcher absichern.\u00a0<\/span><\/h5>\n<figure id=\"attachment_19977\" aria-describedby=\"caption-attachment-19977\" style=\"width: 150px\" class=\"wp-caption alignleft\"><img loading=\"lazy\" decoding=\"async\" class=\"wp-image-19977 size-thumbnail\" src=\"http:\/\/insideamateurfussball-ffm.de\/wp-content\/uploads\/2024\/07\/alend5-150x150.jpg\" alt=\"\" width=\"150\" height=\"150\" \/><figcaption id=\"caption-attachment-19977\" class=\"wp-caption-text\">Die Mannschaft von Rot-Weiss Frankfurt vor dem Tespiel in Stadtallendorf. Foto: Mithat G\u00fcrser.<\/figcaption><\/figure>\n<p><img loading=\"lazy\" decoding=\"async\" class=\"alignnone size-full wp-image-4032\" src=\"http:\/\/insideamateurfussball-ffm.de\/wp-content\/uploads\/2022\/11\/rot-weiss.png\" alt=\"\" width=\"80\" height=\"70\" \/><\/p>\n<p><span style=\"font-size: 16px;\">Von glorreichen Hessenliga-Zeiten ist man am Brentanobad weit entfernt. Zudem war aufgrund der Fu\u00dfball-Europameisterschaft das gesamte Sportgel\u00e4nde f\u00fcr Trainingseinheiten und den Spielbetrieb gesperrt, sodass die Mannschaft von Trainer Ibrahim Cigdem auf andere Sportanlagen ausweichen musste. Im Kader hat es trotz des Klassenerhalts im Sommer wieder viel Bewegung gegeben. <\/span><\/p>\n<p><span style=\"font-size: 16px;\">13 Abg\u00e4ngen stehen neun Zug\u00e4nge gegen\u00fcber. Mit Naoufal Akil und Bilal El Makrini kamen zwei Leistungstr\u00e4ger vom Gruppenligisten FC Neu-Anspach. Au\u00dferdem konnte Spielmacher Ersan Rovcanin vom Verbandsligisten DJK Sportfreunde Bad Homburg verpflichtet werden. Towa Itamoto, Sam Bartusch (beide SG Nassau Diedenbergen) und Yassin Ennaji (TuRa Niederh\u00f6chstadt) komplettieren das Kontingent der externen Neuzug\u00e4nge.<\/span><\/p>\n<ul>\n<li><strong><span style=\"font-size: 16px;\">Cigdems Favoriten: Hummetroth, Bad Homburg, Pars. <\/span><\/strong><\/li>\n<\/ul>\n<p><span style=\"font-size: 16px;\">Aus der eigenen U19 r\u00fccken Henok Germai, Christian Idahosa und Lian Feridani auf. &#8222;Einige Spieler wollten h\u00f6herklassig spielen und sind in die Hessenliga gewechselt&#8220;, sagt Trainer Ibrahim Cigdem, der in der Vorsaison Ende Oktober das Amt von Benjamin L\u00f6bert \u00fcbernahm, \u00fcber die Abg\u00e4nge von Ryonosuke Aso (SC Hanau 1960), Ege Budda (FC Bayern Alzenau) und Gaossou Dabo (FC Hanau 93). Flavio Alberto Cunha (Rot-Wei\u00df Darmstadt), Taha Idrisoglou, Levin Pekcan (beide SV Zeilsheim) und Sarif Arifi (TS Ober-Roden) versuchen sich in der Verbandsliga. <\/span><\/p>\n<p><span style=\"font-size: 16px;\">Weitere Abg\u00e4nge sind Samuel Kofi Frimpong (Dersim R\u00fcsselsheim), Vincent Glavan (KV M\u00fchlheim), Ersen Albayrak (TSG W\u00f6rsdorf), Mass Barrow (VfB Unterliederbach), Clinton Adjei Asante und Raymond Williams (beide Ziel unbekannt). Als Favoriten benennt Cigdem Aufsteiger SV Hummetroth, die DJK Sportfreunde Bad Homburg und den SV Pars Neu-Isenburg, bei dem die &#8222;Roten&#8220; am 2. August an einem Freitagabend in die Saison starten.\u00a0 <\/span><\/p>\n<ul>\n<li><span style=\"font-size: 16px;\"><strong>Zug\u00e4nge: Naoufil Akil, Bilal El Makrini (beide FC Neu-Anspach), Towa Itamoto, Sam Bartusch (beide SG Nassau Diedenbergen), Ersan Rovcanin (DJK Sportfreunde Bad Homburg), Yassin Ennaji (TuRa Niederh\u00f6chstadt), Henok Germai, Christian Idahosa, Lian Feridani (alle eigene U19). <\/strong><\/span><\/li>\n<li><span style=\"font-size: 16px;\"><strong>Abg\u00e4nge: Taha Idrisoglou, Levent Pekcan (beide SV Zeilsheim), Samuel Kofi Frimpong (Dersim R\u00fcsselsheim), Ryonosuke Aso (SC 1960 Hanau), Ege Budda (FC Bayern Alzrnau), Vincent Glavan (KV M\u00fchlheim), Ersen Albayrak (TSG W\u00f6rsdorf), Sarif Arifi (TS Ober-Roden), Mass Barrow (VfB Unterliederbach), Flavio Alberto Cunha (Rot-Wei\u00df Darmstadt), Gaossou Dabo (FC Hanau 93), Clinton Adjei Asante, Raymond Williams (beide Ziel unbekannt).\u00a0<\/strong><\/span><\/li>\n<li><span style=\"font-size: 16px;\"><strong>Favoriten: SV Hummetroth, DJK Sportfreunde Bad Homburg, SV Pars Neu-Isenburg.<\/strong><\/span><\/li>\n<li><span style=\"font-size: 16px;\"><strong>Saisonziel: Klassenerhalt fr\u00fcher sichern.<\/strong>\u00a0\u00a0<\/span><\/li>\n<\/ul>\n","protected":false},"excerpt":{"rendered":"<p>Nach dem Last-Minute-Klassenerhalt am letzten Spieltag der Vorsaison will Rot-Weiss Frankfurt in seiner mittlerweile siebten Saison in Folge in der Fu\u00dfball-Verbandsliga S\u00fcd den Klassenerhalt fr\u00fcher absichern.\u00a0 Von glorreichen Hessenliga-Zeiten ist man am Brentanobad weit entfernt. Zudem war aufgrund der Fu\u00dfball-Europameisterschaft das gesamte Sportgel\u00e4nde f\u00fcr Trainingseinheiten und den Spielbetrieb gesperrt, sodass die Mannschaft von Trainer Ibrahim [&hellip;]<\/p>\n","protected":false},"author":1,"featured_media":19977,"comment_status":"closed","ping_status":"closed","sticky":true,"template":"","format":"standard","meta":{"footnotes":""},"categories":[10],"tags":[],"class_list":["post-20022","post","type-post","status-publish","format-standard","has-post-thumbnail","hentry","category-verbandsliga-sued"],"_links":{"self":[{"href":"https:\/\/insideamateurfussball-ffm.de\/index.php?rest_route=\/wp\/v2\/posts\/20022","targetHints":{"allow":["GET"]}}],"collection":[{"href":"https:\/\/insideamateurfussball-ffm.de\/index.php?rest_route=\/wp\/v2\/posts"}],"about":[{"href":"https:\/\/insideamateurfussball-ffm.de\/index.php?rest_route=\/wp\/v2\/types\/post"}],"author":[{"embeddable":true,"href":"https:\/\/insideamateurfussball-ffm.de\/index.php?rest_route=\/wp\/v2\/users\/1"}],"replies":[{"embeddable":true,"href":"https:\/\/insideamateurfussball-ffm.de\/index.php?rest_route=%2Fwp%2Fv2%2Fcomments&post=20022"}],"version-history":[{"count":2,"href":"https:\/\/insideamateurfussball-ffm.de\/index.php?rest_route=\/wp\/v2\/posts\/20022\/revisions"}],"predecessor-version":[{"id":20024,"href":"https:\/\/insideamateurfussball-ffm.de\/index.php?rest_route=\/wp\/v2\/posts\/20022\/revisions\/20024"}],"wp:featuredmedia":[{"embeddable":true,"href":"https:\/\/insideamateurfussball-ffm.de\/index.php?rest_route=\/wp\/v2\/media\/19977"}],"wp:attachment":[{"href":"https:\/\/insideamateurfussball-ffm.de\/index.php?rest_route=%2Fwp%2Fv2%2Fmedia&parent=20022"}],"wp:term":[{"taxonomy":"category","embeddable":true,"href":"https:\/\/insideamateurfussball-ffm.de\/index.php?rest_route=%2Fwp%2Fv2%2Fcategories&post=20022"},{"taxonomy":"post_tag","embeddable":true,"href":"https:\/\/insideamateurfussball-ffm.de\/index.php?rest_route=%2Fwp%2Fv2%2Ftags&post=20022"}],"curies":[{"name":"wp","href":"https:\/\/api.w.org\/{rel}","templated":true}]}}