{"id":20018,"date":"2024-07-23T19:12:47","date_gmt":"2024-07-23T17:12:47","guid":{"rendered":"https:\/\/insideamateurfussball-ffm.de\/?p=20018"},"modified":"2024-07-23T19:13:09","modified_gmt":"2024-07-23T17:13:09","slug":"bosnien-herzegowina-will-oben-mitspielen","status":"publish","type":"post","link":"https:\/\/insideamateurfussball-ffm.de\/?p=20018","title":{"rendered":"Bosnien\/Herzegowina will oben mitspielen"},"content":{"rendered":"<h5><span style=\"font-size: 16px;\">Nach Rang drei in der Vorsaison und der knapp verpassten Teilnahme an den Relegationsspielen zur Verbandsliga S\u00fcd will der SV Bosnien\/Herzegowina in der Gruppenliga Frankfurt West weiter oben mitspielen.\u00a0<\/span><\/h5>\n<figure id=\"attachment_20019\" aria-describedby=\"caption-attachment-20019\" style=\"width: 652px\" class=\"wp-caption alignleft\"><img loading=\"lazy\" decoding=\"async\" class=\"wp-image-20019\" src=\"http:\/\/insideamateurfussball-ffm.de\/wp-content\/uploads\/2024\/07\/bos19-3-1024x690.jpg\" alt=\"\" width=\"652\" height=\"439\" srcset=\"https:\/\/insideamateurfussball-ffm.de\/wp-content\/uploads\/2024\/07\/bos19-3-1024x690.jpg 1024w, https:\/\/insideamateurfussball-ffm.de\/wp-content\/uploads\/2024\/07\/bos19-3-300x202.jpg 300w, https:\/\/insideamateurfussball-ffm.de\/wp-content\/uploads\/2024\/07\/bos19-3-768x517.jpg 768w, https:\/\/insideamateurfussball-ffm.de\/wp-content\/uploads\/2024\/07\/bos19-3.jpg 1112w\" sizes=\"auto, (max-width: 652px) 100vw, 652px\" \/><figcaption id=\"caption-attachment-20019\" class=\"wp-caption-text\">Der SV Bosnien\/Herzegowina will weiter oben mitspielen. Foto: Mithat G\u00fcrser.<\/figcaption><\/figure>\n<h5><span style=\"font-size: 16px;\"><img loading=\"lazy\" decoding=\"async\" class=\"alignnone size-full wp-image-139\" src=\"http:\/\/insideamateurfussball-ffm.de\/wp-content\/uploads\/2022\/05\/Bosnien.jpg\" alt=\"\" width=\"79\" height=\"80\" \/><\/span><\/h5>\n<p><span style=\"font-size: 16px;\">Mit wenigen Ver\u00e4nderungen gehen die Bosnier in die neue Spielzeit. Der zur Winterpause gekommene Trainer Amir Mustafic m\u00f6chte an die gute R\u00fcckrunde ankn\u00fcpfen, in der er mit seinem Team erst am letzten Spieltag beim FC Kalbach unterlag.<\/span><\/p>\n<p><span style=\"font-size: 16px;\"> Der langj\u00e4hrige Bad Vilbeler Trainer hat ein klares Konzept mit einer deutlichen Ansprache und kennt den Verein aus seiner Zeit als Spielertrainer, auch wenn sich seit 2012, als Mustafic die Ackermannwiese Richtung Niddasportfeld verlie\u00df, auf der Sportanlage und im Umfeld viel entwickelt hat.<\/span><\/p>\n<ul>\n<li><strong><span style=\"font-size: 16px;\">&#8222;Er ist aktuell noch verletzt, wenn er fit wird, kann er uns mit seiner Erfahrung helfen&#8220; (Bosniens Pressesprecher Admir Malohodzic zum Senegalesen Boubacar Dialiba).<\/span><\/strong><\/li>\n<\/ul>\n<p><span style=\"font-size: 16px;\">Neben der neuen Sportanlage floriert vor allem die Jugendabteilung, sodass ein solides Fundament vorhanden ist. Gekommen sind mit Goushi Yamamoto (FFV Sportfreunde) und Ryo Nishiyama (direkt aus Japan) zwei Spieler, die die zu Mitte-Verbandsligist Germania Okriftel abgewanderten Takuto Kimura und Yuta Omori ersetzen sollen. Selim Zuna bekommt beim Hessenligisten Hanau 93 eine Chance. Der 35-j\u00e4hrige Senegalese Boubacar Dialiba war zuletzt vereinslos, spielte als Profi in der T\u00fcrkei, Polen, Belgien, Spanien und Bosnien\/Herzegowina. <\/span><\/p>\n<p><span style=\"font-size: 16px;\">&#8222;Er ist aktuell noch verletzt, wenn er fit wird, kann er uns mit seiner Erfahrung helfen&#8220;, sagt Admir Malohodzic, der Pressesprecher. Aus der eigenen U19 werden Ajdin Cikaric, Omar Jakubovic und Vensislav Rusev hochgezogen. Zur eigenen Zielsetzung erkennt Malohodzic an: &#8222;Wir wollen oben mitspielen, denn die Mannschaft hat sich kaum ver\u00e4ndert.&#8220; Allerdings m\u00fcsse man zuerst gut durch die Urlaubsmonate August und September kommen. Als Favoriten nennen die Bosnier neben dem FC Kalbach die Spvgg. Fechenheim und den FC Neu-Anspach.\u00a0<\/span><\/p>\n<ul>\n<li>\n<h5><strong><span style=\"font-size: 16px;\">Zug\u00e4nge: Boubacar Dialiba (vereinslos), Goushi Yamamoto (FFV Sportfreunde 04), Ryo Nishiyama (Japan).<\/span><\/strong><\/h5>\n<\/li>\n<li>\n<h5><strong><span style=\"font-size: 16px;\">Abg\u00e4nge: Takuto Kimura, Yuta Omori (beide Germania Okriftel), Selim Zuna (FC Hanau 93).<\/span><\/strong><\/h5>\n<\/li>\n<li><strong><span style=\"font-size: 16px;\">Saisonziel: oben mitspielen. <\/span><\/strong><\/li>\n<li><strong><span style=\"font-size: 16px;\">Favoriten: FC Kalbach, Spvgg. 03 Fechenheim, FC Neu-Anspach.\u00a0<\/span><\/strong><\/li>\n<\/ul>\n","protected":false},"excerpt":{"rendered":"<p>Nach Rang drei in der Vorsaison und der knapp verpassten Teilnahme an den Relegationsspielen zur Verbandsliga S\u00fcd will der SV Bosnien\/Herzegowina in der Gruppenliga Frankfurt West weiter oben mitspielen.\u00a0 Mit wenigen Ver\u00e4nderungen gehen die Bosnier in die neue Spielzeit. Der zur Winterpause gekommene Trainer Amir Mustafic m\u00f6chte an die gute R\u00fcckrunde ankn\u00fcpfen, in der er [&hellip;]<\/p>\n","protected":false},"author":1,"featured_media":20019,"comment_status":"closed","ping_status":"closed","sticky":true,"template":"","format":"standard","meta":{"footnotes":""},"categories":[13],"tags":[],"class_list":["post-20018","post","type-post","status-publish","format-standard","has-post-thumbnail","hentry","category-gruppenliga-frankfurt-west"],"_links":{"self":[{"href":"https:\/\/insideamateurfussball-ffm.de\/index.php?rest_route=\/wp\/v2\/posts\/20018","targetHints":{"allow":["GET"]}}],"collection":[{"href":"https:\/\/insideamateurfussball-ffm.de\/index.php?rest_route=\/wp\/v2\/posts"}],"about":[{"href":"https:\/\/insideamateurfussball-ffm.de\/index.php?rest_route=\/wp\/v2\/types\/post"}],"author":[{"embeddable":true,"href":"https:\/\/insideamateurfussball-ffm.de\/index.php?rest_route=\/wp\/v2\/users\/1"}],"replies":[{"embeddable":true,"href":"https:\/\/insideamateurfussball-ffm.de\/index.php?rest_route=%2Fwp%2Fv2%2Fcomments&post=20018"}],"version-history":[{"count":2,"href":"https:\/\/insideamateurfussball-ffm.de\/index.php?rest_route=\/wp\/v2\/posts\/20018\/revisions"}],"predecessor-version":[{"id":20021,"href":"https:\/\/insideamateurfussball-ffm.de\/index.php?rest_route=\/wp\/v2\/posts\/20018\/revisions\/20021"}],"wp:featuredmedia":[{"embeddable":true,"href":"https:\/\/insideamateurfussball-ffm.de\/index.php?rest_route=\/wp\/v2\/media\/20019"}],"wp:attachment":[{"href":"https:\/\/insideamateurfussball-ffm.de\/index.php?rest_route=%2Fwp%2Fv2%2Fmedia&parent=20018"}],"wp:term":[{"taxonomy":"category","embeddable":true,"href":"https:\/\/insideamateurfussball-ffm.de\/index.php?rest_route=%2Fwp%2Fv2%2Fcategories&post=20018"},{"taxonomy":"post_tag","embeddable":true,"href":"https:\/\/insideamateurfussball-ffm.de\/index.php?rest_route=%2Fwp%2Fv2%2Ftags&post=20018"}],"curies":[{"name":"wp","href":"https:\/\/api.w.org\/{rel}","templated":true}]}}