{"id":19968,"date":"2024-07-21T21:53:19","date_gmt":"2024-07-21T19:53:19","guid":{"rendered":"https:\/\/insideamateurfussball-ffm.de\/?p=19968"},"modified":"2024-07-21T21:53:19","modified_gmt":"2024-07-21T19:53:19","slug":"oberrad-liefert-spiel-das-allen-spass-macht","status":"publish","type":"post","link":"https:\/\/insideamateurfussball-ffm.de\/?p=19968","title":{"rendered":"Oberrad liefert Spiel, &#8222;das allen Spa\u00df macht&#8220;"},"content":{"rendered":"<h5><span style=\"font-size: 16px;\">Die Spvgg. 05 Oberrad lieferte am Freitagabend ein gutes Testspiel ab. Gegen Alemannia Nied gab es einen souver\u00e4nen 4:0-Sieg. Zwei Tage sp\u00e4ter wurde der geplante Test gegen Verbandsligist Spvgg. 03 Neu-Isenburg hingegen abgesagt.\u00a0<\/span><\/h5>\n<figure id=\"attachment_19969\" aria-describedby=\"caption-attachment-19969\" style=\"width: 652px\" class=\"wp-caption alignleft\"><img loading=\"lazy\" decoding=\"async\" class=\"wp-image-19969\" src=\"http:\/\/insideamateurfussball-ffm.de\/wp-content\/uploads\/2024\/07\/O-Nied-1024x768.jpg\" alt=\"\" width=\"652\" height=\"489\" srcset=\"https:\/\/insideamateurfussball-ffm.de\/wp-content\/uploads\/2024\/07\/O-Nied-1024x768.jpg 1024w, https:\/\/insideamateurfussball-ffm.de\/wp-content\/uploads\/2024\/07\/O-Nied-300x225.jpg 300w, https:\/\/insideamateurfussball-ffm.de\/wp-content\/uploads\/2024\/07\/O-Nied-768x576.jpg 768w, https:\/\/insideamateurfussball-ffm.de\/wp-content\/uploads\/2024\/07\/O-Nied-1536x1152.jpg 1536w, https:\/\/insideamateurfussball-ffm.de\/wp-content\/uploads\/2024\/07\/O-Nied.jpg 2048w\" sizes=\"auto, (max-width: 652px) 100vw, 652px\" \/><figcaption id=\"caption-attachment-19969\" class=\"wp-caption-text\">Szene aus dem Freundschaftsspiel Oberrad gegen Nied. Foto: PA.\u00a0\u00a0<\/figcaption><\/figure>\n<h5><span style=\"font-size: 16px;\">Spvgg. 05 Oberrad &#8211; FV Alemannia Nied 4:0 (3:0)<\/span><\/h5>\n<p><img loading=\"lazy\" decoding=\"async\" class=\"alignnone size-full wp-image-137\" src=\"http:\/\/insideamateurfussball-ffm.de\/wp-content\/uploads\/2022\/05\/Oberrad05.jpg\" alt=\"\" width=\"79\" height=\"80\" \/><img loading=\"lazy\" decoding=\"async\" class=\"alignnone size-full wp-image-19970\" src=\"http:\/\/insideamateurfussball-ffm.de\/wp-content\/uploads\/2024\/07\/Niedalem.jpg\" alt=\"\" width=\"73\" height=\"80\" \/><\/p>\n<p><span style=\"font-size: 16px;\">Gruppenliga Frankfurt West gegen Gruppenliga Wiesbaden hie\u00df es am Freitagabend an der Beckerwiese, obwohl es eigentlich ein Frankfurter Duell war. <\/span><\/p>\n<p><span style=\"font-size: 16px;\">Da aber die G\u00e4ste als einer der westlichen Stadtteile dem Main-Taunus-Kreis angeh\u00f6ren, spielen sie im Wiesbadener Bezirk mit.<\/span><\/p>\n<ul>\n<li><strong><span style=\"font-size: 16px;\">Knapp unter 50 Zuschauer<\/span><\/strong><\/li>\n<\/ul>\n<p><span style=\"font-size: 16px;\">Mit sechs Minuten Versp\u00e4tung wurde der Testkick angepfiffen. Hintergrund: Der Schiedsrichter kam in schwarz, Oberrad wollte in schwarz spielen, musste dann auf wei\u00df ausweichen. Das Spiel war dann relativ einseitig. Oberrad war deutlich \u00fcberlegen und erzielte auch sch\u00f6ne herausgespielte Treffer. Knapp unter 50 Zuschauer sahen an der Beckerwiese ein laut dem Oberr\u00e4der Trainer Gabriel Bernstein Spiel&#8220;, &#8222;das uns allen Spa\u00df gemacht hat.&#8220; <\/span><\/p>\n<p><span style=\"font-size: 16px;\">Nach einem Pfostenschuss brachte Ouassim Asghar die Gastgeber in F\u00fchrung (21.). Stanislav Druga erh\u00f6hte per Kopfball (36.), ehe Milan Matijevic aus 50 Metern das Tor des Tages gelang (44.). Nach der Pause lie\u00dfen die Oberr\u00e4der die Partie gegen die in der Gruppenliga Wiesbaden spielenden Westfrankfurter nach dem 4:0 durch Druga (49.) locker ausklingen.<\/span><\/p>\n<ul>\n<li><strong><span style=\"font-size: 16px;\">Schiedsrichter: Keine Angabe. <\/span><\/strong><\/li>\n<li><strong><span style=\"font-size: 16px;\">Zuschauer: 48.\u00a0<\/span><\/strong><\/li>\n<li><strong><span style=\"font-size: 16px;\">Tore: 1:0 Ouassim Asghar (21.), 2:0 Stanislav Druga (36.), 3:0 Milan Matijevic (44.), 4:0 Stanislav Druga (49.).<\/span><\/strong><\/li>\n<\/ul>\n","protected":false},"excerpt":{"rendered":"<p>Die Spvgg. 05 Oberrad lieferte am Freitagabend ein gutes Testspiel ab. Gegen Alemannia Nied gab es einen souver\u00e4nen 4:0-Sieg. Zwei Tage sp\u00e4ter wurde der geplante Test gegen Verbandsligist Spvgg. 03 Neu-Isenburg hingegen abgesagt.\u00a0 Spvgg. 05 Oberrad &#8211; FV Alemannia Nied 4:0 (3:0) Gruppenliga Frankfurt West gegen Gruppenliga Wiesbaden hie\u00df es am Freitagabend an der Beckerwiese, [&hellip;]<\/p>\n","protected":false},"author":1,"featured_media":19969,"comment_status":"closed","ping_status":"closed","sticky":true,"template":"","format":"standard","meta":{"footnotes":""},"categories":[21],"tags":[],"class_list":["post-19968","post","type-post","status-publish","format-standard","has-post-thumbnail","hentry","category-testspiele"],"_links":{"self":[{"href":"https:\/\/insideamateurfussball-ffm.de\/index.php?rest_route=\/wp\/v2\/posts\/19968","targetHints":{"allow":["GET"]}}],"collection":[{"href":"https:\/\/insideamateurfussball-ffm.de\/index.php?rest_route=\/wp\/v2\/posts"}],"about":[{"href":"https:\/\/insideamateurfussball-ffm.de\/index.php?rest_route=\/wp\/v2\/types\/post"}],"author":[{"embeddable":true,"href":"https:\/\/insideamateurfussball-ffm.de\/index.php?rest_route=\/wp\/v2\/users\/1"}],"replies":[{"embeddable":true,"href":"https:\/\/insideamateurfussball-ffm.de\/index.php?rest_route=%2Fwp%2Fv2%2Fcomments&post=19968"}],"version-history":[{"count":1,"href":"https:\/\/insideamateurfussball-ffm.de\/index.php?rest_route=\/wp\/v2\/posts\/19968\/revisions"}],"predecessor-version":[{"id":19971,"href":"https:\/\/insideamateurfussball-ffm.de\/index.php?rest_route=\/wp\/v2\/posts\/19968\/revisions\/19971"}],"wp:featuredmedia":[{"embeddable":true,"href":"https:\/\/insideamateurfussball-ffm.de\/index.php?rest_route=\/wp\/v2\/media\/19969"}],"wp:attachment":[{"href":"https:\/\/insideamateurfussball-ffm.de\/index.php?rest_route=%2Fwp%2Fv2%2Fmedia&parent=19968"}],"wp:term":[{"taxonomy":"category","embeddable":true,"href":"https:\/\/insideamateurfussball-ffm.de\/index.php?rest_route=%2Fwp%2Fv2%2Fcategories&post=19968"},{"taxonomy":"post_tag","embeddable":true,"href":"https:\/\/insideamateurfussball-ffm.de\/index.php?rest_route=%2Fwp%2Fv2%2Ftags&post=19968"}],"curies":[{"name":"wp","href":"https:\/\/api.w.org\/{rel}","templated":true}]}}