{"id":19964,"date":"2024-07-21T18:13:14","date_gmt":"2024-07-21T16:13:14","guid":{"rendered":"https:\/\/insideamateurfussball-ffm.de\/?p=19964"},"modified":"2024-07-23T16:48:16","modified_gmt":"2024-07-23T14:48:16","slug":"bornheim-mit-neuem-trainer-zum-klassenerhalt","status":"publish","type":"post","link":"https:\/\/insideamateurfussball-ffm.de\/?p=19964","title":{"rendered":"Bornheim: mit neuem Trainer zum Klassenerhalt"},"content":{"rendered":"<h4>Nachdem Trainer Sascha Volk Ende letzter Saison aufgeh\u00f6rt hat und Teklu Tewelde kurzfristig zur\u00fcckgetreten ist, \u00fcbernimmt nun Lamine Kaiser das Traineramt bei den Bornheimern, unterst\u00fctzt vom spielenden Co-Trainer Tim Flie\u00df. Saisonziel f\u00fcr die verj\u00fcngte Mannschaft ist der Klassenerhalt.<\/h4>\n<figure id=\"attachment_19965\" aria-describedby=\"caption-attachment-19965\" style=\"width: 2016px\" class=\"wp-caption alignnone\"><img loading=\"lazy\" decoding=\"async\" class=\"wp-image-19965 size-full\" src=\"http:\/\/insideamateurfussball-ffm.de\/wp-content\/uploads\/2024\/07\/Bornheim-Hanau00.jpg\" alt=\"\" width=\"2016\" height=\"1512\" srcset=\"https:\/\/insideamateurfussball-ffm.de\/wp-content\/uploads\/2024\/07\/Bornheim-Hanau00.jpg 2016w, https:\/\/insideamateurfussball-ffm.de\/wp-content\/uploads\/2024\/07\/Bornheim-Hanau00-300x225.jpg 300w, https:\/\/insideamateurfussball-ffm.de\/wp-content\/uploads\/2024\/07\/Bornheim-Hanau00-1024x768.jpg 1024w, https:\/\/insideamateurfussball-ffm.de\/wp-content\/uploads\/2024\/07\/Bornheim-Hanau00-768x576.jpg 768w, https:\/\/insideamateurfussball-ffm.de\/wp-content\/uploads\/2024\/07\/Bornheim-Hanau00-1536x1152.jpg 1536w\" sizes=\"auto, (max-width: 2016px) 100vw, 2016px\" \/><figcaption id=\"caption-attachment-19965\" class=\"wp-caption-text\">Szene aus dem Testspiel gegen Hanau, was nach guter erster Halbzeit 1:4 verloren wurde. Foto: MZ.<\/figcaption><\/figure>\n<p><img loading=\"lazy\" decoding=\"async\" class=\"alignnone size-full wp-image-119\" src=\"http:\/\/insideamateurfussball-ffm.de\/wp-content\/uploads\/2022\/05\/Bornheim.jpg\" alt=\"\" width=\"80\" height=\"80\" \/><\/p>\n<p>Nach den kurzfristigen Irritationen beim Traineramt muss sich die verj\u00fcngte Mannschaft der Bornheimer mit Trainer Lamine Kaiser erst finden, nach dem durchwachsenen letzten Jahr hofft man auch dieses Jahr zumindest auf den Klassenerhalt. Sieben Abg\u00e4ngen stehen insgesamt 15 Neuzug\u00e4nge gegen\u00fcber, dabei bleiben die Bornheimer ihrem Motto treu, vielen A-Jugendlichen eine Chance zu geben. 8 Spieler kommen aus der eigenen A-Jugend, einige davon haben bereits im letzten Jahr die 1a verst\u00e4rkt und konnten so schon fr\u00fchzeitig Erfahrungen im Herrenbereich sammeln. Das hoffnungsvollste Talent Fabrice Otero Matthaei wurde hingegen vom Hessenliga-Topfavoriten T\u00fcrk G\u00fcc\u00fc Friedberg abgeworben. Dazu kommen weitere sieben interessante Spieler aus unterschiedlichen Vereinen und L\u00e4ndern.<\/p>\n<p>Es muss sich zeigen, wie schnell eine homogene Mannschaft gefunden werden kann, die sich in der Verbandsliga S\u00fcd behaupten kann, von daher setzen die Bornheimer den Klassenerhalt als Saisonziel fest. Ein Favorit wird nicht genannt, da m\u00f6chte man sich nicht festlegen. Der Pflichtspielstart mit dem Kreispokal f\u00e4llt erst einmal ins Wasser, da Gegner FC Frankfurt City die Partie bereits abgesagt hat. In die Verbandsligasaison starten die Bornheimer mit einem Heimspiel gegen die Spvgg. 03 Neu-Isenburg, ehe das Derby bei RW Frankfurt folgt. Das Spiel in der englischen Woche bei Germania Ober-Roden wurde auf Ende August verlegt, es folgt dann das Heimspiel gegen den Aufsteiger SKV Beienheim.<\/p>\n<p>Am Sonntag empfingen die Bornheimer in einem Testspiel den Hessenligisten SC 1960 Hanau und zeigten in der ersten Halbzeit eine gute Leistung, die mit dem 1:0 von Lukas Knell belohnt wurde. In der zweiten Halbzeit drehte dann der Hessenligist auf und kam durch Tore von Ronaldo Dos Santos Ferreira, Pau Babot, Ahmet Dogan und Daniel Heidenreich noch zu einem standesgem\u00e4\u00dfen 4:1-Sieg.<\/p>\n<ul>\n<li><strong>Zug\u00e4nge: Bilal Zerouali (RW Darmstadt), Maazin Adam Ahmed (Frankfurt City), Marc Janke (FC Kalbach), Tolga Memet (Eintracht Bad Kreuznach), Max Ehrig (FV Bad Vilbel), Germaine Luc Amoa, Patrick Albert (beide Ausland), Simon Siebertz, Noah Ersan, Mohamed Adda, Luan Beqiri, Jassine Sekkali, Abd El Raouf Dilem, Hicham Boujerad, Amir Amhouder (alle eigene Jugend)<\/strong><\/li>\n<li><strong>Abg\u00e4nge: Marcus Paulik, Jonathan H\u00f6ser (beide SV Niedernhausen), Aljoscha Richter (Karriereende), Cord Beumer (FG Seckbach), Patrick Romisch, Bela Schuster (beide Fu\u00dfballpause), Fabrice Otero Matthaei (T\u00fcrk G\u00fcc\u00fc Friedberg).<\/strong><\/li>\n<li><strong>Favoriten: keine Angabe.<\/strong><\/li>\n<li><strong>Eigenes Ziel: Klassenerhalt.<\/strong><\/li>\n<\/ul>\n","protected":false},"excerpt":{"rendered":"<p>Nachdem Trainer Sascha Volk Ende letzter Saison aufgeh\u00f6rt hat und Teklu Tewelde kurzfristig zur\u00fcckgetreten ist, \u00fcbernimmt nun Lamine Kaiser das Traineramt bei den Bornheimern, unterst\u00fctzt vom spielenden Co-Trainer Tim Flie\u00df. Saisonziel f\u00fcr die verj\u00fcngte Mannschaft ist der Klassenerhalt. Nach den kurzfristigen Irritationen beim Traineramt muss sich die verj\u00fcngte Mannschaft der Bornheimer mit Trainer Lamine Kaiser [&hellip;]<\/p>\n","protected":false},"author":3,"featured_media":19965,"comment_status":"closed","ping_status":"open","sticky":true,"template":"","format":"standard","meta":{"footnotes":""},"categories":[10],"tags":[],"class_list":["post-19964","post","type-post","status-publish","format-standard","has-post-thumbnail","hentry","category-verbandsliga-sued"],"_links":{"self":[{"href":"https:\/\/insideamateurfussball-ffm.de\/index.php?rest_route=\/wp\/v2\/posts\/19964","targetHints":{"allow":["GET"]}}],"collection":[{"href":"https:\/\/insideamateurfussball-ffm.de\/index.php?rest_route=\/wp\/v2\/posts"}],"about":[{"href":"https:\/\/insideamateurfussball-ffm.de\/index.php?rest_route=\/wp\/v2\/types\/post"}],"author":[{"embeddable":true,"href":"https:\/\/insideamateurfussball-ffm.de\/index.php?rest_route=\/wp\/v2\/users\/3"}],"replies":[{"embeddable":true,"href":"https:\/\/insideamateurfussball-ffm.de\/index.php?rest_route=%2Fwp%2Fv2%2Fcomments&post=19964"}],"version-history":[{"count":5,"href":"https:\/\/insideamateurfussball-ffm.de\/index.php?rest_route=\/wp\/v2\/posts\/19964\/revisions"}],"predecessor-version":[{"id":20010,"href":"https:\/\/insideamateurfussball-ffm.de\/index.php?rest_route=\/wp\/v2\/posts\/19964\/revisions\/20010"}],"wp:featuredmedia":[{"embeddable":true,"href":"https:\/\/insideamateurfussball-ffm.de\/index.php?rest_route=\/wp\/v2\/media\/19965"}],"wp:attachment":[{"href":"https:\/\/insideamateurfussball-ffm.de\/index.php?rest_route=%2Fwp%2Fv2%2Fmedia&parent=19964"}],"wp:term":[{"taxonomy":"category","embeddable":true,"href":"https:\/\/insideamateurfussball-ffm.de\/index.php?rest_route=%2Fwp%2Fv2%2Fcategories&post=19964"},{"taxonomy":"post_tag","embeddable":true,"href":"https:\/\/insideamateurfussball-ffm.de\/index.php?rest_route=%2Fwp%2Fv2%2Ftags&post=19964"}],"curies":[{"name":"wp","href":"https:\/\/api.w.org\/{rel}","templated":true}]}}