{"id":19960,"date":"2024-07-20T18:19:19","date_gmt":"2024-07-20T16:19:19","guid":{"rendered":"https:\/\/insideamateurfussball-ffm.de\/?p=19960"},"modified":"2024-07-20T18:19:19","modified_gmt":"2024-07-20T16:19:19","slug":"fc-tempo-mehr-punkte-als-in-der-ersten-gruppenliga-saison","status":"publish","type":"post","link":"https:\/\/insideamateurfussball-ffm.de\/?p=19960","title":{"rendered":"FC Tempo: mehr Punkte als in der ersten Gruppenliga-Saison"},"content":{"rendered":"<h4>Der serbische Verein FC Tempo m\u00f6chte in seiner zweiten Gruppenliga-Saison mehr Punkte als in der letzten Saison einfahren. In seiner ersten Saison in der Gruppenliga landete der Aufsteiger mit 50 Punkten auf Platz 11 und konnte letztlich souver\u00e4n den Klassenerhalt feiern.<\/h4>\n<figure id=\"attachment_19961\" aria-describedby=\"caption-attachment-19961\" style=\"width: 2040px\" class=\"wp-caption alignnone\"><img loading=\"lazy\" decoding=\"async\" class=\"wp-image-19961 size-full\" src=\"http:\/\/insideamateurfussball-ffm.de\/wp-content\/uploads\/2024\/07\/Stadion-Woogwiese.jpg\" alt=\"\" width=\"2040\" height=\"1530\" srcset=\"https:\/\/insideamateurfussball-ffm.de\/wp-content\/uploads\/2024\/07\/Stadion-Woogwiese.jpg 2040w, https:\/\/insideamateurfussball-ffm.de\/wp-content\/uploads\/2024\/07\/Stadion-Woogwiese-300x225.jpg 300w, https:\/\/insideamateurfussball-ffm.de\/wp-content\/uploads\/2024\/07\/Stadion-Woogwiese-1024x768.jpg 1024w, https:\/\/insideamateurfussball-ffm.de\/wp-content\/uploads\/2024\/07\/Stadion-Woogwiese-768x576.jpg 768w, https:\/\/insideamateurfussball-ffm.de\/wp-content\/uploads\/2024\/07\/Stadion-Woogwiese-1536x1152.jpg 1536w\" sizes=\"auto, (max-width: 2040px) 100vw, 2040px\" \/><figcaption id=\"caption-attachment-19961\" class=\"wp-caption-text\">In seiner Heimst\u00e4tte in Ginnheim konnte der FC Tempo immer viele Zuschauer empfangen. Foto: PA.<\/figcaption><\/figure>\n<p><img loading=\"lazy\" decoding=\"async\" class=\"alignnone size-full wp-image-31\" src=\"http:\/\/insideamateurfussball-ffm.de\/wp-content\/uploads\/2021\/11\/Tempo.jpg\" alt=\"\" width=\"80\" height=\"80\" \/><\/p>\n<p>Der FC Tempo wird zuk\u00fcnftig von einem Trainer-Trio gecoacht, zu den bisherigen Trainern Nenad Malbasa und Vladimir Matijevic gesellt sich jetzt auch Nicola Jovanovic dazu, der fr\u00fcher bei Darmstadt 98 gespielt hat und einige Trainer bzw. Co-Trainer-Erfahrungen in Klassen ab 2.Bundesliga abw\u00e4rts gesammelt hat. Wie uns der Sportliche Leiter Zoran Marcetic mitteilte, freut sich der Club aus Ginnheim auf das neue Spieljahr und m\u00f6chte konstanter als im letzten Jahr mit weniger Startelf-Wechseln spielen.<\/p>\n<p>Der verein hat keine Abg\u00e4nge zu verzeichnen und stellt sich mit den 7 Neuzug\u00e4ngen breiter auf. Das erste Pflichtspiel ist das Kreispokal-Spiel beim B-Ligisten SC Wei\u00dfblau. Kurios ist der Start in die neue Gruppenliga-Saison, man spielt erneut ausw\u00e4rts bei der Spvgg. 03 Fechenheim, die man auch ausw\u00e4rts am letzten Spieltag der alten Saison mit 2:0 besiegen konnte. Danach folgt das Heimspiel gegen den FC Kalbach, ehe man am 3.Spieltag spielfrei ist, also ein Start gegen zwei selbst ernannte Favoriten.<\/p>\n<ul>\n<li><strong>Zug\u00e4nge: Mihajlo Krsmanovi\u0107 (1.FC 09 Oberstedten), Nemanja Peto\u0161 (SG Bornheim), Leonardo Kova\u010devi\u0107 (1.FC-TSG K\u00f6nigstein), Milos Mijatovi\u0107 (VFL Kassel), Aleksa Atanasovi\u0107 (SG Egelsbach), David Risti\u0107 (FC Tempo U19), Lazar Andelkovic (reaktiviert)<\/strong><\/li>\n<li><strong>Abg\u00e4nge: keine<\/strong><\/li>\n<li><strong>Favoriten: Spvgg. Fechenheim 03, FSV Friedrichsdorf, FC Kalbach, SV BKC Bosnien\/Herzegowina, FC\u00a0Karben<\/strong><\/li>\n<li><strong>Saisonziel: mehr Punkte wie im ersten Jahr<\/strong><\/li>\n<\/ul>\n","protected":false},"excerpt":{"rendered":"<p>Der serbische Verein FC Tempo m\u00f6chte in seiner zweiten Gruppenliga-Saison mehr Punkte als in der letzten Saison einfahren. In seiner ersten Saison in der Gruppenliga landete der Aufsteiger mit 50 Punkten auf Platz 11 und konnte letztlich souver\u00e4n den Klassenerhalt feiern. Der FC Tempo wird zuk\u00fcnftig von einem Trainer-Trio gecoacht, zu den bisherigen Trainern Nenad [&hellip;]<\/p>\n","protected":false},"author":3,"featured_media":19961,"comment_status":"closed","ping_status":"open","sticky":true,"template":"","format":"standard","meta":{"footnotes":""},"categories":[13],"tags":[],"class_list":["post-19960","post","type-post","status-publish","format-standard","has-post-thumbnail","hentry","category-gruppenliga-frankfurt-west"],"_links":{"self":[{"href":"https:\/\/insideamateurfussball-ffm.de\/index.php?rest_route=\/wp\/v2\/posts\/19960","targetHints":{"allow":["GET"]}}],"collection":[{"href":"https:\/\/insideamateurfussball-ffm.de\/index.php?rest_route=\/wp\/v2\/posts"}],"about":[{"href":"https:\/\/insideamateurfussball-ffm.de\/index.php?rest_route=\/wp\/v2\/types\/post"}],"author":[{"embeddable":true,"href":"https:\/\/insideamateurfussball-ffm.de\/index.php?rest_route=\/wp\/v2\/users\/3"}],"replies":[{"embeddable":true,"href":"https:\/\/insideamateurfussball-ffm.de\/index.php?rest_route=%2Fwp%2Fv2%2Fcomments&post=19960"}],"version-history":[{"count":2,"href":"https:\/\/insideamateurfussball-ffm.de\/index.php?rest_route=\/wp\/v2\/posts\/19960\/revisions"}],"predecessor-version":[{"id":19963,"href":"https:\/\/insideamateurfussball-ffm.de\/index.php?rest_route=\/wp\/v2\/posts\/19960\/revisions\/19963"}],"wp:featuredmedia":[{"embeddable":true,"href":"https:\/\/insideamateurfussball-ffm.de\/index.php?rest_route=\/wp\/v2\/media\/19961"}],"wp:attachment":[{"href":"https:\/\/insideamateurfussball-ffm.de\/index.php?rest_route=%2Fwp%2Fv2%2Fmedia&parent=19960"}],"wp:term":[{"taxonomy":"category","embeddable":true,"href":"https:\/\/insideamateurfussball-ffm.de\/index.php?rest_route=%2Fwp%2Fv2%2Fcategories&post=19960"},{"taxonomy":"post_tag","embeddable":true,"href":"https:\/\/insideamateurfussball-ffm.de\/index.php?rest_route=%2Fwp%2Fv2%2Ftags&post=19960"}],"curies":[{"name":"wp","href":"https:\/\/api.w.org\/{rel}","templated":true}]}}