{"id":19952,"date":"2024-07-20T14:50:22","date_gmt":"2024-07-20T12:50:22","guid":{"rendered":"https:\/\/insideamateurfussball-ffm.de\/?p=19952"},"modified":"2024-07-23T17:25:07","modified_gmt":"2024-07-23T15:25:07","slug":"fuer-speuzer-zaehlt-nur-der-klassenerhalt","status":"publish","type":"post","link":"https:\/\/insideamateurfussball-ffm.de\/?p=19952","title":{"rendered":"F\u00fcr Speuzer z\u00e4hlt nur der Klassenerhalt"},"content":{"rendered":"<h4>Nach der katastrophalen Saison mit nur 6 Punkten und dem Abstieg aus der Verbandsliga S\u00fcd steht der FFV Sportfreunde 04 wieder vor einem schwierigem Jahr, bei 14 Abg\u00e4ngen und 16 Zug\u00e4ngen muss die Mannschaft wieder komplett neu aufgebaut werden.\u00a0<\/h4>\n<figure id=\"attachment_19944\" aria-describedby=\"caption-attachment-19944\" style=\"width: 1089px\" class=\"wp-caption alignnone\"><img loading=\"lazy\" decoding=\"async\" class=\"wp-image-19944 size-full\" src=\"http:\/\/insideamateurfussball-ffm.de\/wp-content\/uploads\/2024\/07\/sp11-2.jpg\" alt=\"\" width=\"1089\" height=\"749\" srcset=\"https:\/\/insideamateurfussball-ffm.de\/wp-content\/uploads\/2024\/07\/sp11-2.jpg 1089w, https:\/\/insideamateurfussball-ffm.de\/wp-content\/uploads\/2024\/07\/sp11-2-300x206.jpg 300w, https:\/\/insideamateurfussball-ffm.de\/wp-content\/uploads\/2024\/07\/sp11-2-1024x704.jpg 1024w, https:\/\/insideamateurfussball-ffm.de\/wp-content\/uploads\/2024\/07\/sp11-2-768x528.jpg 768w\" sizes=\"auto, (max-width: 1089px) 100vw, 1089px\" \/><figcaption id=\"caption-attachment-19944\" class=\"wp-caption-text\">Trainer Ramzi Kallel muss erneut eine komplett neuformierte Mannschaft auf den Weg bringen. Foto: Mithat G\u00fcrser<\/figcaption><\/figure>\n<p><img loading=\"lazy\" decoding=\"async\" class=\"alignnone size-full wp-image-141\" src=\"http:\/\/insideamateurfussball-ffm.de\/wp-content\/uploads\/2022\/05\/Speuzer.jpg\" alt=\"\" width=\"80\" height=\"80\" \/><\/p>\n<p>Der Trainer der Speuzer, Ramzi Kallel, hat sich erneut bereiterkl\u00e4rt, einen kompletten Neuaufbau der Mannschaft anzugehen. Dass als Saisonziel der Klassenerhalt ausgegeben wird, ist bei 14 Abg\u00e4ngen und 15 Zug\u00e4ngen nur allzu verst\u00e4ndlich. Dabei kommen die Neuzug\u00e4nge haupts\u00e4chlich aus klassentieferen Vereinen und m\u00fcssen sich in der Gruppenliga erst einmal beweisen.<\/p>\n<p>Deshalb stehen die Sportfreunde vor einer ungewissen Zukunft, wie schnell gelingt es dem Trainer, aus den neuen und alten Spielern eine schlagkr\u00e4ftige Truppe zu formen? Im Kreispokal m\u00fcssen die Speuzer beim A-Ligisten SV 1894 Sachsenhausen antreten, in der Gruppenliga wartet ein schwieriges Startprogramm, nach dem Ausw\u00e4rtsspiel beim Aufsteiger FC Kaichen folgen die Spiele gegen den SV BKC Bosnien\/Herzegowina und den FC Karben.<\/p>\n<ul>\n<li><strong>Zug\u00e4nge: Sami Rachdi (VfB Offenbach), Xavio Colina (Spvgg. 03 Neu-Isenburg), Edom Yalew (TuS Makkabi), Nassim Petty (RW Frankfurt), Genki Yukinaga (SV Zeilsheim), Yuta Kawachi (1.FC-TSG K\u00f6nigstein), Sofian Yachiou (SG 28 Frankfurt), Anas El Makrini, Mohamed Douzi (beide SV Griesheim Tarik), Jose Ricardo Rubio (DJK Sparta B\u00fcrgel), Fatih Bilen, Alih Douh, Anas El Bojaddayni (alle FC Germ. Schwanheim), Sinan Polat (FSC Eschborn), Kamal Chahdi (VfR Kesselstadt), Sascha Maroldt (SC Goldstein).<\/strong><\/li>\n<li><strong>Abg\u00e4nge: Nino Vranesevic (FC Neu-Anspach), Imran Barkok (SV 1930 Steinfurt), Mohamed Mamay (FSC Eschborn), Souhail Benomar (Spvgg. 03 Neu-Isenburg), Mehdi Filali Baba (SV 1913 Niedernhausen), Rares Breazu (FV 1935 Stierstadt), Nanda Kyaw Htin (DJK SW Griesheim), Samuel Adu (FC Kalbach), Harijt Garha (SC Goldstein), Angel Ramiro Garces Tezada (SG 01 H\u00f6chst), Ibrahima Samb, Hui-mang Park, Daniel Dompas, Seni Facinet Sylla (alle unbekannt)<\/strong><\/li>\n<li><strong>Saisonziel: Klassenerhalt.<\/strong><\/li>\n<li><strong>Favoriten: FC Kalbach, SV Bosnien\/Herzegowina.<\/strong><\/li>\n<\/ul>\n\n\n<p><\/p>\n","protected":false},"excerpt":{"rendered":"<p>Nach der katastrophalen Saison mit nur 6 Punkten und dem Abstieg aus der Verbandsliga S\u00fcd steht der FFV Sportfreunde 04 wieder vor einem schwierigem Jahr, bei 14 Abg\u00e4ngen und 16 Zug\u00e4ngen muss die Mannschaft wieder komplett neu aufgebaut werden.\u00a0 Der Trainer der Speuzer, Ramzi Kallel, hat sich erneut bereiterkl\u00e4rt, einen kompletten Neuaufbau der Mannschaft anzugehen. [&hellip;]<\/p>\n","protected":false},"author":3,"featured_media":19944,"comment_status":"closed","ping_status":"open","sticky":true,"template":"","format":"standard","meta":{"footnotes":""},"categories":[13],"tags":[],"class_list":["post-19952","post","type-post","status-publish","format-standard","has-post-thumbnail","hentry","category-gruppenliga-frankfurt-west"],"_links":{"self":[{"href":"https:\/\/insideamateurfussball-ffm.de\/index.php?rest_route=\/wp\/v2\/posts\/19952","targetHints":{"allow":["GET"]}}],"collection":[{"href":"https:\/\/insideamateurfussball-ffm.de\/index.php?rest_route=\/wp\/v2\/posts"}],"about":[{"href":"https:\/\/insideamateurfussball-ffm.de\/index.php?rest_route=\/wp\/v2\/types\/post"}],"author":[{"embeddable":true,"href":"https:\/\/insideamateurfussball-ffm.de\/index.php?rest_route=\/wp\/v2\/users\/3"}],"replies":[{"embeddable":true,"href":"https:\/\/insideamateurfussball-ffm.de\/index.php?rest_route=%2Fwp%2Fv2%2Fcomments&post=19952"}],"version-history":[{"count":5,"href":"https:\/\/insideamateurfussball-ffm.de\/index.php?rest_route=\/wp\/v2\/posts\/19952\/revisions"}],"predecessor-version":[{"id":20014,"href":"https:\/\/insideamateurfussball-ffm.de\/index.php?rest_route=\/wp\/v2\/posts\/19952\/revisions\/20014"}],"wp:featuredmedia":[{"embeddable":true,"href":"https:\/\/insideamateurfussball-ffm.de\/index.php?rest_route=\/wp\/v2\/media\/19944"}],"wp:attachment":[{"href":"https:\/\/insideamateurfussball-ffm.de\/index.php?rest_route=%2Fwp%2Fv2%2Fmedia&parent=19952"}],"wp:term":[{"taxonomy":"category","embeddable":true,"href":"https:\/\/insideamateurfussball-ffm.de\/index.php?rest_route=%2Fwp%2Fv2%2Fcategories&post=19952"},{"taxonomy":"post_tag","embeddable":true,"href":"https:\/\/insideamateurfussball-ffm.de\/index.php?rest_route=%2Fwp%2Fv2%2Ftags&post=19952"}],"curies":[{"name":"wp","href":"https:\/\/api.w.org\/{rel}","templated":true}]}}