{"id":19920,"date":"2024-07-19T13:59:37","date_gmt":"2024-07-19T11:59:37","guid":{"rendered":"https:\/\/insideamateurfussball-ffm.de\/?p=19920"},"modified":"2024-07-19T15:00:58","modified_gmt":"2024-07-19T13:00:58","slug":"seckbach-moechte-vorne-mitspielen","status":"publish","type":"post","link":"https:\/\/insideamateurfussball-ffm.de\/?p=19920","title":{"rendered":"Seckbach m\u00f6chte vorne mitspielen"},"content":{"rendered":"<h4>Die FG Seckbach m\u00f6chte nach ihrem letztj\u00e4hrigen 10.Tabellenplatz, der durch einen starken Endspurt erzielt wurde, diesmal weiter oben mitspielen und peilt einen Platz unter den Top 6 an.<\/h4>\n<figure id=\"attachment_19921\" aria-describedby=\"caption-attachment-19921\" style=\"width: 2016px\" class=\"wp-caption alignnone\"><img loading=\"lazy\" decoding=\"async\" class=\"wp-image-19921 size-full\" src=\"http:\/\/insideamateurfussball-ffm.de\/wp-content\/uploads\/2024\/07\/Beumer-harada.jpg\" alt=\"\" width=\"2016\" height=\"1512\" srcset=\"https:\/\/insideamateurfussball-ffm.de\/wp-content\/uploads\/2024\/07\/Beumer-harada.jpg 2016w, https:\/\/insideamateurfussball-ffm.de\/wp-content\/uploads\/2024\/07\/Beumer-harada-300x225.jpg 300w, https:\/\/insideamateurfussball-ffm.de\/wp-content\/uploads\/2024\/07\/Beumer-harada-1024x768.jpg 1024w, https:\/\/insideamateurfussball-ffm.de\/wp-content\/uploads\/2024\/07\/Beumer-harada-768x576.jpg 768w, https:\/\/insideamateurfussball-ffm.de\/wp-content\/uploads\/2024\/07\/Beumer-harada-1536x1152.jpg 1536w\" sizes=\"auto, (max-width: 2016px) 100vw, 2016px\" \/><figcaption id=\"caption-attachment-19921\" class=\"wp-caption-text\">Cord Beumer (rechts) und Shuya Harada (links) sind zwei der Neuzug\u00e4nge der FG Seckbach. Foto: MZ<\/figcaption><\/figure>\n<p><img loading=\"lazy\" decoding=\"async\" class=\"alignnone size-full wp-image-544\" src=\"http:\/\/insideamateurfussball-ffm.de\/wp-content\/uploads\/2022\/06\/Seckbach.jpg\" alt=\"\" width=\"80\" height=\"80\" \/><\/p>\n<p>Die FG Seckbach hat sich f\u00fcr die neue Saison einiges vorgenommen und m\u00f6chte an den starken Schlussspurt der alten Saison anschlie\u00dfen, dies l\u00e4sst sich aus den Informationen ableiten, die uns der Spielausschuss-Vorsitzende Jo Nareike \u00fcbermittelte. Dabei helfen sollen 11 Neuzug\u00e4nge, w\u00e4hrend 5 Spieler als Abg\u00e4nge zu verzeichnen sind. Aufgrund eines Studiums in den USA verlassen die FG Nikolas Nareike und Yunus \u00d6zbek. W\u00e4hrend Jannis Weilandt eine Fu\u00dfballpause einlegt, wechselt Maximilian Waas nach Obertshausen, der Wechsel von Torwart Ben Kay Sch\u00e4fer wurde ja bereits fr\u00fch vom FC Karben bekanntgegeben.<\/p>\n<p>Neu zu den Seckbachern sto\u00dfen Shuya Harada aus Japan, Adnan Allali vom ersten Pokalgegner Viktoria Preu\u00dfen, Amin Asli von der Spvgg. 05 Oberrad und Johannes Wooning vom FV Neuenhain, w\u00e4hrend Cord Beumer vom Nachbarn SG Bornheim kommt. Das Torwartgespann erweitert Tim Milz vom FV 1920 Hausen und Hendrik Horvatinovic kehrt aus Hamburg zur\u00fcck. Aus der eigenen 1b werden Theo Geissler, Frederik Bl\u00fcmm, Johannes St\u00fcbbe und Kerim Dikkaya hochgezogen.<\/p>\n<p>Als Favoriten in der Gruppenliga sehen die Seckbacher den SV BKC Bosnien\/Herzegowina, die Spvgg. 05 Oberrad und den FC Kalbach, als eigenes Saisonziel wird Platz 1-6 angestrebt.<\/p>\n<p>In einem Testspiel bezwangen die Seckbacher gestern Abend den Verbandsligisten SC Dortelweil mit 3:2, nach einer 2:0-F\u00fchrung durch Bo Lockl und Adnan Allali in der ersten Halbzeit konnten die Dortelweiler in der zweiten H\u00e4lfte durch Dominik Steffen und Marvin Strenger ausgleichen, ehe Seckbachs Goalgetter Florian Schuberth in der 90.Minute den 3:2-Siegtreffer erzielen konnte, f\u00fcr Spielertrainer Manuel May ein gelungener Test.<\/p>\n<p>Nach dem Pokalspiel bei SV Viktoria Preu\u00dfen warten auf die Seckbacher am Anfang der Saison gleich drei Stadtderbys, nach dem Spiel bei der Spvgg. 05 Oberrad folgen die Spiele gegen die Spvgg. 03 Fechenheim und den FC Kalbach.<\/p>\n<ul>\n<li><strong>Zug\u00e4nge: Shuya Harada (Japan), Adnan Allali (Viktoria Preussen) Amin Asli (Spvgg. Oberrad), Johannes Wooning (FV Neuenhain), Cord Beumer (SG Bornheim), Tim Milz (FV Hausen), Hendrik Horvatinovic (R\u00fcckkehr aus Hamburg),Theo Geissler, Frederik Bl\u00fcmm, Johannes St\u00fcbbe, Kerim Dikkaya (alle eigene 1b)<\/strong><\/li>\n<li><strong>Abg\u00e4nge: Maximilian Waas (Obertshausen), Jannis Wendlandt (pausiert), Nikolas Nareike (Studium USA). Yunus \u00d6zbek (Studium USA), Ben Sch\u00e4fer (FC Karben)<\/strong><\/li>\n<li><strong>Favoriten: SV BKC Bosnien\/Herzegowina, Spvgg. 05 Oberrad, FC Kalbach<\/strong><\/li>\n<li><strong>Eigene Zielsetzung: Platz\u00a01-6<\/strong><\/li>\n<\/ul>\n","protected":false},"excerpt":{"rendered":"<p>Die FG Seckbach m\u00f6chte nach ihrem letztj\u00e4hrigen 10.Tabellenplatz, der durch einen starken Endspurt erzielt wurde, diesmal weiter oben mitspielen und peilt einen Platz unter den Top 6 an. Die FG Seckbach hat sich f\u00fcr die neue Saison einiges vorgenommen und m\u00f6chte an den starken Schlussspurt der alten Saison anschlie\u00dfen, dies l\u00e4sst sich aus den Informationen [&hellip;]<\/p>\n","protected":false},"author":3,"featured_media":19921,"comment_status":"open","ping_status":"open","sticky":true,"template":"","format":"standard","meta":{"footnotes":""},"categories":[13],"tags":[],"class_list":["post-19920","post","type-post","status-publish","format-standard","has-post-thumbnail","hentry","category-gruppenliga-frankfurt-west"],"_links":{"self":[{"href":"https:\/\/insideamateurfussball-ffm.de\/index.php?rest_route=\/wp\/v2\/posts\/19920","targetHints":{"allow":["GET"]}}],"collection":[{"href":"https:\/\/insideamateurfussball-ffm.de\/index.php?rest_route=\/wp\/v2\/posts"}],"about":[{"href":"https:\/\/insideamateurfussball-ffm.de\/index.php?rest_route=\/wp\/v2\/types\/post"}],"author":[{"embeddable":true,"href":"https:\/\/insideamateurfussball-ffm.de\/index.php?rest_route=\/wp\/v2\/users\/3"}],"replies":[{"embeddable":true,"href":"https:\/\/insideamateurfussball-ffm.de\/index.php?rest_route=%2Fwp%2Fv2%2Fcomments&post=19920"}],"version-history":[{"count":7,"href":"https:\/\/insideamateurfussball-ffm.de\/index.php?rest_route=\/wp\/v2\/posts\/19920\/revisions"}],"predecessor-version":[{"id":19951,"href":"https:\/\/insideamateurfussball-ffm.de\/index.php?rest_route=\/wp\/v2\/posts\/19920\/revisions\/19951"}],"wp:featuredmedia":[{"embeddable":true,"href":"https:\/\/insideamateurfussball-ffm.de\/index.php?rest_route=\/wp\/v2\/media\/19921"}],"wp:attachment":[{"href":"https:\/\/insideamateurfussball-ffm.de\/index.php?rest_route=%2Fwp%2Fv2%2Fmedia&parent=19920"}],"wp:term":[{"taxonomy":"category","embeddable":true,"href":"https:\/\/insideamateurfussball-ffm.de\/index.php?rest_route=%2Fwp%2Fv2%2Fcategories&post=19920"},{"taxonomy":"post_tag","embeddable":true,"href":"https:\/\/insideamateurfussball-ffm.de\/index.php?rest_route=%2Fwp%2Fv2%2Ftags&post=19920"}],"curies":[{"name":"wp","href":"https:\/\/api.w.org\/{rel}","templated":true}]}}