{"id":19910,"date":"2024-07-18T15:34:06","date_gmt":"2024-07-18T13:34:06","guid":{"rendered":"https:\/\/insideamateurfussball-ffm.de\/?p=19910"},"modified":"2024-07-19T14:09:08","modified_gmt":"2024-07-19T12:09:08","slug":"fechenheim-will-mit-top-transfer-unter-die-ersten-6","status":"publish","type":"post","link":"https:\/\/insideamateurfussball-ffm.de\/?p=19910","title":{"rendered":"Fechenheim will mit Top-Transfer unter die ersten 6"},"content":{"rendered":"<h4>Die Spvgg. 03 Fechenheim m\u00f6chte das letzte Jahr vergessen machen, das man mit gro\u00dfen Ambitionen angegangen war, aber nach f\u00fcnf Niederlagen am Anfang der Saison musste man lange zittern. Nur zwei Abg\u00e4ngen stehen insgesamt 9 Neuzug\u00e4nge gegen\u00fcber, mit dem neuen erweiterten Kader hofft man, einen Platz in den Top 6 erreichen zu k\u00f6nnen.<\/h4>\n<figure id=\"attachment_19911\" aria-describedby=\"caption-attachment-19911\" style=\"width: 2000px\" class=\"wp-caption alignnone\"><img loading=\"lazy\" decoding=\"async\" class=\"wp-image-19911 size-full\" src=\"http:\/\/insideamateurfussball-ffm.de\/wp-content\/uploads\/2024\/07\/Casalino.jpg\" alt=\"\" width=\"2000\" height=\"1333\" srcset=\"https:\/\/insideamateurfussball-ffm.de\/wp-content\/uploads\/2024\/07\/Casalino.jpg 2000w, https:\/\/insideamateurfussball-ffm.de\/wp-content\/uploads\/2024\/07\/Casalino-300x200.jpg 300w, https:\/\/insideamateurfussball-ffm.de\/wp-content\/uploads\/2024\/07\/Casalino-1024x682.jpg 1024w, https:\/\/insideamateurfussball-ffm.de\/wp-content\/uploads\/2024\/07\/Casalino-768x512.jpg 768w, https:\/\/insideamateurfussball-ffm.de\/wp-content\/uploads\/2024\/07\/Casalino-1536x1024.jpg 1536w\" sizes=\"auto, (max-width: 2000px) 100vw, 2000px\" \/><figcaption id=\"caption-attachment-19911\" class=\"wp-caption-text\">Hier unterschreibt gerade &#8222;K\u00f6nigstransfer&#8220; Felix Casalino bei der Spvgg. 03 Fechenheim. Foto: Facebook Fechenheim<\/figcaption><\/figure>\n<p><img loading=\"lazy\" decoding=\"async\" class=\"alignnone size-full wp-image-603\" src=\"http:\/\/insideamateurfussball-ffm.de\/wp-content\/uploads\/2022\/06\/Fech03.jpg\" alt=\"\" width=\"52\" height=\"80\" \/><\/p>\n<p>Die Spvgg. 03 Fechenheim belegte im vergangenen Jahr mit 49 Punkten den 12.Tabellenplatz, lange musste man zittern, nicht auf dem 13.Tabellenplatz zu landen, der bis zum letzten Spieltag als Relegationsplatz drohte. Aber mit einem guten Zwischenspurt sicherte sich die Mannschaft den Klassenerhalt. F\u00fcr das neue Jahr sieht man sich mit neun Neuzug\u00e4ngen und nur zwei Abg\u00e4ngen sowohl in der Breite als auch in der Qualit\u00e4t gut aufgestellt.<\/p>\n<p>Wie uns der Sportliche Leiter Simon Reschke mitteilte, gibt es mit Thomas Schmidt Isermann, der zum FC Karben wechselt, und Athanasios Tsifilis, der vor einem Auslandsaufenthalt steht, zwei Abg\u00e4nge.<\/p>\n<p>Aus K\u00f6nigstein kommen Anas El Allaoui (offensives Mittelfeld) und Ibrahim Camara (Rechtsverteidiger) an die Birsteiner Stra\u00dfe, vom KOL-Aufsteiger BSC SW 1919 kommt St\u00fcrmer Yassin Chaouki, der in der Kreisliga A 55 Tore erzielte. Aus Ober-Erlenbach kommend erg\u00e4nzt Ayoub Marzak das Torh\u00fcter-Gespann. Vom Gruppenliga-Absteiger FC Olympia Fauerbach kommt St\u00fcrmer Dominique Ware, w\u00e4hrend Linksau\u00dfen Giovanbatista Pedace nach einj\u00e4hriger Abwesenheit von der DJK Sportfreunde Bad Homburg zur\u00fcckkehrt. Rechtsau\u00dfen Yassine Koubaa vom FV 1920 Hausen und der zentrale Mittelfeldspieler Pompeo de Angelis vom FC Eschborn sind die weiteren Neuzug\u00e4nge.<\/p>\n<h3>Felix Casalino als Top-Transfer<\/h3>\n<p>Als \u201eK\u00f6nigstransfer\u201c k\u00fcndigte Fechenheim in einem Facebook-Post auf ihrem Kanal den Zugang Felix Casalino an, der aus der Oberliga Westfalen von der SG Wattenscheid 09 kommt. Casalino bringt die Erfahrung von 22 Spielen in der Regionalliga West und 114 Spielen in der Oberliga Westfalen mit und soll eine F\u00fchrungsrolle im Team \u00fcbernehmen. Der Spieler ist vielen \u00fcber Social Media bekannt, beinahe 1 Million Follower bei TikTok, Instagram &amp; YouTube sprechen f\u00fcr seine Bekanntheit.<\/p>\n<p>\u201eNat\u00fcrlich gab es auch Angebote von h\u00f6herklassigen Vereinen, aber das Konzept des Vereins, als auch die vielen positiven Gespr\u00e4che, neben der tollen Sportanlage, konnten mich \u00fcberzeugen.&#8220;, so wird Felix Casalino im Facebook-Post zitiert. Hintergrund des Umzuges nach Frankfurt ist der Wechsel seiner Freundin Elisa Sen\u00df, die Nationalspielerin ist neu bei Eintracht Frankfurt und Casalino wollte deshalb mit in die Mainmetropole.<\/p>\n<p>Als Saisonziel m\u00f6chten die Fechenheimer unter den ersten 6 landen, als Favoriten sieht man den FC Kalbach, den SV BKC Bosnien\/Herzegowina und den FSV Friedrichsdorf.<\/p>\n<p>Die Fechenheimer starten am 26.07. mit dem Kreispokalspiel bei er SG Union Niederrad, erster Gegner in der Gruppenliga ist der FC Tempo, gegen den man am letzten Spieltag der letzten Saison mit 0:2 unterlag.<\/p>\n<ul>\n<li><strong>Zug\u00e4nge: Anas El Allaoui und Ibrahim Camara vom 1.FC-TSG K\u00f6nigstein, Yassin Chaouki von BSC SW 19, Ayoub Marzak von der SG Ober Erlenbach, Dominique Ware vom FC Olympia Feuerbach, Giovanni Pedace von den DJK Sportfreunden Bad Homburg, Yassine Koubaa vom FV 1920 Hausen, Pompeo de Angelis vom FC Eschborn und Felix Casalino von der SG Wattenscheid<\/strong><\/li>\n<li><strong>Abg\u00e4nge: Thomas Schmidt Isermann zu FC Karben, Athanasios Tsifilis Auslandsaufenthalt<\/strong><\/li>\n<li><strong>Saisonziel: unter den ersten\u00a06<\/strong><\/li>\n<li><strong>Favoriten: SV BKC Bosnien\/Herzegowina, FC Kalbach, FSV Friedrichsdorf<\/strong><\/li>\n<\/ul>\n","protected":false},"excerpt":{"rendered":"<p>Die Spvgg. 03 Fechenheim m\u00f6chte das letzte Jahr vergessen machen, das man mit gro\u00dfen Ambitionen angegangen war, aber nach f\u00fcnf Niederlagen am Anfang der Saison musste man lange zittern. Nur zwei Abg\u00e4ngen stehen insgesamt 9 Neuzug\u00e4nge gegen\u00fcber, mit dem neuen erweiterten Kader hofft man, einen Platz in den Top 6 erreichen zu k\u00f6nnen. Die Spvgg. [&hellip;]<\/p>\n","protected":false},"author":3,"featured_media":19911,"comment_status":"open","ping_status":"open","sticky":true,"template":"","format":"standard","meta":{"footnotes":""},"categories":[13],"tags":[],"class_list":["post-19910","post","type-post","status-publish","format-standard","has-post-thumbnail","hentry","category-gruppenliga-frankfurt-west"],"_links":{"self":[{"href":"https:\/\/insideamateurfussball-ffm.de\/index.php?rest_route=\/wp\/v2\/posts\/19910","targetHints":{"allow":["GET"]}}],"collection":[{"href":"https:\/\/insideamateurfussball-ffm.de\/index.php?rest_route=\/wp\/v2\/posts"}],"about":[{"href":"https:\/\/insideamateurfussball-ffm.de\/index.php?rest_route=\/wp\/v2\/types\/post"}],"author":[{"embeddable":true,"href":"https:\/\/insideamateurfussball-ffm.de\/index.php?rest_route=\/wp\/v2\/users\/3"}],"replies":[{"embeddable":true,"href":"https:\/\/insideamateurfussball-ffm.de\/index.php?rest_route=%2Fwp%2Fv2%2Fcomments&post=19910"}],"version-history":[{"count":10,"href":"https:\/\/insideamateurfussball-ffm.de\/index.php?rest_route=\/wp\/v2\/posts\/19910\/revisions"}],"predecessor-version":[{"id":19932,"href":"https:\/\/insideamateurfussball-ffm.de\/index.php?rest_route=\/wp\/v2\/posts\/19910\/revisions\/19932"}],"wp:featuredmedia":[{"embeddable":true,"href":"https:\/\/insideamateurfussball-ffm.de\/index.php?rest_route=\/wp\/v2\/media\/19911"}],"wp:attachment":[{"href":"https:\/\/insideamateurfussball-ffm.de\/index.php?rest_route=%2Fwp%2Fv2%2Fmedia&parent=19910"}],"wp:term":[{"taxonomy":"category","embeddable":true,"href":"https:\/\/insideamateurfussball-ffm.de\/index.php?rest_route=%2Fwp%2Fv2%2Fcategories&post=19910"},{"taxonomy":"post_tag","embeddable":true,"href":"https:\/\/insideamateurfussball-ffm.de\/index.php?rest_route=%2Fwp%2Fv2%2Ftags&post=19910"}],"curies":[{"name":"wp","href":"https:\/\/api.w.org\/{rel}","templated":true}]}}