{"id":19908,"date":"2024-07-18T15:01:08","date_gmt":"2024-07-18T13:01:08","guid":{"rendered":"https:\/\/insideamateurfussball-ffm.de\/?p=19908"},"modified":"2024-07-18T15:01:08","modified_gmt":"2024-07-18T13:01:08","slug":"grosse-fluktuation-bei-viktoria-preussen","status":"publish","type":"post","link":"https:\/\/insideamateurfussball-ffm.de\/?p=19908","title":{"rendered":"Gro\u00dfe Fluktuation bei Viktoria Preu\u00dfen"},"content":{"rendered":"<h5><span style=\"font-size: 16px;\">Nach dem verpassten Aufstieg geht Kreisoberliga-Vizemeister SV Viktoria Preu\u00dfen mit neuem Trainer und einem runderneuerten Kader in die n\u00e4chste Saison. Der Qualit\u00e4tsverlust durch 18 Abg\u00e4nge ist enorm und kann von den 20 Zug\u00e4ngen wohl nicht kompensiert werden. Deswegen gibt der Fu\u00dfball-Abteilungsleiter Thomas Mahlau einen einstelligen Tabellenplatz als Saisonziel an.\u00a0<\/span><span style=\"font-size: 16px;\"><\/span><\/h5>\n<figure id=\"attachment_19709\" aria-describedby=\"caption-attachment-19709\" style=\"width: 649px\" class=\"wp-caption alignleft\"><img loading=\"lazy\" decoding=\"async\" class=\"wp-image-19709\" src=\"http:\/\/insideamateurfussball-ffm.de\/wp-content\/uploads\/2024\/06\/Caput-768x1024.jpg\" alt=\"\" width=\"649\" height=\"865\" srcset=\"https:\/\/insideamateurfussball-ffm.de\/wp-content\/uploads\/2024\/06\/Caput-768x1024.jpg 768w, https:\/\/insideamateurfussball-ffm.de\/wp-content\/uploads\/2024\/06\/Caput-225x300.jpg 225w, https:\/\/insideamateurfussball-ffm.de\/wp-content\/uploads\/2024\/06\/Caput-1152x1536.jpg 1152w, https:\/\/insideamateurfussball-ffm.de\/wp-content\/uploads\/2024\/06\/Caput.jpg 1536w\" sizes=\"auto, (max-width: 649px) 100vw, 649px\" \/><figcaption id=\"caption-attachment-19709\" class=\"wp-caption-text\">Fu\u00dfball-Abteilungsleiter Thomas Mahlau (links) mit dem neuen Trainer Cem Caput (Mitte) und dem Vorsitzenden Uwe Henss. Foto: Verein.\u00a0 \u00a0 \u00a0\u00a0<\/figcaption><\/figure>\n<p><img loading=\"lazy\" decoding=\"async\" class=\"alignnone size-full wp-image-12\" src=\"http:\/\/insideamateurfussball-ffm.de\/wp-content\/uploads\/2021\/11\/preussen.jpg\" alt=\"\" width=\"72\" height=\"80\" \/><\/p>\n<p><span style=\"font-size: 16px;\">Der SV Viktoria Preu\u00dfen spielte eine starke Saison, die Kr\u00f6nung durch den angestrebten Aufstieg blieb der Mannschaft aber versagt. Von Beginn an setzten sich die M\u00e4nner von Trainer Artur Rissling in der Spitzengruppe fest, gewannen im Herbst das direkte Duell gegen den seinerzeit f\u00fchrenden FC Croatia und gingen als Tabellenf\u00fchrer in die Winterpause. <\/span><\/p>\n<p><span style=\"font-size: 16px;\">Im neuen Jahr blieb man zun\u00e4chst an der Spitze, verlor aber das entscheidende Duell gegen den sp\u00e4teren Meister TSKV T\u00fcrkg\u00fcc\u00fc und musste in die Relegation.<\/span><\/p>\n<ul>\n<li><strong><span style=\"font-size: 16px;\">Torj\u00e4ger Gomez de Nobrega kommt mit der Empfehlung von 36 Toren f\u00fcr die SG Riederwald in der B-Klasse<\/span><\/strong><\/li>\n<\/ul>\n<p><span style=\"font-size: 16px;\">In diese starteten die Eckenheimer zwar mit vier Punkten, verloren aber das finale Spiel beim FV Bad Vilbel deutlich mit 1:5. Nach dem Ende der Rissling-\u00c4ra, der genauso wie die Topspieler Giuliano Amante und Oskar Copik zum ambitionierten A-Ligisten SV Niederursel gewechselt ist und dem kurzfristigen Abgang der Willef\u00fchr-Br\u00fcder Cherano und Antonie zum Gruppenligisten T\u00fcrkischer SV Bad Nauheim muss der neue Trainer Cem Caput eine neue Formation finden, die in der Kreisoberliga im gesicherten Mittelfeld landen soll. Der bisherige Torh\u00fcter Oliver Copik hat aufgeh\u00f6rt und soll von Pap Assan Njie von TuS Makkabi ersetzt werden. Die weiteren Zug\u00e4nge kommen \u00fcberwiegend aus unteren Klassen oder von Jugendteams. <\/span><\/p>\n<p><span style=\"font-size: 16px;\">Der verpflichtete Torj\u00e4ger Yoser Alexander Gomez de Nobrega hat Potenzial, spielte aber bei der SG Riederwald in der Kreisliga B, wo ihm 36 Tore gelangen. Caput, der die Kreisoberliga aus seiner Zeit bei der Spvgg. 03 Fechenheim kennt, mit der er in der Saison 2017\/18 Meister wurde und in die Gruppenliga aufstieg, muss viel Geduld mitbringen, um aus diesem Kader ein wettbewerbsf\u00e4higes Team zu bilden. Der Coach bringt aber den n\u00f6tigen Enthusiasmus mit, um diese Herausforderung anzunehmen und zu meistern. Ein solider Tabellenplatz im Mittelfeld des Klassements sollte damit erreicht werden. Als Topfavoriten sieht Mahlau indes den sich enorm verst\u00e4rkenden FC Kosova. Der erste H\u00e4rtetest wird das Erstrundenspiel im Kreispokal gegen Gruppenligist FG Seckbach am 28. Juli sein. Am ersten KOL-Spieltag sind die Preu\u00dfen spielfrei und starten somit erst am 11. August in die Saison.\u00a0<\/span><\/p>\n<ul>\n<li><span style=\"font-size: 16px;\"><strong>Zug\u00e4nge: Pap Assan Njie, Atahan K\u00fcc\u00fck (beide TuS Makkabi), Oussama Challal El Haddoudi, Youssef Khader, Yoser Alexander Gomez de Nobrega, Dilyet Yemane Ghebru (alle SG Riederwald), Zakaria Argham (JFV Oberursel), Ilija Cvrlja (Concordia Eschersheim), Emilio Ionut Gheorghe (SG Bornheim\/Gr\u00fcn-Wei\u00df U19), Reym Leul (TSG Nieder-Erlenbach), Tim Carl Paulick (SV L\u00fcbben\/Brandenburg), Yassin Wodatalla (SV Sachsenhausen), Steve Heller (DJK SSG Darmstadt), Imran Akil (FC Neu-Anspach), Muhammet Kalkisim (VfR Bockenheim), Noah Cebaqueba Bangura (Spvgg. 03 Neu-Isenburg), Noel Yosef (SV Bonames), Angelo di Falco (FSV Bergen), Jan Baumann, Suhaib Chair (eigene A-Jugend).\u00a0<\/strong><\/span><\/li>\n<li><span style=\"font-size: 16px;\"><strong>Abg\u00e4nge: Kevin Omowe (FC Kickers Viktoria M\u00fchlheim), Mauro Villa Quilumbagui (FFC Olympia 07), Oskar Copik, Giuliano Amante (beide SV Niederursel), Adnan Allali (FG Seckbach), Ali Matmati, Mohamed Daoudi (beide Spvgg. 02 Griesheim), Kadir Mengunogul (Spvgg. 05\/Bomber 99 Bad Homburg), Enes Ibis (SC Riedberg), David Knezevic, Jonatha Raemer, Marko Katic (alle FC Croatia), Fabian Ullrich (Germania Ginnheim), Antonie Willef\u00fchr, Cherano Willef\u00fchr (beide T\u00fcrkischer SV Bad Nauheim), Kristjan Kolaric, Oliver Copik, Daniel Wolf (alle Ziel unbekannt).\u00a0<\/strong><\/span><\/li>\n<li><span style=\"font-size: 16px;\"><strong>Trainer: Cem Caput f\u00fcr Artur Rissling. <\/strong><\/span><\/li>\n<li><span style=\"font-size: 16px;\"><strong>Favorit: FC Kosova.\u00a0<\/strong><\/span><\/li>\n<li><span style=\"font-size: 16px;\"><strong>Saisonziel: Einstelliger Tabellenplatz.\u00a0 <\/strong>\u00a0 \u00a0<\/span><\/li>\n<\/ul>\n","protected":false},"excerpt":{"rendered":"<p>Nach dem verpassten Aufstieg geht Kreisoberliga-Vizemeister SV Viktoria Preu\u00dfen mit neuem Trainer und einem runderneuerten Kader in die n\u00e4chste Saison. Der Qualit\u00e4tsverlust durch 18 Abg\u00e4nge ist enorm und kann von den 20 Zug\u00e4ngen wohl nicht kompensiert werden. Deswegen gibt der Fu\u00dfball-Abteilungsleiter Thomas Mahlau einen einstelligen Tabellenplatz als Saisonziel an.\u00a0 Der SV Viktoria Preu\u00dfen spielte eine [&hellip;]<\/p>\n","protected":false},"author":1,"featured_media":19709,"comment_status":"open","ping_status":"open","sticky":true,"template":"","format":"standard","meta":{"footnotes":""},"categories":[2],"tags":[],"class_list":["post-19908","post","type-post","status-publish","format-standard","has-post-thumbnail","hentry","category-kreisoberliga-frankfurt"],"_links":{"self":[{"href":"https:\/\/insideamateurfussball-ffm.de\/index.php?rest_route=\/wp\/v2\/posts\/19908","targetHints":{"allow":["GET"]}}],"collection":[{"href":"https:\/\/insideamateurfussball-ffm.de\/index.php?rest_route=\/wp\/v2\/posts"}],"about":[{"href":"https:\/\/insideamateurfussball-ffm.de\/index.php?rest_route=\/wp\/v2\/types\/post"}],"author":[{"embeddable":true,"href":"https:\/\/insideamateurfussball-ffm.de\/index.php?rest_route=\/wp\/v2\/users\/1"}],"replies":[{"embeddable":true,"href":"https:\/\/insideamateurfussball-ffm.de\/index.php?rest_route=%2Fwp%2Fv2%2Fcomments&post=19908"}],"version-history":[{"count":1,"href":"https:\/\/insideamateurfussball-ffm.de\/index.php?rest_route=\/wp\/v2\/posts\/19908\/revisions"}],"predecessor-version":[{"id":19909,"href":"https:\/\/insideamateurfussball-ffm.de\/index.php?rest_route=\/wp\/v2\/posts\/19908\/revisions\/19909"}],"wp:featuredmedia":[{"embeddable":true,"href":"https:\/\/insideamateurfussball-ffm.de\/index.php?rest_route=\/wp\/v2\/media\/19709"}],"wp:attachment":[{"href":"https:\/\/insideamateurfussball-ffm.de\/index.php?rest_route=%2Fwp%2Fv2%2Fmedia&parent=19908"}],"wp:term":[{"taxonomy":"category","embeddable":true,"href":"https:\/\/insideamateurfussball-ffm.de\/index.php?rest_route=%2Fwp%2Fv2%2Fcategories&post=19908"},{"taxonomy":"post_tag","embeddable":true,"href":"https:\/\/insideamateurfussball-ffm.de\/index.php?rest_route=%2Fwp%2Fv2%2Ftags&post=19908"}],"curies":[{"name":"wp","href":"https:\/\/api.w.org\/{rel}","templated":true}]}}