{"id":19893,"date":"2024-07-16T23:02:33","date_gmt":"2024-07-16T21:02:33","guid":{"rendered":"https:\/\/insideamateurfussball-ffm.de\/?p=19893"},"modified":"2024-07-23T17:41:50","modified_gmt":"2024-07-23T15:41:50","slug":"kalbach-will-wieder-gute-saison-spielen","status":"publish","type":"post","link":"https:\/\/insideamateurfussball-ffm.de\/?p=19893","title":{"rendered":"Kalbach will wieder gute Saison spielen"},"content":{"rendered":"<h5><span style=\"font-size: 16px;\">Nach Platz zwei in der Vorsaison und dem Scheitern im Relegationsfinale gegen den VfR Gro\u00df-Gerau (2:4) will der FC Kalbach in der Gruppenliga Frankfurt West wieder eine gute Runde spielen.\u00a0<\/span><\/h5>\n<figure id=\"attachment_19894\" aria-describedby=\"caption-attachment-19894\" style=\"width: 150px\" class=\"wp-caption alignleft\"><img loading=\"lazy\" decoding=\"async\" class=\"wp-image-19894 size-thumbnail\" src=\"http:\/\/insideamateurfussball-ffm.de\/wp-content\/uploads\/2024\/07\/DSC_4524-150x150.jpg\" alt=\"\" width=\"150\" height=\"150\" \/><figcaption id=\"caption-attachment-19894\" class=\"wp-caption-text\">Kalbachs Trainer Aaz-Dine Zarioh. Foto: Archiv J\u00f6rg Schulz.<\/figcaption><\/figure>\n<p><img loading=\"lazy\" decoding=\"async\" class=\"alignnone size-full wp-image-16\" src=\"http:\/\/insideamateurfussball-ffm.de\/wp-content\/uploads\/2021\/11\/kalbach-wappen.jpg\" alt=\"\" width=\"80\" height=\"80\" \/><\/p>\n<p><span style=\"font-size: 16px;\">Daf\u00fcr hat der Verein vom Hopfenbrunnen im dritten Gruppenliga-Jahr in Folge bislang sechs neue Spieler verpflichtet. Darunter ist mit Anthony Wade ein 38-j\u00e4hriger Routinier, der zuletzt f\u00fcr Ligakonkurrent FC Neu-Anspach spielte, aber \u00fcber die Erfahrung von \u00fcber 300 Spielen in der Hessenliga und der Regionalliga S\u00fcdwest verf\u00fcgt. Ebenfalls f\u00fcr den Angriff wurde Ihab Suleiman vom Kreisoberliga-Aufsteiger BSC Schwarz-Wei\u00df 19 geholt, der in der A-Klasse mit 34 Toren auf sich aufmerksam machte. Weitere Neuzug\u00e4nge sind Danilo Pantic (FV Bad Vilbel), Jonas L\u00f6ffler (1. FC-TSG K\u00f6nigstein) und Celil Cetinkaya (FC Neu-Anspach). <\/span><\/p>\n<p><span style=\"font-size: 16px;\">Vom Verbandsliga-Absteiger FFV Sportfreunde 04 kehrt nach einer Saison Samuel Adu nach Kalbach zur\u00fcck. Verlassen haben den Verein in Richtung Verbandsliga S\u00fcd Marc Janke (SG Bornheim\/Gr\u00fcn-Wei\u00df) und Bennet Batton (SC Dortelweil). &#8222;Der Verlust von Marc Janke wird uns weh tun&#8220;, bekennt Trainer Aaz-Dine Zarioh. Au\u00dferdem nicht mehr dabei sind Irgi Zeneli (Ziel unbekannt), Alexander Willis (DJK Sportfreunde Bad Homburg II), Joel Ogrodnik (zur\u00fcck zu TuS Makkabi) und Nftalim Tsegai (BSC Schwarz-Wei\u00df 19). Nach dem Gewinn des Kreispokals startet der FC Kalbach in der 1. Runde des Hessen-Pokals und bekam den FC Bayern Alzenau aus der Hessenliga zugelost.<\/span><\/p>\n<ul>\n<li><strong><span style=\"font-size: 16px;\">Keine Spielm\u00f6glichkeit mehr f\u00fcr Reservisten durch abgemeldete Zweite Mannschaft<\/span><\/strong><\/li>\n<\/ul>\n<p><span style=\"font-size: 16px;\">F\u00fcr den Ligastart mit einem Heimspiel gegen den FV Bad Vilbel (4. August) ist Zarioh, der nach dem verpassten Aufstieg in die Verbandsliga S\u00fcd wieder fr\u00fch mit dem Training begann, optimistisch: &#8222;Wir wollen wieder eine gute Saison spielen und der Rest wird sich selbst ergeben.&#8220; Als Co-Trainer stehen Zarioh neben Lukas H\u00f6ll, der im Relegationsspiel gegen den VfR Fehlheim (7:2 nach Verl\u00e4ngerung) spielte und sogar traf und Dennis Blum zur Verf\u00fcgung, der gegen Fehlheim eingewechselt wurde und zwei Tore vorbereitete. Der bisher zum Trainerstab z\u00e4hlende Eloy Merens hat sein Amt niedergelegt. Verzichten muss Zarioh k\u00fcnftig auf den Unterbau der 2. Mannschaft, die mangels Personal aus der B-Klasse abgemeldet wurde. <\/span><\/p>\n<p><span style=\"font-size: 16px;\">Einhergehend damit k\u00f6nnen Reservisten keine Spielm\u00f6glichkeit mehr gew\u00e4hrt werden, es sei denn sie wollen im SOMA-Team mit kicken. Kalbach hat das Potenzial, bei einem guten Start wieder ganz oben mitmischen zu k\u00f6nnen. In der Endphase der letzten Saison stiegen die Besucherzahlen enorm an, die Mannschaft gewann durch ihre erfrischende Spielweise viele neue Anh\u00e4nger. F\u00fcr den Aufstieg muss vieles passen, sollte Torj\u00e4ger Achraf Gara Ali seine Schulterverletzung auskurieren, ist er wieder f\u00fcr zahlreiche Tore gut. Allerdings ist die Konkurrenz sehr stark. Zarioh benennt demnach den SV Bosnien\/Herzegowina, die Spvgg. Fechenheim und den FC Karben als Favoriten.\u00a0 \u00a0<\/span><\/p>\n<ul>\n<li><strong><span style=\"font-size: 16px;\">Zug\u00e4nge: Anthony Wade, Celil Cetinkaya (beide FC Neu-Anspach), Danilo Pantic (FV Bad Vilbel), Jonas L\u00f6ffler (1. FC-TSG K\u00f6nigstein), Ihab Suleiman (BSC Schwarz-Wei\u00df 19), Samuel Adu (FFV Sportfreunde 04), Selvokumar Suriyo (Germania Okriftel), Ninos Evangekos (FC Kalbach II).<\/span><\/strong><\/li>\n<li><strong><span style=\"font-size: 16px;\">Abg\u00e4nge: Marc Janke (SG Bornheim\/Gr\u00fcn-Wei\u00df), Bennet Batton (SC Dortelweil), Irgi Zenili (Ziel unbekannt), Alexander Willis (DJK Sportfreunde Bad Homburg II), Joel Ogrodnik (TuS Makkabi), Nftalim Tsegai (BSC Schwarz-Wei\u00df 19), Krysztof Jamka (SC Polonia Wiesbaden).<\/span><\/strong><\/li>\n<li><strong><span style=\"font-size: 16px;\">Saisonziel: Gute Saison spielen.<\/span><\/strong><\/li>\n<li><strong><span style=\"font-size: 16px;\">Favoriten: SV Bosnien\/Herzegowina, Spvgg. 03 Fechenheim, FC Karben.<\/span><\/strong><\/li>\n<\/ul>\n<h5><\/h5>\n","protected":false},"excerpt":{"rendered":"<p>Nach Platz zwei in der Vorsaison und dem Scheitern im Relegationsfinale gegen den VfR Gro\u00df-Gerau (2:4) will der FC Kalbach in der Gruppenliga Frankfurt West wieder eine gute Runde spielen.\u00a0 Daf\u00fcr hat der Verein vom Hopfenbrunnen im dritten Gruppenliga-Jahr in Folge bislang sechs neue Spieler verpflichtet. Darunter ist mit Anthony Wade ein 38-j\u00e4hriger Routinier, der [&hellip;]<\/p>\n","protected":false},"author":1,"featured_media":19894,"comment_status":"open","ping_status":"open","sticky":true,"template":"","format":"standard","meta":{"footnotes":""},"categories":[13],"tags":[],"class_list":["post-19893","post","type-post","status-publish","format-standard","has-post-thumbnail","hentry","category-gruppenliga-frankfurt-west"],"_links":{"self":[{"href":"https:\/\/insideamateurfussball-ffm.de\/index.php?rest_route=\/wp\/v2\/posts\/19893","targetHints":{"allow":["GET"]}}],"collection":[{"href":"https:\/\/insideamateurfussball-ffm.de\/index.php?rest_route=\/wp\/v2\/posts"}],"about":[{"href":"https:\/\/insideamateurfussball-ffm.de\/index.php?rest_route=\/wp\/v2\/types\/post"}],"author":[{"embeddable":true,"href":"https:\/\/insideamateurfussball-ffm.de\/index.php?rest_route=\/wp\/v2\/users\/1"}],"replies":[{"embeddable":true,"href":"https:\/\/insideamateurfussball-ffm.de\/index.php?rest_route=%2Fwp%2Fv2%2Fcomments&post=19893"}],"version-history":[{"count":3,"href":"https:\/\/insideamateurfussball-ffm.de\/index.php?rest_route=\/wp\/v2\/posts\/19893\/revisions"}],"predecessor-version":[{"id":20017,"href":"https:\/\/insideamateurfussball-ffm.de\/index.php?rest_route=\/wp\/v2\/posts\/19893\/revisions\/20017"}],"wp:featuredmedia":[{"embeddable":true,"href":"https:\/\/insideamateurfussball-ffm.de\/index.php?rest_route=\/wp\/v2\/media\/19894"}],"wp:attachment":[{"href":"https:\/\/insideamateurfussball-ffm.de\/index.php?rest_route=%2Fwp%2Fv2%2Fmedia&parent=19893"}],"wp:term":[{"taxonomy":"category","embeddable":true,"href":"https:\/\/insideamateurfussball-ffm.de\/index.php?rest_route=%2Fwp%2Fv2%2Fcategories&post=19893"},{"taxonomy":"post_tag","embeddable":true,"href":"https:\/\/insideamateurfussball-ffm.de\/index.php?rest_route=%2Fwp%2Fv2%2Ftags&post=19893"}],"curies":[{"name":"wp","href":"https:\/\/api.w.org\/{rel}","templated":true}]}}