{"id":19875,"date":"2024-07-15T21:43:35","date_gmt":"2024-07-15T19:43:35","guid":{"rendered":"https:\/\/insideamateurfussball-ffm.de\/?p=19875"},"modified":"2024-07-15T21:43:35","modified_gmt":"2024-07-15T19:43:35","slug":"bornheim-nach-teweldes-ruecktritt-uebernimmt-kaiser","status":"publish","type":"post","link":"https:\/\/insideamateurfussball-ffm.de\/?p=19875","title":{"rendered":"Bornheim: Nach Teweldes R\u00fccktritt \u00fcbernimmt Kaiser"},"content":{"rendered":"<h5><span style=\"font-size: 16px;\">Beim Verbandsligisten SG Bornheim\/Gr\u00fcn-Wei\u00df hat sich mitten in der Vorbereitung auf die neue Saison ein unerwarteter Trainerwechsel ergeben. Der erst vor wenigen Wochen als Nachfolger des ausgeschiedenen Sascha Volk installierte Teklu Tewelde hat sein Amt \u00fcberraschend aus pers\u00f6nlichen Gr\u00fcnden zur Verf\u00fcgung gestellt. Ab sofort \u00fcbernimmt der vom A-Ligisten TuS Nieder-Eschbach gekommene und eigentlich als Co-Trainer vorgesehene Lamine Kaiser den Cheftrainerposten.\u00a0<\/span><\/h5>\n<figure id=\"attachment_19876\" aria-describedby=\"caption-attachment-19876\" style=\"width: 655px\" class=\"wp-caption alignleft\"><img loading=\"lazy\" decoding=\"async\" class=\"wp-image-19876\" src=\"http:\/\/insideamateurfussball-ffm.de\/wp-content\/uploads\/2024\/07\/Lamine-Kaiser-1024x466.jpg\" alt=\"\" width=\"655\" height=\"298\" srcset=\"https:\/\/insideamateurfussball-ffm.de\/wp-content\/uploads\/2024\/07\/Lamine-Kaiser-1024x466.jpg 1024w, https:\/\/insideamateurfussball-ffm.de\/wp-content\/uploads\/2024\/07\/Lamine-Kaiser-300x136.jpg 300w, https:\/\/insideamateurfussball-ffm.de\/wp-content\/uploads\/2024\/07\/Lamine-Kaiser-768x349.jpg 768w, https:\/\/insideamateurfussball-ffm.de\/wp-content\/uploads\/2024\/07\/Lamine-Kaiser.jpg 1080w\" sizes=\"auto, (max-width: 655px) 100vw, 655px\" \/><figcaption id=\"caption-attachment-19876\" class=\"wp-caption-text\">Der neue Chefcoach Lamine Kaiser im Interview mit Tuncay Danis. Foto: Screenshot.\u00a0\u00a0<\/figcaption><\/figure>\n<p><img loading=\"lazy\" decoding=\"async\" class=\"alignnone size-full wp-image-119\" src=\"http:\/\/insideamateurfussball-ffm.de\/wp-content\/uploads\/2022\/05\/Bornheim.jpg\" alt=\"\" width=\"80\" height=\"80\" \/><\/p>\n<p><span style=\"font-size: 16px;\">&#8222;F\u00fcr uns alle kam das sehr \u00fcberraschend&#8220;, betont Bornheims Sportlicher Leiter Daniel Krieg-Lieberich. <\/span><\/p>\n<p><span style=\"font-size: 16px;\">&#8222;Dani&#8220;, wie der langj\u00e4hrige Spieler in Bornheim von allen gerufen wird, habe ihn schon Anfang letzter Woche kontaktiert, um von seinem Amt zur\u00fcckzutreten.<\/span><\/p>\n<ul>\n<li><strong><span style=\"font-size: 16px;\">Teklu Tewelde nimmt sich \u00fcberraschend eine Auszeit<\/span><\/strong><\/li>\n<\/ul>\n<p><span style=\"font-size: 16px;\">&#8222;In einem langen, guten und ehrlichem Gespr\u00e4ch hat er mir seine Situation geschildert. Die Gr\u00fcnde f\u00fcr sein Ausscheiden sind rein pers\u00f6nlicher Natur. Wir respektieren Danis Schritt und ich kann ihn absolut nachvollziehen&#8220;, erkl\u00e4rte Krieg-Lieberich. &#8222;Der bisherige Co-Trainer Lamine Kaiser hat nun das Vertrauen und wird das Team gemeinsam mit Tim Flie\u00df, der neben seiner T\u00e4tigkeit als Spieler nun auch ins Trainerteam r\u00fcckt, in die Saison f\u00fchren&#8220;, erl\u00e4uterte der Sportliche Leiter. <\/span><\/p>\n<p><span style=\"font-size: 16px;\">Tewelde nehme sich nun eine Auszeit, &#8222;er wird aber h\u00e4ufiger bei uns als Gast und Freund zu sehen sein&#8220;, so Krieg-Lieberich. &#8222;Es war eine wilde Woche, die sehr intensiv und emotional war. Ich habe gerne mit Dani Tewelde zusammen gearbeitet, aber wir m\u00fcssen seine Entscheidung akzeptieren. Wir r\u00fccken hier jetzt enger zusammen&#8220;, sagte Lamine Kaiser nach dem 1:1 im Testspiel gegen den Mitte-Verbandsligisten FC Turabdin Babylon Pohlheim.\u00a0<\/span><\/p>\n","protected":false},"excerpt":{"rendered":"<p>Beim Verbandsligisten SG Bornheim\/Gr\u00fcn-Wei\u00df hat sich mitten in der Vorbereitung auf die neue Saison ein unerwarteter Trainerwechsel ergeben. Der erst vor wenigen Wochen als Nachfolger des ausgeschiedenen Sascha Volk installierte Teklu Tewelde hat sein Amt \u00fcberraschend aus pers\u00f6nlichen Gr\u00fcnden zur Verf\u00fcgung gestellt. Ab sofort \u00fcbernimmt der vom A-Ligisten TuS Nieder-Eschbach gekommene und eigentlich als Co-Trainer [&hellip;]<\/p>\n","protected":false},"author":1,"featured_media":19876,"comment_status":"open","ping_status":"open","sticky":true,"template":"","format":"standard","meta":{"footnotes":""},"categories":[10],"tags":[],"class_list":["post-19875","post","type-post","status-publish","format-standard","has-post-thumbnail","hentry","category-verbandsliga-sued"],"_links":{"self":[{"href":"https:\/\/insideamateurfussball-ffm.de\/index.php?rest_route=\/wp\/v2\/posts\/19875","targetHints":{"allow":["GET"]}}],"collection":[{"href":"https:\/\/insideamateurfussball-ffm.de\/index.php?rest_route=\/wp\/v2\/posts"}],"about":[{"href":"https:\/\/insideamateurfussball-ffm.de\/index.php?rest_route=\/wp\/v2\/types\/post"}],"author":[{"embeddable":true,"href":"https:\/\/insideamateurfussball-ffm.de\/index.php?rest_route=\/wp\/v2\/users\/1"}],"replies":[{"embeddable":true,"href":"https:\/\/insideamateurfussball-ffm.de\/index.php?rest_route=%2Fwp%2Fv2%2Fcomments&post=19875"}],"version-history":[{"count":1,"href":"https:\/\/insideamateurfussball-ffm.de\/index.php?rest_route=\/wp\/v2\/posts\/19875\/revisions"}],"predecessor-version":[{"id":19877,"href":"https:\/\/insideamateurfussball-ffm.de\/index.php?rest_route=\/wp\/v2\/posts\/19875\/revisions\/19877"}],"wp:featuredmedia":[{"embeddable":true,"href":"https:\/\/insideamateurfussball-ffm.de\/index.php?rest_route=\/wp\/v2\/media\/19876"}],"wp:attachment":[{"href":"https:\/\/insideamateurfussball-ffm.de\/index.php?rest_route=%2Fwp%2Fv2%2Fmedia&parent=19875"}],"wp:term":[{"taxonomy":"category","embeddable":true,"href":"https:\/\/insideamateurfussball-ffm.de\/index.php?rest_route=%2Fwp%2Fv2%2Fcategories&post=19875"},{"taxonomy":"post_tag","embeddable":true,"href":"https:\/\/insideamateurfussball-ffm.de\/index.php?rest_route=%2Fwp%2Fv2%2Ftags&post=19875"}],"curies":[{"name":"wp","href":"https:\/\/api.w.org\/{rel}","templated":true}]}}