{"id":19870,"date":"2024-07-15T21:16:21","date_gmt":"2024-07-15T19:16:21","guid":{"rendered":"https:\/\/insideamateurfussball-ffm.de\/?p=19870"},"modified":"2024-07-15T21:16:21","modified_gmt":"2024-07-15T19:16:21","slug":"dritte-c-liga-staffel-eingefuehrt","status":"publish","type":"post","link":"https:\/\/insideamateurfussball-ffm.de\/?p=19870","title":{"rendered":"Dritte C-Liga-Staffel eingef\u00fchrt"},"content":{"rendered":"<h5><span style=\"font-size: 16px;\">Die Vorrundenbesprechung im Fu\u00dfball-Kreis Frankfurt brachte am Samstag die Vertreter der Vereine zusammen, die auf Kreisebene spielen. Durch das Programm f\u00fchrte ab 11 Uhr der stellvertretende Kreisfu\u00dfballwart Marc Keim, der den krankheitsbedingt abwesenden Rainer Nagel vertrat.\u00a0<\/span><\/h5>\n<figure id=\"attachment_19871\" aria-describedby=\"caption-attachment-19871\" style=\"width: 652px\" class=\"wp-caption alignleft\"><img loading=\"lazy\" decoding=\"async\" class=\"wp-image-19871\" src=\"http:\/\/insideamateurfussball-ffm.de\/wp-content\/uploads\/2024\/07\/KFAS-1024x768.jpg\" alt=\"\" width=\"652\" height=\"489\" srcset=\"https:\/\/insideamateurfussball-ffm.de\/wp-content\/uploads\/2024\/07\/KFAS-1024x768.jpg 1024w, https:\/\/insideamateurfussball-ffm.de\/wp-content\/uploads\/2024\/07\/KFAS-300x225.jpg 300w, https:\/\/insideamateurfussball-ffm.de\/wp-content\/uploads\/2024\/07\/KFAS-768x576.jpg 768w, https:\/\/insideamateurfussball-ffm.de\/wp-content\/uploads\/2024\/07\/KFAS-1536x1152.jpg 1536w, https:\/\/insideamateurfussball-ffm.de\/wp-content\/uploads\/2024\/07\/KFAS.jpg 2040w\" sizes=\"auto, (max-width: 652px) 100vw, 652px\" \/><figcaption id=\"caption-attachment-19871\" class=\"wp-caption-text\">Die Klassenleiter Gerhard Richter und Thorsten Bastian (von links), daneben die Vertreter der Schiedsrichtergilde Rachid Ouali und Siar Djamsched. Foto: PA.\u00a0\u00a0<\/figcaption><\/figure>\n<p><span style=\"font-size: 16px;\">Deutlich mehr Teams als in der vergangenen Saison nehmen an der ab dem 4. August beginnenden Saison 2024\/25 teil. Satte 140 Teams verteilen sich auf acht Staffeln von der Kreisoberliga bis zur C-Klasse. <\/span><\/p>\n<p><span style=\"font-size: 16px;\">In der KOL sind weiter 17 Vereine am Start. Die beiden A-Klassen starten jeweils mit 17 Teams.<\/span><\/p>\n<ul>\n<li><strong><span style=\"font-size: 16px;\">Bis zu zwei Unterbrechungen m\u00f6glich, um die Gem\u00fcter abzuk\u00fchlen<\/span><\/strong><\/li>\n<\/ul>\n<p><span style=\"font-size: 16px;\">In der B-Liga gibt es zwei Gruppen mit nur noch 15 Teams. Und die gestiegene Anzahl an Meldungen &#8211; viele Vereine haben jetzt auch 3. Mannschaften am Start &#8211; f\u00fchrt zu einer Einf\u00fchrung einer dritten Staffel in der C-Klasse, wo pro Gruppe jedoch nur 13 Teams vertreten sind. <\/span><\/p>\n<p><span style=\"font-size: 16px;\">Hinzu kommen die 18 SOMA-Mannschaften, die eine eigene Liga und Pokal ausspielen ohne Leistungsdruck, denn hier sind weder Aufstiege noch Abstiege m\u00f6glich. Neu im Regelwerk verankert ist das sogenannte &#8222;STOPP-Konzept&#8220; des DFB, welches Gewaltvorf\u00e4lle und Spielabbr\u00fcche reduzieren soll. Bei hitzigen Spielsituationen k\u00f6nne die Partie unterbrochen und die Mannschaften in ihren Strafraum geschickt werden, um die Gem\u00fcter abzuk\u00fchlen. Bis zu zweimal pro Spiel habe der Schiedsrichter diese Option, bevor ein Spielabbruch zum Tragen komme, der aber weiterhin auch sofort m\u00f6glich sei.\u00a0<\/span><\/p>\n<ul>\n<li><span style=\"font-size: 16px;\"><strong>1. Spieltag Kreisoberliga: SG Bornheim\/Gr\u00fcn-Wei\u00df II &#8211; Spvgg. 02 Griesheim, FC Kosova &#8211; TuS Makkabi, FC Croatia &#8211; Concordia Eschersheim, FC Gudesding &#8211; Germania Enkheim, BSC Schwarz-Wei\u00df 19 &#8211; SV 07 Heddernheim, Union Niederrad &#8211; 1. R\u00f6delheimer FC 02, FC Posavina &#8211; VfL Germania 94, SV Griesheim Tarik &#8211; SG Harheim, Spielfrei: SV Viktoria Preu\u00dfen.<\/strong><\/span><\/li>\n<li><span style=\"font-size: 16px;\"><strong><span style=\"font-size: 16px;\">Kreisliga A Gruppe 1: FV 09 Eschersheim &#8211; FC City, FV Hausen &#8211; Concordia Eschersheim II, SG Praunheim &#8211; SV Blau-Gelb, SG Westend &#8211; FC Maroc, SV Niederursel &#8211; TSG 51, Germania Ginnheim &#8211; SC Riedberg, DJK Schwarz-Wei\u00df Griesheim &#8211; FC Tempo II, VfR Bockenheim &#8211; FV Saz-Rock, Spielfrei: SV Bonames.<\/span><\/strong><\/span><\/li>\n<li><span style=\"font-size: 16px;\"><strong>Kreisliga A Gruppe 2: Spvgg. 03 Fechenheim II &#8211; FFC Olympia 07, FC Gudesding II &#8211; FG Seckbach II, SV Bosnien\/Herzegowina II &#8211; GSU Hellas, TuS Nieder-Eschbach &#8211; FC Serkeftin, TG Sachsenhausen &#8211; FC Fortuna, FC Heisenrath Goldstein &#8211; FSV Bergen, SV Frankfurt Nord &#8211; SC Goldstein, SV Sachsenhausen &#8211; SG Harheim II, Spielfrei: MKSV Makedonija.<\/strong>\u00a0\u00a0<\/span><\/li>\n<\/ul>\n<h5><\/h5>\n","protected":false},"excerpt":{"rendered":"<p>Die Vorrundenbesprechung im Fu\u00dfball-Kreis Frankfurt brachte am Samstag die Vertreter der Vereine zusammen, die auf Kreisebene spielen. Durch das Programm f\u00fchrte ab 11 Uhr der stellvertretende Kreisfu\u00dfballwart Marc Keim, der den krankheitsbedingt abwesenden Rainer Nagel vertrat.\u00a0 Deutlich mehr Teams als in der vergangenen Saison nehmen an der ab dem 4. August beginnenden Saison 2024\/25 teil. [&hellip;]<\/p>\n","protected":false},"author":1,"featured_media":19871,"comment_status":"open","ping_status":"open","sticky":true,"template":"","format":"standard","meta":{"footnotes":""},"categories":[24],"tags":[],"class_list":["post-19870","post","type-post","status-publish","format-standard","has-post-thumbnail","hentry","category-besprechungen"],"_links":{"self":[{"href":"https:\/\/insideamateurfussball-ffm.de\/index.php?rest_route=\/wp\/v2\/posts\/19870","targetHints":{"allow":["GET"]}}],"collection":[{"href":"https:\/\/insideamateurfussball-ffm.de\/index.php?rest_route=\/wp\/v2\/posts"}],"about":[{"href":"https:\/\/insideamateurfussball-ffm.de\/index.php?rest_route=\/wp\/v2\/types\/post"}],"author":[{"embeddable":true,"href":"https:\/\/insideamateurfussball-ffm.de\/index.php?rest_route=\/wp\/v2\/users\/1"}],"replies":[{"embeddable":true,"href":"https:\/\/insideamateurfussball-ffm.de\/index.php?rest_route=%2Fwp%2Fv2%2Fcomments&post=19870"}],"version-history":[{"count":2,"href":"https:\/\/insideamateurfussball-ffm.de\/index.php?rest_route=\/wp\/v2\/posts\/19870\/revisions"}],"predecessor-version":[{"id":19874,"href":"https:\/\/insideamateurfussball-ffm.de\/index.php?rest_route=\/wp\/v2\/posts\/19870\/revisions\/19874"}],"wp:featuredmedia":[{"embeddable":true,"href":"https:\/\/insideamateurfussball-ffm.de\/index.php?rest_route=\/wp\/v2\/media\/19871"}],"wp:attachment":[{"href":"https:\/\/insideamateurfussball-ffm.de\/index.php?rest_route=%2Fwp%2Fv2%2Fmedia&parent=19870"}],"wp:term":[{"taxonomy":"category","embeddable":true,"href":"https:\/\/insideamateurfussball-ffm.de\/index.php?rest_route=%2Fwp%2Fv2%2Fcategories&post=19870"},{"taxonomy":"post_tag","embeddable":true,"href":"https:\/\/insideamateurfussball-ffm.de\/index.php?rest_route=%2Fwp%2Fv2%2Ftags&post=19870"}],"curies":[{"name":"wp","href":"https:\/\/api.w.org\/{rel}","templated":true}]}}