{"id":19833,"date":"2024-07-11T14:46:27","date_gmt":"2024-07-11T12:46:27","guid":{"rendered":"https:\/\/insideamateurfussball-ffm.de\/?p=19833"},"modified":"2024-07-11T14:47:57","modified_gmt":"2024-07-11T12:47:57","slug":"tuerkguecue-transferphase-abgeschlossen","status":"publish","type":"post","link":"https:\/\/insideamateurfussball-ffm.de\/?p=19833","title":{"rendered":"T\u00fcrkg\u00fcc\u00fc: Transferphase abgeschlossen"},"content":{"rendered":"<h5><span style=\"font-size: 16px;\">Gruppenliga-Aufsteiger TSKV T\u00fcrkg\u00fcc\u00fc Frankfurt hat via Instagram-Kanal in den letzten Wochen zahlreiche Transfers verk\u00fcndet. Nun hat der Club die Transferphase f\u00fcr abgeschlossen erkl\u00e4rt.\u00a0<\/span><\/h5>\n<figure id=\"attachment_19834\" aria-describedby=\"caption-attachment-19834\" style=\"width: 650px\" class=\"wp-caption alignleft\"><img loading=\"lazy\" decoding=\"async\" class=\"wp-image-19834\" src=\"http:\/\/insideamateurfussball-ffm.de\/wp-content\/uploads\/2024\/07\/transfers-abgeschlossen-1024x1024.jpg\" alt=\"\" width=\"650\" height=\"650\" srcset=\"https:\/\/insideamateurfussball-ffm.de\/wp-content\/uploads\/2024\/07\/transfers-abgeschlossen-1024x1024.jpg 1024w, https:\/\/insideamateurfussball-ffm.de\/wp-content\/uploads\/2024\/07\/transfers-abgeschlossen-300x300.jpg 300w, https:\/\/insideamateurfussball-ffm.de\/wp-content\/uploads\/2024\/07\/transfers-abgeschlossen-150x150.jpg 150w, https:\/\/insideamateurfussball-ffm.de\/wp-content\/uploads\/2024\/07\/transfers-abgeschlossen-768x768.jpg 768w, https:\/\/insideamateurfussball-ffm.de\/wp-content\/uploads\/2024\/07\/transfers-abgeschlossen-1536x1536.jpg 1536w, https:\/\/insideamateurfussball-ffm.de\/wp-content\/uploads\/2024\/07\/transfers-abgeschlossen.jpg 2048w\" sizes=\"auto, (max-width: 650px) 100vw, 650px\" \/><figcaption id=\"caption-attachment-19834\" class=\"wp-caption-text\">Kr\u00e4ftige Verst\u00e4rkung f\u00fcr T\u00fcrkg\u00fcc\u00fc Frankfurt in der Gruppenliga. Grafik: TSKV T\u00fcrkg\u00fcc\u00fc\/Instagram.<\/figcaption><\/figure>\n<p><img loading=\"lazy\" decoding=\"async\" class=\"alignnone size-full wp-image-17\" src=\"http:\/\/insideamateurfussball-ffm.de\/wp-content\/uploads\/2021\/11\/Tuerkguecue.jpg\" alt=\"\" width=\"72\" height=\"80\" \/><\/p>\n<p><span style=\"font-size: 16px;\">Kurz nach dem Gewinn der Meisterschaft in der Kreisoberliga Frankfurt hatte sich der Vorstand \u00fcberraschend von Trainer Mehmet Tunay Somun getrennt. Als Nachfolger wurde Andreas Anicic verpflichtet, der in der letzten Saison tempor\u00e4r beim seinerzeitigen Ligakonkurrenten FC Croatia t\u00e4tig war. <\/span><\/p>\n<p><span style=\"font-size: 16px;\">Als Co-Trainer steht mit Murtaza Taher ein junger Co-Trainer zur Seite.<\/span><\/p>\n<ul>\n<li><strong><span style=\"font-size: 16px;\">1. Runde Kreispokal beim FC Serkeftin<\/span><\/strong><\/li>\n<\/ul>\n<p><span style=\"font-size: 16px;\">F\u00fcr die R\u00fcckkehr in die Gruppenliga Frankfurt West nach zehn Jahren Abwesenheit hat sich der t\u00fcrkische Verein kr\u00e4ftig verst\u00e4rkt. Zw\u00f6lf neue Spieler sind gekommen, dabei \u00f6ffnet sich der Verein offenbar auch f\u00fcr andere Nationalit\u00e4ten. Abg\u00e4nge gibt es keine. Somit geht T\u00fcrkg\u00fcc\u00fc mit einem gro\u00dfen Kader in die am 4. August startende Saison. Eine Woche zuvor kommt es im Kreispokal zum Gastspiel beim FC Serkeftin. Vom FC Croatia kommen mit Torh\u00fcter Marco Nauber, Aleksandar Sasa Matovic, Jackie Lee Reljic und Kristijan Gavran gleich vier Akteure. Von T\u00fcrk Hattersheim wechseln die Br\u00fcder Max Simon Fiege und Nick Fiege an die Sondershausenstra\u00dfe. <\/span><\/p>\n<p><span style=\"font-size: 16px;\">Weitere Neuzug\u00e4nge sind Yassin El Ouariachi von der U19 des FV Bad Vilbel, Oguzhan Okan Cankurt vom VfB Unterliederbach, Tayfun G\u00fcrsoy von der SG Hoechst, Emir Kirci vom BSC SW 19, Amin Belhaj aus der U19 der SG Rosenh\u00f6he Offenbach sowie die Japaner Rui Goto (Spvgg. 02 Griesheim und Hidetosho Hatano (direkt aus Japan). Der als Zugang vermeldete Raisi Zalla (Germania Okriftel) hat sich mittlerweile dem FC Kosova angeschlossen. &#8222;Unser Saisonziel ist ein Platz im gesicherten Mittelfeld der Tabelle&#8220;, benennt Duran G\u00fcng\u00f6r, TSKV-Vorstandsmitglied das Vorhaben. Als Favoriten benennt der Funktion\u00e4r den FC Kalbach und den SV Bosnien\/Herzegowina. Neben der Zweiten Mannschaft (B-Klasse) wurde aufgrund der Vielzahl an Spielern eine Dritte Mannschaft gemeldet, die in der C-Klasse startet.\u00a0<\/span><\/p>\n<ul>\n<li><span style=\"font-size: 16px;\"><strong>Zug\u00e4nge: Marco Nauber, Aleksandar Sasa Matovic, Jackie Lee Reljic, Kristijan Gavran (alle FC Croatia), Max Simon Fiege, Nick Fiege (beide T\u00fcrk Hattersheim), Yassin El Ouariachi (FV Bad Vilbel U19), Oguzhan Okan Cankurt (VfB Unterliederbach), Tayfun G\u00fcrsoy (SG Hoechst), Emir Kirci (BSC SW 19), Rui Goto (Spvgg. 02 Griesheim), Hidetoshi Hatano (Japan), Amin Belhadj (OSC Rosenh\u00f6he Offenbach). <\/strong><\/span><\/li>\n<li><span style=\"font-size: 16px;\"><strong>Abg\u00e4nge: Keine.<\/strong><\/span><\/li>\n<li><span style=\"font-size: 16px;\"><strong>Saisonziel: Gesichertes Mittelfeld.<\/strong><\/span><\/li>\n<li><span style=\"font-size: 16px;\"><strong>Favoriten: FC Kalbach, SV Bosnien\/Herzegowina.<\/strong>\u00a0<\/span><\/li>\n<\/ul>\n","protected":false},"excerpt":{"rendered":"<p>Gruppenliga-Aufsteiger TSKV T\u00fcrkg\u00fcc\u00fc Frankfurt hat via Instagram-Kanal in den letzten Wochen zahlreiche Transfers verk\u00fcndet. Nun hat der Club die Transferphase f\u00fcr abgeschlossen erkl\u00e4rt.\u00a0 Kurz nach dem Gewinn der Meisterschaft in der Kreisoberliga Frankfurt hatte sich der Vorstand \u00fcberraschend von Trainer Mehmet Tunay Somun getrennt. Als Nachfolger wurde Andreas Anicic verpflichtet, der in der letzten Saison [&hellip;]<\/p>\n","protected":false},"author":1,"featured_media":19834,"comment_status":"open","ping_status":"open","sticky":true,"template":"","format":"standard","meta":{"footnotes":""},"categories":[13],"tags":[],"class_list":["post-19833","post","type-post","status-publish","format-standard","has-post-thumbnail","hentry","category-gruppenliga-frankfurt-west"],"_links":{"self":[{"href":"https:\/\/insideamateurfussball-ffm.de\/index.php?rest_route=\/wp\/v2\/posts\/19833","targetHints":{"allow":["GET"]}}],"collection":[{"href":"https:\/\/insideamateurfussball-ffm.de\/index.php?rest_route=\/wp\/v2\/posts"}],"about":[{"href":"https:\/\/insideamateurfussball-ffm.de\/index.php?rest_route=\/wp\/v2\/types\/post"}],"author":[{"embeddable":true,"href":"https:\/\/insideamateurfussball-ffm.de\/index.php?rest_route=\/wp\/v2\/users\/1"}],"replies":[{"embeddable":true,"href":"https:\/\/insideamateurfussball-ffm.de\/index.php?rest_route=%2Fwp%2Fv2%2Fcomments&post=19833"}],"version-history":[{"count":2,"href":"https:\/\/insideamateurfussball-ffm.de\/index.php?rest_route=\/wp\/v2\/posts\/19833\/revisions"}],"predecessor-version":[{"id":19836,"href":"https:\/\/insideamateurfussball-ffm.de\/index.php?rest_route=\/wp\/v2\/posts\/19833\/revisions\/19836"}],"wp:featuredmedia":[{"embeddable":true,"href":"https:\/\/insideamateurfussball-ffm.de\/index.php?rest_route=\/wp\/v2\/media\/19834"}],"wp:attachment":[{"href":"https:\/\/insideamateurfussball-ffm.de\/index.php?rest_route=%2Fwp%2Fv2%2Fmedia&parent=19833"}],"wp:term":[{"taxonomy":"category","embeddable":true,"href":"https:\/\/insideamateurfussball-ffm.de\/index.php?rest_route=%2Fwp%2Fv2%2Fcategories&post=19833"},{"taxonomy":"post_tag","embeddable":true,"href":"https:\/\/insideamateurfussball-ffm.de\/index.php?rest_route=%2Fwp%2Fv2%2Ftags&post=19833"}],"curies":[{"name":"wp","href":"https:\/\/api.w.org\/{rel}","templated":true}]}}