{"id":19821,"date":"2024-07-09T21:18:58","date_gmt":"2024-07-09T19:18:58","guid":{"rendered":"https:\/\/insideamateurfussball-ffm.de\/?p=19821"},"modified":"2024-07-09T21:20:00","modified_gmt":"2024-07-09T19:20:00","slug":"fortuna-will-eine-klasse-hoeher-mithalten","status":"publish","type":"post","link":"https:\/\/insideamateurfussball-ffm.de\/?p=19821","title":{"rendered":"Fortuna will eine Klasse h\u00f6her mithalten"},"content":{"rendered":"<h3>Nach zw\u00f6lf Jahren in den Niederungen des Kreises startet der FC Fortuna 1973 wieder in der Kreisliga A. Trainer Christian Zimmermann will mit seinem Team mithalten und den Klassenerhalt sichern.<\/h3>\n<figure id=\"attachment_19822\" aria-describedby=\"caption-attachment-19822\" style=\"width: 640px\" class=\"wp-caption alignright\"><img loading=\"lazy\" decoding=\"async\" class=\"wp-image-19822 size-large\" src=\"http:\/\/insideamateurfussball-ffm.de\/wp-content\/uploads\/2024\/07\/Fortuna-1024x770.jpg\" alt=\"\" width=\"640\" height=\"481\" srcset=\"https:\/\/insideamateurfussball-ffm.de\/wp-content\/uploads\/2024\/07\/Fortuna-1024x770.jpg 1024w, https:\/\/insideamateurfussball-ffm.de\/wp-content\/uploads\/2024\/07\/Fortuna-300x226.jpg 300w, https:\/\/insideamateurfussball-ffm.de\/wp-content\/uploads\/2024\/07\/Fortuna-768x577.jpg 768w, https:\/\/insideamateurfussball-ffm.de\/wp-content\/uploads\/2024\/07\/Fortuna.jpg 1031w\" sizes=\"auto, (max-width: 640px) 100vw, 640px\" \/><figcaption id=\"caption-attachment-19822\" class=\"wp-caption-text\">Der FC Fortuna 1973 ist nach 2012 wieder A-Ligist. Foto: Verein.<\/figcaption><\/figure>\n<p><img loading=\"lazy\" decoding=\"async\" class=\"alignnone size-full wp-image-19823\" src=\"http:\/\/insideamateurfussball-ffm.de\/wp-content\/uploads\/2024\/07\/fortuna-neu.png\" alt=\"\" width=\"80\" height=\"80\" \/><\/p>\n<p>Mit ver\u00e4ndertem Kleeblatt, aber dem gleichen Fortuna-Gen ist das Zimmermann-Team in die Vorbereitung gestartet, auch wenn es gegen Kreisoberligist Concordia Eschersheim eine 0:7-Schlappe gab. Als Vizemeister der Kreisliga B Frankfurt (Gruppe 2) gelang dem FC Fortuna \u00fcber die Relegationsrunde der langersehnte Aufstieg in die A-Klasse.<\/p>\n<p>Nach dem 2:2 zum Auftakt gegen den FV Saz-Rock wurden der FFV Sportfreunde II (6:0) und die SG Harheim II (5:3) besiegt und somit feierte der an der Gerberm\u00fchle spielende Fu\u00dfballclub den Sprung in die n\u00e4chsth\u00f6here Klasse. F\u00fcr Trainer Christian Zimmermann, der seit zwei Jahren an der Offenbacher Stadtgrenze t\u00e4tig ist, war der Aufstieg vor der Saison nicht unbedingt zu erwarten: &#8222;Wir wollten beweisen, dass Rang f\u00fcnf im Vorjahr kein Zufall war. In der Hinrunde hatten wir einen Lauf und dann wollten wir alle unbedingt.&#8220;<\/p>\n<h3><span style=\"text-decoration: underline;\">Viele Spiele hintenraus noch gewonnen<\/span><\/h3>\n<p>Nur der FC Gudesding II, der mit vier Punkten Vorsprung als Meister \u00fcber die Ziellinie lief, war besser als die Fortunen. Mannschaftliche Geschlossenheit, Fitness und Konstanz zeichneten die Fortuna aus. Viele Spiele wurden hintenraus in der Schlussphase gewonnen. Im Kalenderjahr 2024 gab es nur eine Niederlage (2:3 gegen Meister Gudesding II). F\u00fcr die A-Klasse treten einige \u00e4ltere Spieler wie Uwe Ostermann, Alexander Ehler und Sebastian T\u00fclp k\u00fcrzer, sie werden k\u00fcnftig nur noch in der 2. Mannschaft spielen. Daf\u00fcr haben sich mit Maximilian Sch\u00e4fer und Nicodemus Giorgianni zwei Spieler vom SV Heddernheim II angeschlossen. Zudem kehrt Yassir Kerbali von der Spvgg. Oberrad II zur\u00fcck und mit Simon Feulner kommt ein Spieler aus dem Raum N\u00fcrnberg, der zuletzt vereinslos war.<\/p>\n<p>Der Kader bleibt zusammen, Schl\u00fcsselspieler wie Jonas Anders, Andre Winter und Tom Deifuss konnten gehalten werden. Was f\u00fcr die Fortuna in der A-Klasse m\u00f6glich ist, kann Zimmermann noch nicht einsch\u00e4tzen: &#8222;Es bleibt abzuwarten, wie schnell wir uns an das neue Niveau gew\u00f6hnen. Die letzten Aufsteiger haben f\u00fcr Furore gesorgt, wir wollen auch mithalten. Wir wissen aber, woher wir kommen.&#8220; Schlie\u00dflich war die Fortuna vor f\u00fcnf Jahren noch C-Ligist. &#8222;Deswegen sind wir dem\u00fctig und wollen relativ schnell den Klassenerhalt eint\u00fcten.&#8220; Dann aber ohne den langj\u00e4hrigen Fortuna-Spieler Mario Schanzenbach, der sich Dynamo Windrad Kassel angeschlossen hat. Als Favoriten auf den Aufstieg benennt Zimmermann die GSU Hellas, den SV Sachsenhausen und die Spvgg. Fechenheim II.<\/p>\n<h3><span style=\"text-decoration: underline;\">Zug\u00e4nge: Nicodemus Giorgianni, Maximilian Sch\u00e4fer (beide SV 07 Heddernheim II), Yassir Kerbali (Spvgg. 05 Oberrad II), Simon Feulner (vereinslos). <\/span><\/h3>\n<h3><span style=\"text-decoration: underline;\">Abgang: Mario Schanzenbach (Dynamo Windrad Kassel). <\/span><\/h3>\n<h3><span style=\"text-decoration: underline;\">Saisonziel: Klassenerhalt. <\/span><\/h3>\n<h3><span style=\"text-decoration: underline;\">Favoriten: GSU Hellas, SV Sachsenhausen, Spvgg. 03 Fechenheim II).<\/span><\/h3>\n","protected":false},"excerpt":{"rendered":"<p>Nach zw\u00f6lf Jahren in den Niederungen des Kreises startet der FC Fortuna 1973 wieder in der Kreisliga A. Trainer Christian Zimmermann will mit seinem Team mithalten und den Klassenerhalt sichern. Mit ver\u00e4ndertem Kleeblatt, aber dem gleichen Fortuna-Gen ist das Zimmermann-Team in die Vorbereitung gestartet, auch wenn es gegen Kreisoberligist Concordia Eschersheim eine 0:7-Schlappe gab. Als [&hellip;]<\/p>\n","protected":false},"author":1,"featured_media":19822,"comment_status":"open","ping_status":"open","sticky":true,"template":"","format":"standard","meta":{"footnotes":""},"categories":[14],"tags":[],"class_list":["post-19821","post","type-post","status-publish","format-standard","has-post-thumbnail","hentry","category-kreisliga-a2"],"_links":{"self":[{"href":"https:\/\/insideamateurfussball-ffm.de\/index.php?rest_route=\/wp\/v2\/posts\/19821","targetHints":{"allow":["GET"]}}],"collection":[{"href":"https:\/\/insideamateurfussball-ffm.de\/index.php?rest_route=\/wp\/v2\/posts"}],"about":[{"href":"https:\/\/insideamateurfussball-ffm.de\/index.php?rest_route=\/wp\/v2\/types\/post"}],"author":[{"embeddable":true,"href":"https:\/\/insideamateurfussball-ffm.de\/index.php?rest_route=\/wp\/v2\/users\/1"}],"replies":[{"embeddable":true,"href":"https:\/\/insideamateurfussball-ffm.de\/index.php?rest_route=%2Fwp%2Fv2%2Fcomments&post=19821"}],"version-history":[{"count":2,"href":"https:\/\/insideamateurfussball-ffm.de\/index.php?rest_route=\/wp\/v2\/posts\/19821\/revisions"}],"predecessor-version":[{"id":19825,"href":"https:\/\/insideamateurfussball-ffm.de\/index.php?rest_route=\/wp\/v2\/posts\/19821\/revisions\/19825"}],"wp:featuredmedia":[{"embeddable":true,"href":"https:\/\/insideamateurfussball-ffm.de\/index.php?rest_route=\/wp\/v2\/media\/19822"}],"wp:attachment":[{"href":"https:\/\/insideamateurfussball-ffm.de\/index.php?rest_route=%2Fwp%2Fv2%2Fmedia&parent=19821"}],"wp:term":[{"taxonomy":"category","embeddable":true,"href":"https:\/\/insideamateurfussball-ffm.de\/index.php?rest_route=%2Fwp%2Fv2%2Fcategories&post=19821"},{"taxonomy":"post_tag","embeddable":true,"href":"https:\/\/insideamateurfussball-ffm.de\/index.php?rest_route=%2Fwp%2Fv2%2Ftags&post=19821"}],"curies":[{"name":"wp","href":"https:\/\/api.w.org\/{rel}","templated":true}]}}