{"id":19813,"date":"2024-07-07T22:03:10","date_gmt":"2024-07-07T20:03:10","guid":{"rendered":"https:\/\/insideamateurfussball-ffm.de\/?p=19813"},"modified":"2024-07-07T22:03:10","modified_gmt":"2024-07-07T20:03:10","slug":"cudina-mit-zwei-toren-bei-heddernheimer-einstand","status":"publish","type":"post","link":"https:\/\/insideamateurfussball-ffm.de\/?p=19813","title":{"rendered":"Cudina mit zwei Toren bei Heddernheimer Einstand"},"content":{"rendered":"<h3>Das erste Testspiel zur neuen Saison hat der SV 07 Heddernheim erfolgreich bestritten. Beim Gruppenliga-Absteiger SV Gronau gab es einen 3:1-Sieg.<\/h3>\n<figure id=\"attachment_19814\" aria-describedby=\"caption-attachment-19814\" style=\"width: 640px\" class=\"wp-caption alignright\"><img loading=\"lazy\" decoding=\"async\" class=\"wp-image-19814 size-large\" src=\"http:\/\/insideamateurfussball-ffm.de\/wp-content\/uploads\/2024\/07\/svh2024-1024x577.jpg\" alt=\"\" width=\"640\" height=\"361\" srcset=\"https:\/\/insideamateurfussball-ffm.de\/wp-content\/uploads\/2024\/07\/svh2024-1024x577.jpg 1024w, https:\/\/insideamateurfussball-ffm.de\/wp-content\/uploads\/2024\/07\/svh2024-300x169.jpg 300w, https:\/\/insideamateurfussball-ffm.de\/wp-content\/uploads\/2024\/07\/svh2024-768x432.jpg 768w, https:\/\/insideamateurfussball-ffm.de\/wp-content\/uploads\/2024\/07\/svh2024-1536x865.jpg 1536w, https:\/\/insideamateurfussball-ffm.de\/wp-content\/uploads\/2024\/07\/svh2024.jpg 2048w\" sizes=\"auto, (max-width: 640px) 100vw, 640px\" \/><figcaption id=\"caption-attachment-19814\" class=\"wp-caption-text\">Das neue Heddernheimer Team f\u00fcr die Saison 2024\/25 begann so in Gronau. Foto: PA.\u00a0\u00a0<\/figcaption><\/figure>\n<h3>SV Gronau &#8211; SV 07 Heddernheim 1:3 (0:1)<\/h3>\n<p><img loading=\"lazy\" decoding=\"async\" class=\"alignnone size-full wp-image-699\" src=\"http:\/\/insideamateurfussball-ffm.de\/wp-content\/uploads\/2022\/06\/Gronau.jpg\" alt=\"\" width=\"80\" height=\"80\" \/><img loading=\"lazy\" decoding=\"async\" class=\"alignnone size-full wp-image-302\" src=\"http:\/\/insideamateurfussball-ffm.de\/wp-content\/uploads\/2022\/05\/1sv07_news2_4511-1.jpg\" alt=\"\" width=\"80\" height=\"80\" \/><\/p>\n<p>Vor sechs Jahren hatten die Heddernheimer schon einmal ihr erstes Testspiel in Gronau bestritten. 2018, w\u00e4hrend der WM in Russland, gab es ein 3:3 auf dem Kunstrasenplatz im Bad Vilbeler Ortsteil.<\/p>\n<p>Diesmal wurde auf dem Rasenplatz gekickt und die Gr\u00fcn-Wei\u00dfen boten im ersten Spiel der &#8222;Post-Siegel-\u00c4ra&#8220; ein \u00fcberzeugendes Spiel. Mit Tomislav Cudina, Josh Haas (beide vom FSV Bergen) und Amir Baja (zuletzt FV Saz-Rock) begannen drei Zug\u00e4nge von Anfang an. Die Partie begann mit 23 Minuten Versp\u00e4tung, da der Schiedsrichter vom Spielbeginn um 15.30 Uhr ausging, angesetzt war das Match aber f\u00fcr 15 Uhr. Der gute Beginn der G\u00e4ste wurde gleich mit einem Tor belohnt. Oliver Solarz leistete mit einer Flanke die Vorarbeit f\u00fcr Cudina, der aus kurzer Distanz vollendete (10.). Auf der Gegenseite hatte Gronau per Freisto\u00df die Ausgleichschance, die Moritz Dechant an den Pfosten setzte (17.). Nach dem Seitenwechsel brachte SVH-Coach Andreas Berggold mit Hidayet Yapici einen neuen Torh\u00fcter f\u00fcr Marc Tomczyk.<\/p>\n<h3><span style=\"text-decoration: underline;\">Deb\u00fct vom aus der A-Jugend aufger\u00fcckten Katamian<\/span><\/h3>\n<p>Wieder leistete Solarz diesmal mit einem Superlauf \u00fcber die linke Seite die Vorarbeit f\u00fcr Cudina, der mit seinem zweiten Tor einen Einstand nach Ma\u00df feierte (53.). Und eine Minute danach das dritte h\u00e4tte nachlegen m\u00fcssen, als Haas \u00fcber links kam und Cudina am Tor vorbei schoss. Es folgten die \u00fcblichen Wechselspiele, zum Einsatz kam auch der aus der A-Jugend aufger\u00fcckte Masrur Paul Katamian. Auch der dritte SVH-Treffer wurde \u00fcber links vorbereitet, diesmal war es Rojhat \u00dcg\u00fct, der den vom Auslandsaufenthalt zur\u00fcckgekehrten Johannes Nordmeyer bediente &#8211; 0:3 (81.). Den Platzherren gelang in der letzten Minute per Distanzschuss von Kapit\u00e4n Tim Hohn der Ehrentreffer (90.). &#8222;Nach drei Trainingseinheiten war es das erste Spiel, daf\u00fcr war es ganz okay. Von den Spielanteilen war es ausgeglichen, wir haben zweimal gut gekontert und die Tore gemacht. Der Sieg geht in Ordnung. Das war vom Einsatz her okay, aber die Abl\u00e4ufe fehlen noch. Es passt noch nicht konditionell und dadurch fehlte gegen Ende die Konzentration&#8220;, sch\u00e4tzte Berggold den ersten Test ein.<\/p>\n<p>Mit der Leistung der Neuzug\u00e4nge war der Coach zufrieden: &#8222;Alle neuen Spieler haben ein gutes Spiel gemacht, nach der Woche war es schwer, spielerische Akzente zu setzen. F\u00fcr Tom war es ein guter Einstand mit zwei Toren, ich erwarte auf seiner Position aber auch, dass er in diese R\u00e4ume rein geht.&#8220; Weiter geht es am kommenden Sonntag mit einem kurzfristig vereinbarten Derby an der Niedwiesenstra\u00dfe beim A-Ligisten TSG 51 (15 Uhr).<\/p>\n<h3><span style=\"text-decoration: underline;\">Schiedsrichter: Gerold Presl (FSV Kloppenheim). Zuschauer: 73. <\/span><\/h3>\n<h3><span style=\"text-decoration: underline;\">Tore: 0:1, 0:2 Tomislav Cudina (10.\/53.), 0:3 Johannes Nordmeyer (81.), 1:3 Tim Hohn (90.).\u00a0<\/span><\/h3>\n","protected":false},"excerpt":{"rendered":"<p>Das erste Testspiel zur neuen Saison hat der SV 07 Heddernheim erfolgreich bestritten. Beim Gruppenliga-Absteiger SV Gronau gab es einen 3:1-Sieg. SV Gronau &#8211; SV 07 Heddernheim 1:3 (0:1) Vor sechs Jahren hatten die Heddernheimer schon einmal ihr erstes Testspiel in Gronau bestritten. 2018, w\u00e4hrend der WM in Russland, gab es ein 3:3 auf dem [&hellip;]<\/p>\n","protected":false},"author":1,"featured_media":19814,"comment_status":"open","ping_status":"open","sticky":true,"template":"","format":"standard","meta":{"footnotes":""},"categories":[21],"tags":[],"class_list":["post-19813","post","type-post","status-publish","format-standard","has-post-thumbnail","hentry","category-testspiele"],"_links":{"self":[{"href":"https:\/\/insideamateurfussball-ffm.de\/index.php?rest_route=\/wp\/v2\/posts\/19813","targetHints":{"allow":["GET"]}}],"collection":[{"href":"https:\/\/insideamateurfussball-ffm.de\/index.php?rest_route=\/wp\/v2\/posts"}],"about":[{"href":"https:\/\/insideamateurfussball-ffm.de\/index.php?rest_route=\/wp\/v2\/types\/post"}],"author":[{"embeddable":true,"href":"https:\/\/insideamateurfussball-ffm.de\/index.php?rest_route=\/wp\/v2\/users\/1"}],"replies":[{"embeddable":true,"href":"https:\/\/insideamateurfussball-ffm.de\/index.php?rest_route=%2Fwp%2Fv2%2Fcomments&post=19813"}],"version-history":[{"count":1,"href":"https:\/\/insideamateurfussball-ffm.de\/index.php?rest_route=\/wp\/v2\/posts\/19813\/revisions"}],"predecessor-version":[{"id":19815,"href":"https:\/\/insideamateurfussball-ffm.de\/index.php?rest_route=\/wp\/v2\/posts\/19813\/revisions\/19815"}],"wp:featuredmedia":[{"embeddable":true,"href":"https:\/\/insideamateurfussball-ffm.de\/index.php?rest_route=\/wp\/v2\/media\/19814"}],"wp:attachment":[{"href":"https:\/\/insideamateurfussball-ffm.de\/index.php?rest_route=%2Fwp%2Fv2%2Fmedia&parent=19813"}],"wp:term":[{"taxonomy":"category","embeddable":true,"href":"https:\/\/insideamateurfussball-ffm.de\/index.php?rest_route=%2Fwp%2Fv2%2Fcategories&post=19813"},{"taxonomy":"post_tag","embeddable":true,"href":"https:\/\/insideamateurfussball-ffm.de\/index.php?rest_route=%2Fwp%2Fv2%2Ftags&post=19813"}],"curies":[{"name":"wp","href":"https:\/\/api.w.org\/{rel}","templated":true}]}}