{"id":19804,"date":"2024-07-04T21:20:37","date_gmt":"2024-07-04T19:20:37","guid":{"rendered":"https:\/\/insideamateurfussball-ffm.de\/?p=19804"},"modified":"2024-07-04T21:20:37","modified_gmt":"2024-07-04T19:20:37","slug":"antonie-und-cherano-nach-bad-nauheim","status":"publish","type":"post","link":"https:\/\/insideamateurfussball-ffm.de\/?p=19804","title":{"rendered":"Antonie und Cherano nach Bad Nauheim"},"content":{"rendered":"<h3>Antonie und Cherano Willef\u00fchr haben den SV Viktoria Preu\u00dfen doch noch verlassen und sind zum T\u00fcrkischen SV Bad Nauheim in die Gruppenliga Frankfurt West gewechselt.<\/h3>\n<figure id=\"attachment_19551\" aria-describedby=\"caption-attachment-19551\" style=\"width: 923px\" class=\"wp-caption alignnone\"><img loading=\"lazy\" decoding=\"async\" class=\"wp-image-19551 size-full\" src=\"http:\/\/insideamateurfussball-ffm.de\/wp-content\/uploads\/2024\/06\/DSC_5116.jpg\" alt=\"\" width=\"923\" height=\"692\" srcset=\"https:\/\/insideamateurfussball-ffm.de\/wp-content\/uploads\/2024\/06\/DSC_5116.jpg 923w, https:\/\/insideamateurfussball-ffm.de\/wp-content\/uploads\/2024\/06\/DSC_5116-300x225.jpg 300w, https:\/\/insideamateurfussball-ffm.de\/wp-content\/uploads\/2024\/06\/DSC_5116-768x576.jpg 768w\" sizes=\"auto, (max-width: 923px) 100vw, 923px\" \/><figcaption id=\"caption-attachment-19551\" class=\"wp-caption-text\">Antonie Willef\u00fchr ist mit seinem Bruder Cherano nach Bad Nauheim gewechselt. Foto: Archiv J\u00f6rg Schulz.<\/figcaption><\/figure>\n<p><img loading=\"lazy\" decoding=\"async\" class=\"alignnone size-full wp-image-12\" src=\"http:\/\/insideamateurfussball-ffm.de\/wp-content\/uploads\/2021\/11\/preussen.jpg\" alt=\"\" width=\"72\" height=\"80\" \/><img loading=\"lazy\" decoding=\"async\" class=\"alignnone size-full wp-image-2300\" src=\"http:\/\/insideamateurfussball-ffm.de\/wp-content\/uploads\/2022\/08\/TSVBN.jpg\" alt=\"\" width=\"80\" height=\"80\" \/><\/p>\n<p>Nachdem wir bereits den Wechsel von Giuliano Amante und Oskar Copik zum SV Niederursel vermeldeten wurde jetzt bekannt, dass auch Antonie und Cherano Willef\u00fchr den Club von der H\u00fcgelstra\u00dfe verlassen haben, der als Vizemeister der Kreisoberliga Frankfurt in der Relegation zur Gruppenliga Frankfurt West scheiterte.<\/p>\n<p>In diese wechselt das Br\u00fcderpaar nun und hat sich dem T\u00fcrkischen SV Bad Nauheim angeschlossen. Das best\u00e4tigte Antonie Willef\u00fchr gegen\u00fcber unserem Portal. Der nun Ex-Kapit\u00e4n der Preu\u00dfen, zuvor acht Jahre lang beim SV 07 Heddernheim aktiv: &#8222;Wir haben ein Angebot erhalten, das wir nicht ausschlagen konnten. Wir k\u00f6nnen uns nun in der Gruppenliga beweisen.&#8220;<\/p>\n<h3><span style=\"text-decoration: underline;\">Sp\u00e4ter Zeitpunkt der Abmeldung trifft Viktoria Preu\u00dfen hart<\/span><\/h3>\n<p>Er und der Torsch\u00fctzenk\u00f6nig der KOL Cherano seien beim ersten Relegationsspiel gegen Oberh\u00f6chstadt (3:3), welches auf neutralem Platz in Bad Nauheim-R\u00f6dgen ausgetragen wurde, von den Verantwortlichen des TSV angesprochen worden. &#8222;Wir hatten gute Gespr\u00e4che, zudem stehen in der Mannschaft Spieler, die wir kennen&#8220;, erkl\u00e4rt Antonie Willef\u00fchr.<\/p>\n<p>Den sp\u00e4ten Zeitpunkt der Abmeldung am letzten Tag der Wechselfrist bedauert er: &#8222;Es tut uns leid f\u00fcr die Preu\u00dfen, wo wir uns sehr wohl gef\u00fchlt haben. Besonders mit dem Abteilungsleiter Thomas Mahlau kamen wir gut klar. Aber so ist der Fu\u00dfball und wir wollten diese neue Herausforderung annehmen.&#8220;<\/p>\n","protected":false},"excerpt":{"rendered":"<p>Antonie und Cherano Willef\u00fchr haben den SV Viktoria Preu\u00dfen doch noch verlassen und sind zum T\u00fcrkischen SV Bad Nauheim in die Gruppenliga Frankfurt West gewechselt. Nachdem wir bereits den Wechsel von Giuliano Amante und Oskar Copik zum SV Niederursel vermeldeten wurde jetzt bekannt, dass auch Antonie und Cherano Willef\u00fchr den Club von der H\u00fcgelstra\u00dfe verlassen [&hellip;]<\/p>\n","protected":false},"author":1,"featured_media":19551,"comment_status":"open","ping_status":"open","sticky":true,"template":"","format":"standard","meta":{"footnotes":""},"categories":[13],"tags":[],"class_list":["post-19804","post","type-post","status-publish","format-standard","has-post-thumbnail","hentry","category-gruppenliga-frankfurt-west"],"_links":{"self":[{"href":"https:\/\/insideamateurfussball-ffm.de\/index.php?rest_route=\/wp\/v2\/posts\/19804","targetHints":{"allow":["GET"]}}],"collection":[{"href":"https:\/\/insideamateurfussball-ffm.de\/index.php?rest_route=\/wp\/v2\/posts"}],"about":[{"href":"https:\/\/insideamateurfussball-ffm.de\/index.php?rest_route=\/wp\/v2\/types\/post"}],"author":[{"embeddable":true,"href":"https:\/\/insideamateurfussball-ffm.de\/index.php?rest_route=\/wp\/v2\/users\/1"}],"replies":[{"embeddable":true,"href":"https:\/\/insideamateurfussball-ffm.de\/index.php?rest_route=%2Fwp%2Fv2%2Fcomments&post=19804"}],"version-history":[{"count":1,"href":"https:\/\/insideamateurfussball-ffm.de\/index.php?rest_route=\/wp\/v2\/posts\/19804\/revisions"}],"predecessor-version":[{"id":19805,"href":"https:\/\/insideamateurfussball-ffm.de\/index.php?rest_route=\/wp\/v2\/posts\/19804\/revisions\/19805"}],"wp:featuredmedia":[{"embeddable":true,"href":"https:\/\/insideamateurfussball-ffm.de\/index.php?rest_route=\/wp\/v2\/media\/19551"}],"wp:attachment":[{"href":"https:\/\/insideamateurfussball-ffm.de\/index.php?rest_route=%2Fwp%2Fv2%2Fmedia&parent=19804"}],"wp:term":[{"taxonomy":"category","embeddable":true,"href":"https:\/\/insideamateurfussball-ffm.de\/index.php?rest_route=%2Fwp%2Fv2%2Fcategories&post=19804"},{"taxonomy":"post_tag","embeddable":true,"href":"https:\/\/insideamateurfussball-ffm.de\/index.php?rest_route=%2Fwp%2Fv2%2Ftags&post=19804"}],"curies":[{"name":"wp","href":"https:\/\/api.w.org\/{rel}","templated":true}]}}