{"id":19774,"date":"2024-07-02T20:47:23","date_gmt":"2024-07-02T18:47:23","guid":{"rendered":"https:\/\/insideamateurfussball-ffm.de\/?p=19774"},"modified":"2024-07-02T20:48:46","modified_gmt":"2024-07-02T18:48:46","slug":"sv-niederursel-stellt-neuzugang-amante-vor","status":"publish","type":"post","link":"https:\/\/insideamateurfussball-ffm.de\/?p=19774","title":{"rendered":"SV Niederursel stellt Neuzugang Amante vor"},"content":{"rendered":"<h5><span style=\"font-size: 16px;\">Nach Philipp Siegel vom SV 07 Heddernheim und Oskar Copik vom SV Viktoria Preu\u00dfen hat der ambitionierte A-Ligist SV Niederursel mit Giuliano Amante den dritten Neuzugang vorgestellt. Auch der Mittelfeldspieler kommt wie der neue Trainer Artur Rissling von den &#8222;Preu\u00dfen&#8220; an den Dorfwiesenweg.\u00a0<\/span><\/h5>\n<figure id=\"attachment_19775\" aria-describedby=\"caption-attachment-19775\" style=\"width: 651px\" class=\"wp-caption alignleft\"><img loading=\"lazy\" decoding=\"async\" class=\"wp-image-19775\" src=\"http:\/\/insideamateurfussball-ffm.de\/wp-content\/uploads\/2024\/07\/amantegiu-1024x930.jpg\" alt=\"\" width=\"651\" height=\"591\" srcset=\"https:\/\/insideamateurfussball-ffm.de\/wp-content\/uploads\/2024\/07\/amantegiu-1024x930.jpg 1024w, https:\/\/insideamateurfussball-ffm.de\/wp-content\/uploads\/2024\/07\/amantegiu-300x273.jpg 300w, https:\/\/insideamateurfussball-ffm.de\/wp-content\/uploads\/2024\/07\/amantegiu-768x698.jpg 768w, https:\/\/insideamateurfussball-ffm.de\/wp-content\/uploads\/2024\/07\/amantegiu.jpg 1080w\" sizes=\"auto, (max-width: 651px) 100vw, 651px\" \/><figcaption id=\"caption-attachment-19775\" class=\"wp-caption-text\">Mittelfeldspieler Giuliano Amante mit Niederursels Sportlichem Leiter Max Gebhardt. Foto: Instagram\/SV Niederursel.<\/figcaption><\/figure>\n<p><img loading=\"lazy\" decoding=\"async\" class=\"alignnone size-full wp-image-2580\" src=\"http:\/\/insideamateurfussball-ffm.de\/wp-content\/uploads\/2022\/09\/Niederursel.png\" alt=\"\" width=\"63\" height=\"80\" \/><\/p>\n<p><span style=\"font-size: 16px;\">Nach sieben Jahren bei Viktoria Preu\u00dfen wechselt Amante an den Dorfwiesenweg. &#8222;Er kennt das Umfeld und einige Jungs, da sind Freunde dabei. Nat\u00fcrlich spielt auch das gute Verh\u00e4ltnis zu Artur Rissling eine gute Rolle&#8220;, erkl\u00e4rt Max Gebhardt, der Sportliche Leiter des SV Niederursel.<\/span><\/p>\n<p><span style=\"font-size: 16px;\"> Aufgrund der Fertigstellung der umgebauten Sportanlage mit dem neuen Kunstrasenplatz plant der Traditionsverein aus dem Nordwesten ein langfristiges Projekt.<\/span><\/p>\n<ul>\n<li><strong><span style=\"font-size: 16px;\">Siegel kehrt mit Legendenstatus zur\u00fcck <\/span><\/strong><\/li>\n<\/ul>\n<p><span style=\"font-size: 16px;\">&#8222;Wir wollen oben mitspielen und m\u00f6glichst aufsteigen&#8220;, sagt Gebhardt. Der SVN war 2012 aus der Kreisoberliga abgestiegen und einige Jahre sp\u00e4ter aus dem Spielbetrieb ausgestiegen. In den letzten Jahren nahm Niederursel wieder eine gute Entwicklung, musste aber in der letzten Saison die Heimspiele im Praunheimer &#8222;Exil&#8220; austragen und verpasste den Aufstieg als Vierter nur knapp. F\u00fcr die neue Runde hat man auch eine Zweite Mannschaft gemeldet, f\u00fcr die ein &#8222;Kennenlern-Training&#8220; am 10. Juli (19.30 Uhr) anberaumt wurde.<\/span><\/p>\n<p><span style=\"font-size: 16px;\">Ein weiterer Eckpfeiler soll neben Copik auch Philipp Siegel werden, der nach zw\u00f6lf Jahren beim Nachbarn SV 07 Heddernheim mit Legendenstatus zu seinem Heimatclub zur\u00fcckkehrt. &#8222;Seine Erfahrung wird uns mit Sicherheit helfen&#8220;, sagt Gebhardt zum 35-j\u00e4hrigen. Trainingsauftakt war am Montagabend, der erste Test geht am Sonntag gegen Mammolshain \u00fcber die B\u00fchne. Als Abgang wurde hingegen Ilias Becker vermeldet, der sich fortan auf seine Traineraufgabe bei den Damen der Spvgg. Oberrad konzentriert.\u00a0<\/span><\/p>\n<figure id=\"attachment_19776\" aria-describedby=\"caption-attachment-19776\" style=\"width: 651px\" class=\"wp-caption alignleft\"><img loading=\"lazy\" decoding=\"async\" class=\"wp-image-19776\" src=\"http:\/\/insideamateurfussball-ffm.de\/wp-content\/uploads\/2024\/07\/Cpik-1024x889.jpg\" alt=\"\" width=\"651\" height=\"565\" srcset=\"https:\/\/insideamateurfussball-ffm.de\/wp-content\/uploads\/2024\/07\/Cpik-1024x889.jpg 1024w, https:\/\/insideamateurfussball-ffm.de\/wp-content\/uploads\/2024\/07\/Cpik-300x261.jpg 300w, https:\/\/insideamateurfussball-ffm.de\/wp-content\/uploads\/2024\/07\/Cpik-768x667.jpg 768w, https:\/\/insideamateurfussball-ffm.de\/wp-content\/uploads\/2024\/07\/Cpik.jpg 1080w\" sizes=\"auto, (max-width: 651px) 100vw, 651px\" \/><figcaption id=\"caption-attachment-19776\" class=\"wp-caption-text\">Oskar Copik (links) und Philipp Siegel (rechts) mit Max Gebhardt. Foto: SV Niederursel\/Instagram.<\/figcaption><\/figure>\n<h5><\/h5>\n","protected":false},"excerpt":{"rendered":"<p>Nach Philipp Siegel vom SV 07 Heddernheim und Oskar Copik vom SV Viktoria Preu\u00dfen hat der ambitionierte A-Ligist SV Niederursel mit Giuliano Amante den dritten Neuzugang vorgestellt. Auch der Mittelfeldspieler kommt wie der neue Trainer Artur Rissling von den &#8222;Preu\u00dfen&#8220; an den Dorfwiesenweg.\u00a0 Nach sieben Jahren bei Viktoria Preu\u00dfen wechselt Amante an den Dorfwiesenweg. &#8222;Er [&hellip;]<\/p>\n","protected":false},"author":1,"featured_media":19775,"comment_status":"open","ping_status":"open","sticky":true,"template":"","format":"standard","meta":{"footnotes":""},"categories":[12],"tags":[],"class_list":["post-19774","post","type-post","status-publish","format-standard","has-post-thumbnail","hentry","category-kreisliga-a1"],"_links":{"self":[{"href":"https:\/\/insideamateurfussball-ffm.de\/index.php?rest_route=\/wp\/v2\/posts\/19774","targetHints":{"allow":["GET"]}}],"collection":[{"href":"https:\/\/insideamateurfussball-ffm.de\/index.php?rest_route=\/wp\/v2\/posts"}],"about":[{"href":"https:\/\/insideamateurfussball-ffm.de\/index.php?rest_route=\/wp\/v2\/types\/post"}],"author":[{"embeddable":true,"href":"https:\/\/insideamateurfussball-ffm.de\/index.php?rest_route=\/wp\/v2\/users\/1"}],"replies":[{"embeddable":true,"href":"https:\/\/insideamateurfussball-ffm.de\/index.php?rest_route=%2Fwp%2Fv2%2Fcomments&post=19774"}],"version-history":[{"count":2,"href":"https:\/\/insideamateurfussball-ffm.de\/index.php?rest_route=\/wp\/v2\/posts\/19774\/revisions"}],"predecessor-version":[{"id":19778,"href":"https:\/\/insideamateurfussball-ffm.de\/index.php?rest_route=\/wp\/v2\/posts\/19774\/revisions\/19778"}],"wp:featuredmedia":[{"embeddable":true,"href":"https:\/\/insideamateurfussball-ffm.de\/index.php?rest_route=\/wp\/v2\/media\/19775"}],"wp:attachment":[{"href":"https:\/\/insideamateurfussball-ffm.de\/index.php?rest_route=%2Fwp%2Fv2%2Fmedia&parent=19774"}],"wp:term":[{"taxonomy":"category","embeddable":true,"href":"https:\/\/insideamateurfussball-ffm.de\/index.php?rest_route=%2Fwp%2Fv2%2Fcategories&post=19774"},{"taxonomy":"post_tag","embeddable":true,"href":"https:\/\/insideamateurfussball-ffm.de\/index.php?rest_route=%2Fwp%2Fv2%2Ftags&post=19774"}],"curies":[{"name":"wp","href":"https:\/\/api.w.org\/{rel}","templated":true}]}}