{"id":19754,"date":"2024-06-26T21:48:59","date_gmt":"2024-06-26T19:48:59","guid":{"rendered":"https:\/\/insideamateurfussball-ffm.de\/?p=19754"},"modified":"2024-06-27T20:52:36","modified_gmt":"2024-06-27T18:52:36","slug":"pokalauslosung-auf-ausserordentlichen-kreisfussballtag","status":"publish","type":"post","link":"https:\/\/insideamateurfussball-ffm.de\/?p=19754","title":{"rendered":"Pokalauslosung auf au\u00dferordentlichen Kreisfu\u00dfballtag"},"content":{"rendered":"<h5><span style=\"font-size: 16px;\">Am Samstag treffen sich die Vereine ab 10 Uhr beim SV Viktoria Preu\u00dfen zu einem au\u00dferordentlichen Verbandstag. Dabei wird auch die Auslosung des Kreispokals zelebriert.\u00a0<\/span><\/h5>\n<figure id=\"attachment_19758\" aria-describedby=\"caption-attachment-19758\" style=\"width: 150px\" class=\"wp-caption alignleft\"><img loading=\"lazy\" decoding=\"async\" class=\"wp-image-19758 size-thumbnail\" src=\"http:\/\/insideamateurfussball-ffm.de\/wp-content\/uploads\/2024\/06\/pokal-150x150.jpg\" alt=\"\" width=\"150\" height=\"150\" \/><figcaption id=\"caption-attachment-19758\" class=\"wp-caption-text\">Grafik: Mithat G\u00fcrser.<\/figcaption><\/figure>\n<p><span style=\"font-size: 16px;\">Ein Kreisfu\u00dfballtag findet normalerweise nur alle vier Jahre statt. Dieser war am 4. M\u00e4rz im Titusforum im Nordwestzentrum \u00fcber die B\u00fchne gegangen. Dabei war unter anderem Rainer Nagel als Kreisfu\u00dfballwart f\u00fcr eine weitere Amtsperiode best\u00e4tigt worden. <\/span><\/p>\n<p><span style=\"font-size: 16px;\">Nun musste Nagel die Vereine des Fu\u00dfballkreises zu einem au\u00dferordentlichen Kreisfu\u00dfballtag einladen, der am Samstag ab 10 Uhr im Clubhaus des SV Viktoria Preu\u00dfen auf der Bezirkssportanlage Nord im Rahmen einer Pr\u00e4senzveranstaltung abgehalten wird.<\/span><\/p>\n<ul>\n<li><strong><span style=\"font-size: 16px;\">Wichtige Informationen zur Saison 2024\/25<\/span><\/strong><\/li>\n<\/ul>\n<p><span style=\"font-size: 16px;\">Hintergrund ist die Beanstandung eines Vereinsvertreters gegen die erfolgte Wahl der Delegierten zum diesj\u00e4hrigen Verbandstag Ende September in Gr\u00fcnberg. Das Pr\u00e4sidium des Hessischen Fu\u00dfball-Verbandes gab dieser Beschwerde statt und ordnete die Wiederholung der Delegiertenwahl an. Und so sind die Vereine angehalten, zu dieser Pflichtsitzung einen entscheidungsbevollm\u00e4chtigten Vertreter zu entsenden. <\/span><\/p>\n<p><span style=\"font-size: 16px;\">Im Anschluss daran findet die Auslosung der 1. Runde des Kreispokals der Senioren und den SOMA-Teams statt. Ebenso will Nagel im Rahmen der Veranstaltung mit seinem Stellvertreter Marc Keim wichtige Informationen f\u00fcr die kommende Saison 2024\/25 bekanntgeben.<\/span><\/p>\n","protected":false},"excerpt":{"rendered":"<p>Am Samstag treffen sich die Vereine ab 10 Uhr beim SV Viktoria Preu\u00dfen zu einem au\u00dferordentlichen Verbandstag. Dabei wird auch die Auslosung des Kreispokals zelebriert.\u00a0 Ein Kreisfu\u00dfballtag findet normalerweise nur alle vier Jahre statt. Dieser war am 4. M\u00e4rz im Titusforum im Nordwestzentrum \u00fcber die B\u00fchne gegangen. Dabei war unter anderem Rainer Nagel als Kreisfu\u00dfballwart [&hellip;]<\/p>\n","protected":false},"author":1,"featured_media":19758,"comment_status":"open","ping_status":"open","sticky":true,"template":"","format":"standard","meta":{"footnotes":""},"categories":[9],"tags":[],"class_list":["post-19754","post","type-post","status-publish","format-standard","has-post-thumbnail","hentry","category-kreispokal"],"_links":{"self":[{"href":"https:\/\/insideamateurfussball-ffm.de\/index.php?rest_route=\/wp\/v2\/posts\/19754","targetHints":{"allow":["GET"]}}],"collection":[{"href":"https:\/\/insideamateurfussball-ffm.de\/index.php?rest_route=\/wp\/v2\/posts"}],"about":[{"href":"https:\/\/insideamateurfussball-ffm.de\/index.php?rest_route=\/wp\/v2\/types\/post"}],"author":[{"embeddable":true,"href":"https:\/\/insideamateurfussball-ffm.de\/index.php?rest_route=\/wp\/v2\/users\/1"}],"replies":[{"embeddable":true,"href":"https:\/\/insideamateurfussball-ffm.de\/index.php?rest_route=%2Fwp%2Fv2%2Fcomments&post=19754"}],"version-history":[{"count":4,"href":"https:\/\/insideamateurfussball-ffm.de\/index.php?rest_route=\/wp\/v2\/posts\/19754\/revisions"}],"predecessor-version":[{"id":19760,"href":"https:\/\/insideamateurfussball-ffm.de\/index.php?rest_route=\/wp\/v2\/posts\/19754\/revisions\/19760"}],"wp:featuredmedia":[{"embeddable":true,"href":"https:\/\/insideamateurfussball-ffm.de\/index.php?rest_route=\/wp\/v2\/media\/19758"}],"wp:attachment":[{"href":"https:\/\/insideamateurfussball-ffm.de\/index.php?rest_route=%2Fwp%2Fv2%2Fmedia&parent=19754"}],"wp:term":[{"taxonomy":"category","embeddable":true,"href":"https:\/\/insideamateurfussball-ffm.de\/index.php?rest_route=%2Fwp%2Fv2%2Fcategories&post=19754"},{"taxonomy":"post_tag","embeddable":true,"href":"https:\/\/insideamateurfussball-ffm.de\/index.php?rest_route=%2Fwp%2Fv2%2Ftags&post=19754"}],"curies":[{"name":"wp","href":"https:\/\/api.w.org\/{rel}","templated":true}]}}