{"id":19744,"date":"2024-06-24T20:08:56","date_gmt":"2024-06-24T18:08:56","guid":{"rendered":"https:\/\/insideamateurfussball-ffm.de\/?p=19744"},"modified":"2024-06-24T20:16:21","modified_gmt":"2024-06-24T18:16:21","slug":"fruehstarter-griesheim-55-gegen-olympia-ii","status":"publish","type":"post","link":"https:\/\/insideamateurfussball-ffm.de\/?p=19744","title":{"rendered":"Fr\u00fchstarter Griesheim 5:5 gegen Olympia II"},"content":{"rendered":"<h4>W\u00e4hrend sich die restlichen Vereine noch in der Sommerpause oder im EM-Fieber befinden, absolvierte die Spvgg. 02 Griesheim aus der Kreisoberliga schon am 23. Juni ihr erstes Testspiel im Hinblick auf die kommende Saison. Gegen den FFC Olympia 07 II, gerade aus der C-Klasse in die Kreisliga B aufgestiegen, gab es nach einer torreichen zweiten Halbzeit ein 5:5 (0:1).<\/h4>\n<figure id=\"attachment_19745\" aria-describedby=\"caption-attachment-19745\" style=\"width: 2048px\" class=\"wp-caption alignnone\"><img loading=\"lazy\" decoding=\"async\" class=\"wp-image-19745 size-full\" src=\"http:\/\/insideamateurfussball-ffm.de\/wp-content\/uploads\/2024\/06\/Gri-Oly.jpg\" alt=\"\" width=\"2048\" height=\"1536\" srcset=\"https:\/\/insideamateurfussball-ffm.de\/wp-content\/uploads\/2024\/06\/Gri-Oly.jpg 2048w, https:\/\/insideamateurfussball-ffm.de\/wp-content\/uploads\/2024\/06\/Gri-Oly-300x225.jpg 300w, https:\/\/insideamateurfussball-ffm.de\/wp-content\/uploads\/2024\/06\/Gri-Oly-1024x768.jpg 1024w, https:\/\/insideamateurfussball-ffm.de\/wp-content\/uploads\/2024\/06\/Gri-Oly-768x576.jpg 768w, https:\/\/insideamateurfussball-ffm.de\/wp-content\/uploads\/2024\/06\/Gri-Oly-1536x1152.jpg 1536w\" sizes=\"auto, (max-width: 2048px) 100vw, 2048px\" \/><figcaption id=\"caption-attachment-19745\" class=\"wp-caption-text\">Szene aus dem Testkick an der Eichenstra\u00dfe. Foto: PA.<\/figcaption><\/figure>\n<h4>Spvgg. 02 Griesheim &#8211; FFC Olympia 07 II 5:5 (0:1)<\/h4>\n<p><img loading=\"lazy\" decoding=\"async\" class=\"alignnone size-full wp-image-14\" src=\"http:\/\/insideamateurfussball-ffm.de\/wp-content\/uploads\/2021\/11\/SpVgg._02_Griesheim_02.jpg\" alt=\"\" width=\"100\" height=\"100\" \/><img loading=\"lazy\" decoding=\"async\" class=\"alignnone size-full wp-image-5626\" src=\"http:\/\/insideamateurfussball-ffm.de\/wp-content\/uploads\/2023\/02\/Olympia.jpg\" alt=\"\" width=\"80\" height=\"79\" \/><\/p>\n<p>&#8222;Wir sind schon seit einer Woche im Training. Ich fange immer so fr\u00fch an&#8220;, erkl\u00e4rte Griesheims Trainer Erc\u00fcment Sahin den Fr\u00fchstart. Mit einigen Neuzug\u00e4ngen und Testspielern ausgestattet lief vor allem im ersten Abschnitt nicht alles rund. Die G\u00e4ste aus dem Ostpark legten ein erstaunlich gutes Niveau an den Tag und f\u00fchrten zur Pause mit 1:0. Nach dem Seitenwechsel brachen auf beiden Seiten alle D\u00e4mme, wobei die G\u00e4ste sich einen Drei-Tore-Vorsprung f\u00fcnf Minuten vor Schluss noch in der Nachspielzeit nehmen lie\u00dfen.<\/p>\n<p>Amar Koljenovic gelang mit dem Schlusspfiff das 5:5 (90.\/+3). Sahin bewertete das Spiel nach der ersten Woche plus Extraeinheit am Spieltag: &#8220; Da haben mir die Jungs gezeigt, was ich f\u00fcr die Kaderanalyse gebraucht habe.&#8220; N\u00e4chste Woche werde es logischerweise wieder h\u00e4rter, &#8222;mal sehen wer sich bis zum 1. Spieltag noch auf den Beinen halten kann&#8220;, k\u00fcndigte Sahin ein hartes Sommerprogramm an.<\/p>\n<h4>Offenes Geheimnis: Duo Santoro\/Zeisel kehrt zur\u00fcck<\/h4>\n<p>Den Gegner &#8222;FFC Olympia 07 U23&#8220; habe er bewusst ausgew\u00e4hlt, &#8222;die sind schon l\u00e4nger im Trainingsbetrieb.&#8220; Die Griesheimer Spieler mussten unterdessen abseits des Spielfeldes noch eine 30-min\u00fctige Athletik-Einheit absolvieren. Derweil wurden unter den 57 Zuschauern mit Benjamin Zeisel und Fiorenzo Santoro zwei alte Bekannte an der Eichenstra\u00dfe gesichtet. Es gilt als offenes Geheimnis, dass sich das Duo zwei Jahre nach ihrem Abgang wieder den &#8222;Schleifern&#8220; anschlie\u00dfen wird.<\/p>\n<p>Santoro war zuletzt in der Verbandsliga Mitte bei Rot-Wei\u00df Hadamar verletzungsbedingt ohne Einsatz, Zeisel beim A-Ligisten DJK Schwarz-Wei\u00df Griesheim eine tragende Figur. Der Verein vom Rebstock hat bereits seinen Abgang vermeldet, eine offizielle Best\u00e4tigung von Griesheim 02 steht noch aus. Am kommenden Sonntag (16 Uhr) treffen Schwarz-Wei\u00df Griesheim und die Spvgg. 02 Griesheim im n\u00e4chsten Test aufeinander.<\/p>\n<h4>Schiedsrichter: Ayhan \u00dct\u00fcler (TSKV T\u00fcrkg\u00fcc\u00fc). Zuschauer: 57.<\/h4>\n<h4>Tore: 0:1 Volkan G\u00fcltekin (33.), 0:2 Vincent Maa\u00df (52.), 1:2 Nummer 9 (55.), 2:2 Jeffry Nimako (69.), 2:3 Volkan G\u00fcltekin (73.), 2:4 Omar El Mezouar (83.), 2:5 Quim Streb Martorell (85.), 3:5 Mesud Mesanovic (86.), 4:5 Jeffry Nimako (87.), 5:5 Amar Koljenovic (90.\/+3).<\/h4>\n","protected":false},"excerpt":{"rendered":"<p>W\u00e4hrend sich die restlichen Vereine noch in der Sommerpause oder im EM-Fieber befinden, absolvierte die Spvgg. 02 Griesheim aus der Kreisoberliga schon am 23. Juni ihr erstes Testspiel im Hinblick auf die kommende Saison. Gegen den FFC Olympia 07 II, gerade aus der C-Klasse in die Kreisliga B aufgestiegen, gab es nach einer torreichen zweiten [&hellip;]<\/p>\n","protected":false},"author":1,"featured_media":19745,"comment_status":"open","ping_status":"open","sticky":true,"template":"","format":"standard","meta":{"footnotes":""},"categories":[21],"tags":[],"class_list":["post-19744","post","type-post","status-publish","format-standard","has-post-thumbnail","hentry","category-testspiele"],"_links":{"self":[{"href":"https:\/\/insideamateurfussball-ffm.de\/index.php?rest_route=\/wp\/v2\/posts\/19744","targetHints":{"allow":["GET"]}}],"collection":[{"href":"https:\/\/insideamateurfussball-ffm.de\/index.php?rest_route=\/wp\/v2\/posts"}],"about":[{"href":"https:\/\/insideamateurfussball-ffm.de\/index.php?rest_route=\/wp\/v2\/types\/post"}],"author":[{"embeddable":true,"href":"https:\/\/insideamateurfussball-ffm.de\/index.php?rest_route=\/wp\/v2\/users\/1"}],"replies":[{"embeddable":true,"href":"https:\/\/insideamateurfussball-ffm.de\/index.php?rest_route=%2Fwp%2Fv2%2Fcomments&post=19744"}],"version-history":[{"count":4,"href":"https:\/\/insideamateurfussball-ffm.de\/index.php?rest_route=\/wp\/v2\/posts\/19744\/revisions"}],"predecessor-version":[{"id":19749,"href":"https:\/\/insideamateurfussball-ffm.de\/index.php?rest_route=\/wp\/v2\/posts\/19744\/revisions\/19749"}],"wp:featuredmedia":[{"embeddable":true,"href":"https:\/\/insideamateurfussball-ffm.de\/index.php?rest_route=\/wp\/v2\/media\/19745"}],"wp:attachment":[{"href":"https:\/\/insideamateurfussball-ffm.de\/index.php?rest_route=%2Fwp%2Fv2%2Fmedia&parent=19744"}],"wp:term":[{"taxonomy":"category","embeddable":true,"href":"https:\/\/insideamateurfussball-ffm.de\/index.php?rest_route=%2Fwp%2Fv2%2Fcategories&post=19744"},{"taxonomy":"post_tag","embeddable":true,"href":"https:\/\/insideamateurfussball-ffm.de\/index.php?rest_route=%2Fwp%2Fv2%2Ftags&post=19744"}],"curies":[{"name":"wp","href":"https:\/\/api.w.org\/{rel}","templated":true}]}}