{"id":19741,"date":"2024-06-24T19:16:39","date_gmt":"2024-06-24T17:16:39","guid":{"rendered":"https:\/\/insideamateurfussball-ffm.de\/?p=19741"},"modified":"2024-06-24T19:16:39","modified_gmt":"2024-06-24T17:16:39","slug":"amateurfussball-trauert-um-ralf-mueller","status":"publish","type":"post","link":"https:\/\/insideamateurfussball-ffm.de\/?p=19741","title":{"rendered":"Amateurfu\u00dfball trauert um Ralf M\u00fcller"},"content":{"rendered":"<h4>Der Frankfurter Amateurfu\u00dfball trauert um Ralf M\u00fcller. Am Freitag ist der 57-j\u00e4hrige Funktion\u00e4r pl\u00f6tzlich und unerwartet verstorben.<\/h4>\n<figure id=\"attachment_19742\" aria-describedby=\"caption-attachment-19742\" style=\"width: 737px\" class=\"wp-caption alignnone\"><img loading=\"lazy\" decoding=\"async\" class=\"wp-image-19742\" src=\"http:\/\/insideamateurfussball-ffm.de\/wp-content\/uploads\/2024\/06\/RALF-MULLER.jpg\" alt=\"\" width=\"737\" height=\"757\" srcset=\"https:\/\/insideamateurfussball-ffm.de\/wp-content\/uploads\/2024\/06\/RALF-MULLER.jpg 729w, https:\/\/insideamateurfussball-ffm.de\/wp-content\/uploads\/2024\/06\/RALF-MULLER-292x300.jpg 292w\" sizes=\"auto, (max-width: 737px) 100vw, 737px\" \/><figcaption id=\"caption-attachment-19742\" class=\"wp-caption-text\">Ralf M\u00fcller wird den Amateurfu\u00dfballern fehlen. Grafik: Mithat G\u00fcrser.<\/figcaption><\/figure>\n<p>M\u00fcller war einer der bekanntesten Vereinsvertreter im Fu\u00dfball-Kreis, der stets aktiv an den Rundenbesprechungen teilnahm. Rund 30 Jahre lang war er im Spielausschuss von Germania Ginnheim aktiv, davon 20 Jahre als Vorstandsmitglied.<\/p>\n<p>&#8222;RaM\u00fc&#8220;, wie er an der Woogwiese genannt wurde, &#8222;f\u00f6rderte nicht nur unseren Fu\u00dfball-Betrieb, sondern legte auch immer gro\u00dfen Wert auf das Vereinsleben sowie die Fr\u00f6hlichkeit in unserer Gemeinschaft&#8220;, hob Tony Gering, langj\u00e4hriger Ginnheimer Weggef\u00e4hrte, hervor.<\/p>\n<p>Im Fr\u00fchjahr 2023 vollzog M\u00fcller einen unerwarteten Vereinswechsel und schloss sich der SG Praunheim an, wo er in kurzer Zeit viele neue Akzente im Spielausschuss setzte.<\/p>\n<p>&#8222;Der Tod Ralf M\u00fcllers ist als Mensch und \u00fcberzeugter Ehrenamtler ein gro\u00dfer Verlust f\u00fcr den gesamten Fu\u00dfballkreis Frankfurt&#8220;, schreibt die SG Praunheim auf ihrem Profil bei Instagram.<\/p>\n","protected":false},"excerpt":{"rendered":"<p>Der Frankfurter Amateurfu\u00dfball trauert um Ralf M\u00fcller. Am Freitag ist der 57-j\u00e4hrige Funktion\u00e4r pl\u00f6tzlich und unerwartet verstorben. M\u00fcller war einer der bekanntesten Vereinsvertreter im Fu\u00dfball-Kreis, der stets aktiv an den Rundenbesprechungen teilnahm. Rund 30 Jahre lang war er im Spielausschuss von Germania Ginnheim aktiv, davon 20 Jahre als Vorstandsmitglied. &#8222;RaM\u00fc&#8220;, wie er an der Woogwiese [&hellip;]<\/p>\n","protected":false},"author":1,"featured_media":19742,"comment_status":"open","ping_status":"open","sticky":true,"template":"","format":"standard","meta":{"footnotes":""},"categories":[34],"tags":[],"class_list":["post-19741","post","type-post","status-publish","format-standard","has-post-thumbnail","hentry","category-trauer"],"_links":{"self":[{"href":"https:\/\/insideamateurfussball-ffm.de\/index.php?rest_route=\/wp\/v2\/posts\/19741","targetHints":{"allow":["GET"]}}],"collection":[{"href":"https:\/\/insideamateurfussball-ffm.de\/index.php?rest_route=\/wp\/v2\/posts"}],"about":[{"href":"https:\/\/insideamateurfussball-ffm.de\/index.php?rest_route=\/wp\/v2\/types\/post"}],"author":[{"embeddable":true,"href":"https:\/\/insideamateurfussball-ffm.de\/index.php?rest_route=\/wp\/v2\/users\/1"}],"replies":[{"embeddable":true,"href":"https:\/\/insideamateurfussball-ffm.de\/index.php?rest_route=%2Fwp%2Fv2%2Fcomments&post=19741"}],"version-history":[{"count":1,"href":"https:\/\/insideamateurfussball-ffm.de\/index.php?rest_route=\/wp\/v2\/posts\/19741\/revisions"}],"predecessor-version":[{"id":19743,"href":"https:\/\/insideamateurfussball-ffm.de\/index.php?rest_route=\/wp\/v2\/posts\/19741\/revisions\/19743"}],"wp:featuredmedia":[{"embeddable":true,"href":"https:\/\/insideamateurfussball-ffm.de\/index.php?rest_route=\/wp\/v2\/media\/19742"}],"wp:attachment":[{"href":"https:\/\/insideamateurfussball-ffm.de\/index.php?rest_route=%2Fwp%2Fv2%2Fmedia&parent=19741"}],"wp:term":[{"taxonomy":"category","embeddable":true,"href":"https:\/\/insideamateurfussball-ffm.de\/index.php?rest_route=%2Fwp%2Fv2%2Fcategories&post=19741"},{"taxonomy":"post_tag","embeddable":true,"href":"https:\/\/insideamateurfussball-ffm.de\/index.php?rest_route=%2Fwp%2Fv2%2Ftags&post=19741"}],"curies":[{"name":"wp","href":"https:\/\/api.w.org\/{rel}","templated":true}]}}