{"id":19738,"date":"2024-06-21T19:51:10","date_gmt":"2024-06-21T17:51:10","guid":{"rendered":"https:\/\/insideamateurfussball-ffm.de\/?p=19738"},"modified":"2024-06-21T19:51:10","modified_gmt":"2024-06-21T17:51:10","slug":"kalbach-holt-routinier-anthony-wade","status":"publish","type":"post","link":"https:\/\/insideamateurfussball-ffm.de\/?p=19738","title":{"rendered":"Kalbach holt Routinier Anthony Wade"},"content":{"rendered":"<h4>Der FC Kalbach gibt die Verpflichtung des 37-j\u00e4hrigen Anthony Wade bekannt, der vom Ligakonkurrenten FC Neu-Anspach an den Hopfenbrunnen wechselt.<\/h4>\n<figure id=\"attachment_19739\" aria-describedby=\"caption-attachment-19739\" style=\"width: 1080px\" class=\"wp-caption alignnone\"><img loading=\"lazy\" decoding=\"async\" class=\"wp-image-19739 size-full\" src=\"http:\/\/insideamateurfussball-ffm.de\/wp-content\/uploads\/2024\/06\/wade.jpg\" alt=\"\" width=\"1080\" height=\"1015\" srcset=\"https:\/\/insideamateurfussball-ffm.de\/wp-content\/uploads\/2024\/06\/wade.jpg 1080w, https:\/\/insideamateurfussball-ffm.de\/wp-content\/uploads\/2024\/06\/wade-300x282.jpg 300w, https:\/\/insideamateurfussball-ffm.de\/wp-content\/uploads\/2024\/06\/wade-1024x962.jpg 1024w, https:\/\/insideamateurfussball-ffm.de\/wp-content\/uploads\/2024\/06\/wade-768x722.jpg 768w\" sizes=\"auto, (max-width: 1080px) 100vw, 1080px\" \/><figcaption id=\"caption-attachment-19739\" class=\"wp-caption-text\">Der Sportliche Leiter Samuel Gebrehiwot stellt Neuzugang Anthony Wade vor. Foto: FC Kalbach\/Instagram.\u00a0<\/figcaption><\/figure>\n<p><img loading=\"lazy\" decoding=\"async\" class=\"alignnone size-full wp-image-16\" src=\"http:\/\/insideamateurfussball-ffm.de\/wp-content\/uploads\/2021\/11\/kalbach-wappen.jpg\" alt=\"\" width=\"80\" height=\"80\" \/><\/p>\n<p>280 Hessenligaspiele mit 85 Toren (1. FC Eschborn, Rot-Weiss Frankfurt, FC Bayern Alzenau, FC Eddersheim), 29 Regionalligaspiele f\u00fcr Eschborn in der Saison 2012\/13 mit zwei Toren sprechen f\u00fcr die geballte Erfahrung des offensiven Mittelfeldspielers, der in der Saison 2008\/09 in der damaligen Landesliga S\u00fcd schon einmal f\u00fcr Kalbach spielte.<\/p>\n<p>In der Jugend spielte der geb\u00fcrtige Frankfurter f\u00fcr Schwanheim, Weiss-Blau, Goldstein und R\u00f6delheim. Sein Talent wurde erst sp\u00e4ter erkannt und er bewegte sich trotzdem fast ein Jahrzehnt auf hohem Amateurniveau.<\/p>\n<p>Nach Stationen bei den Sportfreunden Friedrichsdorf und dem FC Neu-Anspach will Wade, der schon bei den Relegationsspielen der Kalbacher als Zuschauer anwesend war, den jungen Kalbachern etwas von seiner Erfahrung mitgeben.<\/p>\n","protected":false},"excerpt":{"rendered":"<p>Der FC Kalbach gibt die Verpflichtung des 37-j\u00e4hrigen Anthony Wade bekannt, der vom Ligakonkurrenten FC Neu-Anspach an den Hopfenbrunnen wechselt. 280 Hessenligaspiele mit 85 Toren (1. FC Eschborn, Rot-Weiss Frankfurt, FC Bayern Alzenau, FC Eddersheim), 29 Regionalligaspiele f\u00fcr Eschborn in der Saison 2012\/13 mit zwei Toren sprechen f\u00fcr die geballte Erfahrung des offensiven Mittelfeldspielers, der [&hellip;]<\/p>\n","protected":false},"author":1,"featured_media":19739,"comment_status":"open","ping_status":"open","sticky":true,"template":"","format":"standard","meta":{"footnotes":""},"categories":[13],"tags":[],"class_list":["post-19738","post","type-post","status-publish","format-standard","has-post-thumbnail","hentry","category-gruppenliga-frankfurt-west"],"_links":{"self":[{"href":"https:\/\/insideamateurfussball-ffm.de\/index.php?rest_route=\/wp\/v2\/posts\/19738","targetHints":{"allow":["GET"]}}],"collection":[{"href":"https:\/\/insideamateurfussball-ffm.de\/index.php?rest_route=\/wp\/v2\/posts"}],"about":[{"href":"https:\/\/insideamateurfussball-ffm.de\/index.php?rest_route=\/wp\/v2\/types\/post"}],"author":[{"embeddable":true,"href":"https:\/\/insideamateurfussball-ffm.de\/index.php?rest_route=\/wp\/v2\/users\/1"}],"replies":[{"embeddable":true,"href":"https:\/\/insideamateurfussball-ffm.de\/index.php?rest_route=%2Fwp%2Fv2%2Fcomments&post=19738"}],"version-history":[{"count":1,"href":"https:\/\/insideamateurfussball-ffm.de\/index.php?rest_route=\/wp\/v2\/posts\/19738\/revisions"}],"predecessor-version":[{"id":19740,"href":"https:\/\/insideamateurfussball-ffm.de\/index.php?rest_route=\/wp\/v2\/posts\/19738\/revisions\/19740"}],"wp:featuredmedia":[{"embeddable":true,"href":"https:\/\/insideamateurfussball-ffm.de\/index.php?rest_route=\/wp\/v2\/media\/19739"}],"wp:attachment":[{"href":"https:\/\/insideamateurfussball-ffm.de\/index.php?rest_route=%2Fwp%2Fv2%2Fmedia&parent=19738"}],"wp:term":[{"taxonomy":"category","embeddable":true,"href":"https:\/\/insideamateurfussball-ffm.de\/index.php?rest_route=%2Fwp%2Fv2%2Fcategories&post=19738"},{"taxonomy":"post_tag","embeddable":true,"href":"https:\/\/insideamateurfussball-ffm.de\/index.php?rest_route=%2Fwp%2Fv2%2Ftags&post=19738"}],"curies":[{"name":"wp","href":"https:\/\/api.w.org\/{rel}","templated":true}]}}