{"id":19734,"date":"2024-06-21T18:41:32","date_gmt":"2024-06-21T16:41:32","guid":{"rendered":"https:\/\/insideamateurfussball-ffm.de\/?p=19734"},"modified":"2024-06-21T18:47:46","modified_gmt":"2024-06-21T16:47:46","slug":"cherano-willefuehr-torschuetzenkoenig-ohne-kroenung","status":"publish","type":"post","link":"https:\/\/insideamateurfussball-ffm.de\/?p=19734","title":{"rendered":"Cherano Willef\u00fchr: Torsch\u00fctzenk\u00f6nig ohne Kr\u00f6nung"},"content":{"rendered":"<h4>35 Tore in der Kreisoberliga Frankfurt und damit Torsch\u00fctzenk\u00f6nig, dazu vier Tore in den drei Relegationsspielen, in denen der SV Viktoria Preu\u00dfen den Aufstieg verpasste. Cherano Willef\u00fchr hat abgeliefert, die Kr\u00f6nung blieb dem Goalgetter aber versagt.<\/h4>\n<figure id=\"attachment_19735\" aria-describedby=\"caption-attachment-19735\" style=\"width: 1008px\" class=\"wp-caption alignnone\"><img loading=\"lazy\" decoding=\"async\" class=\"wp-image-19735\" src=\"http:\/\/insideamateurfussball-ffm.de\/wp-content\/uploads\/2024\/06\/DSC_5265-2.jpg\" alt=\"\" width=\"1008\" height=\"756\" srcset=\"https:\/\/insideamateurfussball-ffm.de\/wp-content\/uploads\/2024\/06\/DSC_5265-2.jpg 999w, https:\/\/insideamateurfussball-ffm.de\/wp-content\/uploads\/2024\/06\/DSC_5265-2-300x225.jpg 300w, https:\/\/insideamateurfussball-ffm.de\/wp-content\/uploads\/2024\/06\/DSC_5265-2-768x576.jpg 768w\" sizes=\"auto, (max-width: 1008px) 100vw, 1008px\" \/><figcaption id=\"caption-attachment-19735\" class=\"wp-caption-text\">Cherano Willef\u00fchr hat 39 Pflichtspieltore in der abgelaufenen Saison markiert. Foto: J\u00f6rg Schulz.<\/figcaption><\/figure>\n<p><img loading=\"lazy\" decoding=\"async\" class=\"alignnone size-full wp-image-12\" src=\"http:\/\/insideamateurfussball-ffm.de\/wp-content\/uploads\/2021\/11\/preussen.jpg\" alt=\"\" width=\"72\" height=\"80\" \/><\/p>\n<p>Im Sommer 2023 erf\u00fcllte sich ein Traum. Durch den Wechsel von Antonie Willef\u00fchr vom SV 07 Heddernheim zum SV Viktoria Preu\u00dfen spielten erstmals die drei Willef\u00fchr-Br\u00fcder in einem Team. Cherano hatte schon seit 2022 an der H\u00fcgelstra\u00dfe mit Giuliano Amante (tr\u00e4gt als einziger fu\u00dfballerisch den Nachnamen von seiner Mutter) zusammen gespielt. &#8222;Wir wollten das unbedingt realisieren, da es vorher in der Jugend aufgrund unterschiedlicher Vereine und Jahrg\u00e4nge und sp\u00e4ter bei den Senioren noch nie geklappt hatte&#8220;, erkl\u00e4rt der 24-j\u00e4hrige Cherano. Er wurde bei Rot-Wei\u00df Walldorf, Germania Schwanheim, Rot-Weiss Frankfurt und dem FSV Frankfurt ausgebildet, wo er zwei U19-Bundesligaspiele absolvierte.<\/p>\n<p>Im Seniorenbereich hatte Cherano bei Germania Schwanheim und Rot-Weiss Frankfurt Eins\u00e4tze in der Verbandsliga, ehe er \u00fcber Gruppenligist Germania Okriftel den Weg zu Viktoria Preu\u00dfen fand. Die abgelaufene Runde verlief f\u00fcr Cherano verletzungsfrei, sein Team spielte von Beginn an oben mit und die Mitspieler f\u00fctterten den St\u00fcrmer mit guten Vorlagen. Im Herbst, nach den beiden Spielen gegen den damaligen Tabellenf\u00fchrer FC Croatia, setzten sich die Preu\u00dfen selbst an die Spitze und gingen mit Vorsprung in die Winterpause, aus der das Team des scheidenden Trainers Artur Rissling mit nur einem Punkt aus den beiden ersten Spielen kam.<\/p>\n<blockquote>\n<h4>Hoffnungen auf den Kalbacher Aufstieg zerstreuten sich<\/h4>\n<\/blockquote>\n<p>&#8222;Entscheidend daf\u00fcr, dass wir nicht Meister geworden sind, war aber die 0:2-Niederlage im R\u00fcckspiel beim sp\u00e4teren Meister T\u00fcrkg\u00fcc\u00fc&#8220;, wei\u00df Cherano. Es gab danach zwar zwei Siege in Folge, aber ab der 0:3-Niederlage beim FC Kosova kamen bis Rundenende nur noch vier Z\u00e4hler hinzu. Die mit Enthusiasmus begonnene Relegation endete am 9. Juni mit der 1:5-Niederlage beim FV Bad Vilbel. Hoffnungen auf den Kalbacher Aufstieg in die Verbandsliga S\u00fcd zerstreuten sich nur eine Stunde nach dem Abpfiff.<\/p>\n<p>Bleibt Cherano oder geht er? Bleiben die drei Br\u00fcder zusammen bei den Preu\u00dfen? Mit dem neuen Trainer Cem Caput hat es schon Gespr\u00e4che \u00fcber den Verbleib des Trios gegeben, &#8222;aktuell ist noch nichts entschieden.&#8220; Angebote von Gruppenliga- und Verbandsliga-Vereinen l\u00e4gen vor, &#8222;die Entscheidung muss gut abgewogen sein. Die Verbandsliga, in der ich schon in jungen Jahren Erfahrungen sammelte, traue ich mir schon zu.&#8220;<\/p>\n","protected":false},"excerpt":{"rendered":"<p>35 Tore in der Kreisoberliga Frankfurt und damit Torsch\u00fctzenk\u00f6nig, dazu vier Tore in den drei Relegationsspielen, in denen der SV Viktoria Preu\u00dfen den Aufstieg verpasste. Cherano Willef\u00fchr hat abgeliefert, die Kr\u00f6nung blieb dem Goalgetter aber versagt. Im Sommer 2023 erf\u00fcllte sich ein Traum. Durch den Wechsel von Antonie Willef\u00fchr vom SV 07 Heddernheim zum SV [&hellip;]<\/p>\n","protected":false},"author":1,"featured_media":19735,"comment_status":"open","ping_status":"open","sticky":true,"template":"","format":"standard","meta":{"footnotes":""},"categories":[2],"tags":[],"class_list":["post-19734","post","type-post","status-publish","format-standard","has-post-thumbnail","hentry","category-kreisoberliga-frankfurt"],"_links":{"self":[{"href":"https:\/\/insideamateurfussball-ffm.de\/index.php?rest_route=\/wp\/v2\/posts\/19734","targetHints":{"allow":["GET"]}}],"collection":[{"href":"https:\/\/insideamateurfussball-ffm.de\/index.php?rest_route=\/wp\/v2\/posts"}],"about":[{"href":"https:\/\/insideamateurfussball-ffm.de\/index.php?rest_route=\/wp\/v2\/types\/post"}],"author":[{"embeddable":true,"href":"https:\/\/insideamateurfussball-ffm.de\/index.php?rest_route=\/wp\/v2\/users\/1"}],"replies":[{"embeddable":true,"href":"https:\/\/insideamateurfussball-ffm.de\/index.php?rest_route=%2Fwp%2Fv2%2Fcomments&post=19734"}],"version-history":[{"count":2,"href":"https:\/\/insideamateurfussball-ffm.de\/index.php?rest_route=\/wp\/v2\/posts\/19734\/revisions"}],"predecessor-version":[{"id":19737,"href":"https:\/\/insideamateurfussball-ffm.de\/index.php?rest_route=\/wp\/v2\/posts\/19734\/revisions\/19737"}],"wp:featuredmedia":[{"embeddable":true,"href":"https:\/\/insideamateurfussball-ffm.de\/index.php?rest_route=\/wp\/v2\/media\/19735"}],"wp:attachment":[{"href":"https:\/\/insideamateurfussball-ffm.de\/index.php?rest_route=%2Fwp%2Fv2%2Fmedia&parent=19734"}],"wp:term":[{"taxonomy":"category","embeddable":true,"href":"https:\/\/insideamateurfussball-ffm.de\/index.php?rest_route=%2Fwp%2Fv2%2Fcategories&post=19734"},{"taxonomy":"post_tag","embeddable":true,"href":"https:\/\/insideamateurfussball-ffm.de\/index.php?rest_route=%2Fwp%2Fv2%2Ftags&post=19734"}],"curies":[{"name":"wp","href":"https:\/\/api.w.org\/{rel}","templated":true}]}}