{"id":19730,"date":"2024-06-21T17:40:16","date_gmt":"2024-06-21T15:40:16","guid":{"rendered":"https:\/\/insideamateurfussball-ffm.de\/?p=19730"},"modified":"2024-06-21T17:40:16","modified_gmt":"2024-06-21T15:40:16","slug":"heddernheim-ii-sucht-neue-spieler","status":"publish","type":"post","link":"https:\/\/insideamateurfussball-ffm.de\/?p=19730","title":{"rendered":"Heddernheim II sucht neue Spieler"},"content":{"rendered":"<h4>Neue Saison, neues Gl\u00fcck! Nachdem die Reserve des SV 07 Heddernheim die abgelaufene Saison auf einem formidablen f\u00fcnften Rang abschloss, stehen einige Ver\u00e4nderungen im Kader an. Trainer Rocco Conti w\u00fcrde gerne zum Trainingsauftakt am 1. Juli noch weitere neue Spieler begr\u00fc\u00dfen. Interessierte Spieler k\u00f6nnen sich unter rconti@sv07heddernheim.de voranmelden.<\/h4>\n<figure id=\"attachment_19731\" aria-describedby=\"caption-attachment-19731\" style=\"width: 897px\" class=\"wp-caption alignnone\"><img loading=\"lazy\" decoding=\"async\" class=\"wp-image-19731\" src=\"http:\/\/insideamateurfussball-ffm.de\/wp-content\/uploads\/2024\/06\/he4-1.jpg\" alt=\"\" width=\"897\" height=\"594\" srcset=\"https:\/\/insideamateurfussball-ffm.de\/wp-content\/uploads\/2024\/06\/he4-1.jpg 886w, https:\/\/insideamateurfussball-ffm.de\/wp-content\/uploads\/2024\/06\/he4-1-300x199.jpg 300w, https:\/\/insideamateurfussball-ffm.de\/wp-content\/uploads\/2024\/06\/he4-1-768x509.jpg 768w\" sizes=\"auto, (max-width: 897px) 100vw, 897px\" \/><figcaption id=\"caption-attachment-19731\" class=\"wp-caption-text\">Trainer Rocco Conti spricht nach einem Spiel der vergangenen Saison zu seinen Spielern. Foto: Archiv Mithat G\u00fcrser.<\/figcaption><\/figure>\n<p><img loading=\"lazy\" decoding=\"async\" class=\"alignnone size-full wp-image-302\" src=\"http:\/\/insideamateurfussball-ffm.de\/wp-content\/uploads\/2022\/05\/1sv07_news2_4511-1.jpg\" alt=\"\" width=\"80\" height=\"80\" \/><\/p>\n<p>Nachdem die F\u00fchrungsspieler Nicodemus Giorgianni und Maximilian Sch\u00e4fer zum A-Liga-Aufsteiger FC Fortuna gewechselt sind, wo bereits der in der Vorsaison an die Gerberm\u00fchle gewechselte Christopher Stemmler spielt, kann der SVH II weitere Verst\u00e4rkungen gebrauchen. Neue Spieler finden an der Br\u00fchlwiese ein geordnetes Umfeld in einem gut organisierten Verein vor. Es besteht zudem die Option, sich \u00fcber gute Leistungen f\u00fcr die in der Kreisoberliga spielende Erste Mannschaft zu empfehlen.<\/p>\n","protected":false},"excerpt":{"rendered":"<p>Neue Saison, neues Gl\u00fcck! Nachdem die Reserve des SV 07 Heddernheim die abgelaufene Saison auf einem formidablen f\u00fcnften Rang abschloss, stehen einige Ver\u00e4nderungen im Kader an. Trainer Rocco Conti w\u00fcrde gerne zum Trainingsauftakt am 1. Juli noch weitere neue Spieler begr\u00fc\u00dfen. Interessierte Spieler k\u00f6nnen sich unter rconti@sv07heddernheim.de voranmelden. Nachdem die F\u00fchrungsspieler Nicodemus Giorgianni und Maximilian [&hellip;]<\/p>\n","protected":false},"author":1,"featured_media":19731,"comment_status":"open","ping_status":"open","sticky":true,"template":"","format":"standard","meta":{"footnotes":""},"categories":[11],"tags":[],"class_list":["post-19730","post","type-post","status-publish","format-standard","has-post-thumbnail","hentry","category-kreisliga-b"],"_links":{"self":[{"href":"https:\/\/insideamateurfussball-ffm.de\/index.php?rest_route=\/wp\/v2\/posts\/19730","targetHints":{"allow":["GET"]}}],"collection":[{"href":"https:\/\/insideamateurfussball-ffm.de\/index.php?rest_route=\/wp\/v2\/posts"}],"about":[{"href":"https:\/\/insideamateurfussball-ffm.de\/index.php?rest_route=\/wp\/v2\/types\/post"}],"author":[{"embeddable":true,"href":"https:\/\/insideamateurfussball-ffm.de\/index.php?rest_route=\/wp\/v2\/users\/1"}],"replies":[{"embeddable":true,"href":"https:\/\/insideamateurfussball-ffm.de\/index.php?rest_route=%2Fwp%2Fv2%2Fcomments&post=19730"}],"version-history":[{"count":1,"href":"https:\/\/insideamateurfussball-ffm.de\/index.php?rest_route=\/wp\/v2\/posts\/19730\/revisions"}],"predecessor-version":[{"id":19732,"href":"https:\/\/insideamateurfussball-ffm.de\/index.php?rest_route=\/wp\/v2\/posts\/19730\/revisions\/19732"}],"wp:featuredmedia":[{"embeddable":true,"href":"https:\/\/insideamateurfussball-ffm.de\/index.php?rest_route=\/wp\/v2\/media\/19731"}],"wp:attachment":[{"href":"https:\/\/insideamateurfussball-ffm.de\/index.php?rest_route=%2Fwp%2Fv2%2Fmedia&parent=19730"}],"wp:term":[{"taxonomy":"category","embeddable":true,"href":"https:\/\/insideamateurfussball-ffm.de\/index.php?rest_route=%2Fwp%2Fv2%2Fcategories&post=19730"},{"taxonomy":"post_tag","embeddable":true,"href":"https:\/\/insideamateurfussball-ffm.de\/index.php?rest_route=%2Fwp%2Fv2%2Ftags&post=19730"}],"curies":[{"name":"wp","href":"https:\/\/api.w.org\/{rel}","templated":true}]}}