{"id":19727,"date":"2024-06-20T19:49:26","date_gmt":"2024-06-20T17:49:26","guid":{"rendered":"https:\/\/insideamateurfussball-ffm.de\/?p=19727"},"modified":"2024-06-20T19:49:26","modified_gmt":"2024-06-20T17:49:26","slug":"riedberger-sv-meldet-mannschaft-ab","status":"publish","type":"post","link":"https:\/\/insideamateurfussball-ffm.de\/?p=19727","title":{"rendered":"Riedberger SV meldet Mannschaft ab"},"content":{"rendered":"<h4>Drei Jahre lang spielte der Riedberger SV in der Kreisliga B Frankfurt (Gruppe 1) um den Aufstieg mit, landete aber jedes Mal auf dem undankbaren dritten Platz. Zur neuen Saison hat der Mehrspartenverein, der sich seit seiner Gr\u00fcndung im Jahr 2016 acht Spielzeiten konstant in der B-Klasse aufhielt, kein Team mehr gemeldet.<\/h4>\n<figure id=\"attachment_19728\" aria-describedby=\"caption-attachment-19728\" style=\"width: 969px\" class=\"wp-caption alignnone\"><img loading=\"lazy\" decoding=\"async\" class=\"wp-image-19728\" src=\"http:\/\/insideamateurfussball-ffm.de\/wp-content\/uploads\/2024\/06\/doell.jpg\" alt=\"\" width=\"969\" height=\"727\" srcset=\"https:\/\/insideamateurfussball-ffm.de\/wp-content\/uploads\/2024\/06\/doell.jpg 960w, https:\/\/insideamateurfussball-ffm.de\/wp-content\/uploads\/2024\/06\/doell-300x225.jpg 300w, https:\/\/insideamateurfussball-ffm.de\/wp-content\/uploads\/2024\/06\/doell-768x576.jpg 768w\" sizes=\"auto, (max-width: 969px) 100vw, 969px\" \/><figcaption id=\"caption-attachment-19728\" class=\"wp-caption-text\">Mike D\u00f6llinger war die letzten Jahre die Galionsfigur des Riedberger SV. Foto: PA.<\/figcaption><\/figure>\n<p><img loading=\"lazy\" decoding=\"async\" class=\"alignnone size-full wp-image-286\" src=\"http:\/\/insideamateurfussball-ffm.de\/wp-content\/uploads\/2022\/05\/RSV.jpg\" alt=\"\" width=\"80\" height=\"80\" \/><\/p>\n<p>Mike D\u00f6llinger, der nach der Saison 2022\/23 erst das Traineramt niederlegte und nun zum 30. Juni die Funktion als Sportlicher Leiter nicht weiter aus\u00fcben m\u00f6chte, best\u00e4tigt den Vorgang: &#8222;Alle Spieler haben sich restlos abgemeldet. Theoretisch stehen neun Spieler auf der Spielberechtigungsliste Das sind aber Leute, die einen Pass bei uns haben, aber in den letzten sechs Jahren nie gespielt haben.&#8220; Unter diesen Umst\u00e4nden sei nat\u00fcrlich f\u00fcr die kommende Saison kein Team mehr aufstellbar, weshalb die Vorsitzende des Gesamtvereins Gabriele Nagel das Fu\u00dfball-Team des Riedberger SV beim Kreisfu\u00dfballwart Rainer Nagel abgemeldet hat.<\/p>\n<p>Der Spielbetrieb war in den letzten Jahren nur durch das ehrenamtliche Engagement D\u00f6llingers aufrecht erhalten worden. Bereits in der abgelaufenen Saison war dies D\u00f6llinger aus famili\u00e4ren und beruflichen Gr\u00fcnden nur zeitlich begrenzt m\u00f6glich. Immer mehr steuerte der nach Niederdorfelden im Main-Kinzig-Kreis umgezogene Familienvater die Formalit\u00e4ten aus der Ferne, zu den Spielen habe er es im Laufe der Saison gar nicht mehr geschafft. &#8222;Ich habe den Vorstand fr\u00fchzeitig informiert, dass ich \u00fcber den 30. Juni hinaus nicht mehr zur Verf\u00fcgung stehe&#8220;, stellt D\u00f6llinger klar. Den Hauptgrund f\u00fcr die Kollektivabmeldung sieht D\u00f6llinger in den unattraktiven Trainingszeiten auf der Sportanlage am Hopfenbrunnen in Kalbach, wo der RSV seine Heimspiele austrug.<\/p>\n<blockquote>\n<h4>&#8222;Die Perspektiven sind leider nicht so wie von vielen Spielern erhofft.&#8220; (Mike D\u00f6llinger)<\/h4>\n<\/blockquote>\n<p>Montags um 20 Uhr und Mittwochs um 21 Uhr wurde trainiert. &#8222;Das haben wir \u00fcber Jahre gemacht, aber darauf hatten die Spieler keinen Bock mehr&#8220;, berichtet D\u00f6llinger. Seit 2016 habe die Stadt dem Verein einen eigenen Sportplatz versprochen, &#8222;nun wird endlich angefangen zu bauen, aber der wird fr\u00fchestens in zwei Jahren nutzbar sein&#8220;, schr\u00e4nkt D\u00f6llinger ein. &#8222;Die Perspektiven sind leider nicht so wie von vielen Spielern erhofft. Ein Christian N\u00f6tzold ist seit 2016 bei uns. Der kann mehr und will mehr, auch wenn er bis zuletzt um den Fortbestand der Mannschaft bem\u00fcht war.&#8220;<\/p>\n<p>Der Kern der Mannschaft habe sich nun dem FC Oberursel aus der Kreisoberliga Hochtaunus angeschlossen. &#8222;Ich bin mir sicher, dass dieses Team mit unseren sechs, sieben guten Fu\u00dfballern oben mitspielen wird&#8220;, prognostiziert D\u00f6llinger. Da ein Nachfolger f\u00fcr ihn nicht in Sicht sei, der &#8222;die Linienrichterfahne h\u00e4lt, sich um die G\u00e4ste k\u00fcmmert, die Trikots zurechtlegt, das Wasser f\u00fcr die G\u00e4ste bereitstellt und den Schiedsrichter empf\u00e4ngt&#8220;, sei kein weiterer Spielbetrieb bis auf weiteres mehr m\u00f6glich. Sollte der Verein zur Saison 2025\/26 wieder ein Team melden wollen, m\u00fcsste in der C-Klasse neu begonnen werden.<\/p>\n","protected":false},"excerpt":{"rendered":"<p>Drei Jahre lang spielte der Riedberger SV in der Kreisliga B Frankfurt (Gruppe 1) um den Aufstieg mit, landete aber jedes Mal auf dem undankbaren dritten Platz. Zur neuen Saison hat der Mehrspartenverein, der sich seit seiner Gr\u00fcndung im Jahr 2016 acht Spielzeiten konstant in der B-Klasse aufhielt, kein Team mehr gemeldet. Mike D\u00f6llinger, der [&hellip;]<\/p>\n","protected":false},"author":1,"featured_media":19728,"comment_status":"open","ping_status":"open","sticky":true,"template":"","format":"standard","meta":{"footnotes":""},"categories":[11],"tags":[],"class_list":["post-19727","post","type-post","status-publish","format-standard","has-post-thumbnail","hentry","category-kreisliga-b"],"_links":{"self":[{"href":"https:\/\/insideamateurfussball-ffm.de\/index.php?rest_route=\/wp\/v2\/posts\/19727","targetHints":{"allow":["GET"]}}],"collection":[{"href":"https:\/\/insideamateurfussball-ffm.de\/index.php?rest_route=\/wp\/v2\/posts"}],"about":[{"href":"https:\/\/insideamateurfussball-ffm.de\/index.php?rest_route=\/wp\/v2\/types\/post"}],"author":[{"embeddable":true,"href":"https:\/\/insideamateurfussball-ffm.de\/index.php?rest_route=\/wp\/v2\/users\/1"}],"replies":[{"embeddable":true,"href":"https:\/\/insideamateurfussball-ffm.de\/index.php?rest_route=%2Fwp%2Fv2%2Fcomments&post=19727"}],"version-history":[{"count":1,"href":"https:\/\/insideamateurfussball-ffm.de\/index.php?rest_route=\/wp\/v2\/posts\/19727\/revisions"}],"predecessor-version":[{"id":19729,"href":"https:\/\/insideamateurfussball-ffm.de\/index.php?rest_route=\/wp\/v2\/posts\/19727\/revisions\/19729"}],"wp:featuredmedia":[{"embeddable":true,"href":"https:\/\/insideamateurfussball-ffm.de\/index.php?rest_route=\/wp\/v2\/media\/19728"}],"wp:attachment":[{"href":"https:\/\/insideamateurfussball-ffm.de\/index.php?rest_route=%2Fwp%2Fv2%2Fmedia&parent=19727"}],"wp:term":[{"taxonomy":"category","embeddable":true,"href":"https:\/\/insideamateurfussball-ffm.de\/index.php?rest_route=%2Fwp%2Fv2%2Fcategories&post=19727"},{"taxonomy":"post_tag","embeddable":true,"href":"https:\/\/insideamateurfussball-ffm.de\/index.php?rest_route=%2Fwp%2Fv2%2Ftags&post=19727"}],"curies":[{"name":"wp","href":"https:\/\/api.w.org\/{rel}","templated":true}]}}