{"id":19721,"date":"2024-06-20T18:19:21","date_gmt":"2024-06-20T16:19:21","guid":{"rendered":"https:\/\/insideamateurfussball-ffm.de\/?p=19721"},"modified":"2024-06-20T18:19:21","modified_gmt":"2024-06-20T16:19:21","slug":"torschuetzenkoenig-chaouki-vom-bsc-nach-fechenheim","status":"publish","type":"post","link":"https:\/\/insideamateurfussball-ffm.de\/?p=19721","title":{"rendered":"Torsch\u00fctzenk\u00f6nig Chaouki vom BSC nach Fechenheim"},"content":{"rendered":"<h4>Gruppenligist Spvgg. 03 Fechenheim ist schon sehr weit in den Personalplanungen. Wie der Verein auf seinen sozialen Netzwerken bekanntgab, konnten bereits vier Neuzug\u00e4nge perfekt gemacht werden.<\/h4>\n<figure id=\"attachment_19722\" aria-describedby=\"caption-attachment-19722\" style=\"width: 1080px\" class=\"wp-caption alignnone\"><img loading=\"lazy\" decoding=\"async\" class=\"wp-image-19722 size-full\" src=\"http:\/\/insideamateurfussball-ffm.de\/wp-content\/uploads\/2024\/06\/Chaouki.jpg\" alt=\"\" width=\"1080\" height=\"719\" srcset=\"https:\/\/insideamateurfussball-ffm.de\/wp-content\/uploads\/2024\/06\/Chaouki.jpg 1080w, https:\/\/insideamateurfussball-ffm.de\/wp-content\/uploads\/2024\/06\/Chaouki-300x200.jpg 300w, https:\/\/insideamateurfussball-ffm.de\/wp-content\/uploads\/2024\/06\/Chaouki-1024x682.jpg 1024w, https:\/\/insideamateurfussball-ffm.de\/wp-content\/uploads\/2024\/06\/Chaouki-768x511.jpg 768w\" sizes=\"auto, (max-width: 1080px) 100vw, 1080px\" \/><figcaption id=\"caption-attachment-19722\" class=\"wp-caption-text\">Yassin Chaouki vom KOL-Aufsteiger BSC SW 19 markierte 55 Tore. Foto: Verein.<\/figcaption><\/figure>\n<p><img loading=\"lazy\" decoding=\"async\" class=\"alignnone size-full wp-image-603\" src=\"http:\/\/insideamateurfussball-ffm.de\/wp-content\/uploads\/2022\/06\/Fech03.jpg\" alt=\"\" width=\"52\" height=\"80\" \/><\/p>\n<p>Mit der Empfehlung von 55 Toren in der Kreisliga A f\u00fcr Meister BSC SW 19 kommt Yassin Chaouki nach Fechenheim und soll das Sturmproblem l\u00f6sen. Vom Ligakonkurrenten 1. FC-TSG K\u00f6nigstein verst\u00e4rkt Anas El Allaoui das offensive Mittelfeld und soll Chaouki mit Vorlagen f\u00fcttern.<\/p>\n<p>Au\u00dferdem begr\u00fc\u00dft Trainer Maximilian Schmidt an der Birsteiner Stra\u00dfe mit Torwart Ayoub Marzak vom Gruppenliga-Absteiger SG Ober-Erlenbach und dem offensiven Mittelfeldspieler Giovanbattista Pedace (DJK Sportfreunde Bad Homburg) zwei R\u00fcckkehrer.<\/p>\n<p>Zuvor waren bereits die Verl\u00e4ngerungen von Spielmacher Ouassim Ouass und weiteren Akteuren bekanntgeworden. So tragen folgende Spieler weiter das Dress der Blau-Schwarzen: Torh\u00fcter Armin Buchholz, Linksverteidiger Ayman Azahiori, Innenverteidiger Kennedy Ogbonnaya, Rechtsverteidiger Kimon Kozaris, St\u00fcrmer Malik Mazouzi, Fl\u00fcgelspieler Roberto Martins Pereira und die zentralen Mittelfeldspieler Murat Bulut und Yassin Benjilali.<\/p>\n","protected":false},"excerpt":{"rendered":"<p>Gruppenligist Spvgg. 03 Fechenheim ist schon sehr weit in den Personalplanungen. Wie der Verein auf seinen sozialen Netzwerken bekanntgab, konnten bereits vier Neuzug\u00e4nge perfekt gemacht werden. Mit der Empfehlung von 55 Toren in der Kreisliga A f\u00fcr Meister BSC SW 19 kommt Yassin Chaouki nach Fechenheim und soll das Sturmproblem l\u00f6sen. Vom Ligakonkurrenten 1. FC-TSG [&hellip;]<\/p>\n","protected":false},"author":1,"featured_media":19722,"comment_status":"open","ping_status":"open","sticky":true,"template":"","format":"standard","meta":{"footnotes":""},"categories":[13],"tags":[],"class_list":["post-19721","post","type-post","status-publish","format-standard","has-post-thumbnail","hentry","category-gruppenliga-frankfurt-west"],"_links":{"self":[{"href":"https:\/\/insideamateurfussball-ffm.de\/index.php?rest_route=\/wp\/v2\/posts\/19721","targetHints":{"allow":["GET"]}}],"collection":[{"href":"https:\/\/insideamateurfussball-ffm.de\/index.php?rest_route=\/wp\/v2\/posts"}],"about":[{"href":"https:\/\/insideamateurfussball-ffm.de\/index.php?rest_route=\/wp\/v2\/types\/post"}],"author":[{"embeddable":true,"href":"https:\/\/insideamateurfussball-ffm.de\/index.php?rest_route=\/wp\/v2\/users\/1"}],"replies":[{"embeddable":true,"href":"https:\/\/insideamateurfussball-ffm.de\/index.php?rest_route=%2Fwp%2Fv2%2Fcomments&post=19721"}],"version-history":[{"count":1,"href":"https:\/\/insideamateurfussball-ffm.de\/index.php?rest_route=\/wp\/v2\/posts\/19721\/revisions"}],"predecessor-version":[{"id":19723,"href":"https:\/\/insideamateurfussball-ffm.de\/index.php?rest_route=\/wp\/v2\/posts\/19721\/revisions\/19723"}],"wp:featuredmedia":[{"embeddable":true,"href":"https:\/\/insideamateurfussball-ffm.de\/index.php?rest_route=\/wp\/v2\/media\/19722"}],"wp:attachment":[{"href":"https:\/\/insideamateurfussball-ffm.de\/index.php?rest_route=%2Fwp%2Fv2%2Fmedia&parent=19721"}],"wp:term":[{"taxonomy":"category","embeddable":true,"href":"https:\/\/insideamateurfussball-ffm.de\/index.php?rest_route=%2Fwp%2Fv2%2Fcategories&post=19721"},{"taxonomy":"post_tag","embeddable":true,"href":"https:\/\/insideamateurfussball-ffm.de\/index.php?rest_route=%2Fwp%2Fv2%2Ftags&post=19721"}],"curies":[{"name":"wp","href":"https:\/\/api.w.org\/{rel}","templated":true}]}}