{"id":19718,"date":"2024-06-20T17:54:21","date_gmt":"2024-06-20T15:54:21","guid":{"rendered":"https:\/\/insideamateurfussball-ffm.de\/?p=19718"},"modified":"2024-06-20T17:54:21","modified_gmt":"2024-06-20T15:54:21","slug":"kalbach-holt-bsc-goalgetter-suleiman","status":"publish","type":"post","link":"https:\/\/insideamateurfussball-ffm.de\/?p=19718","title":{"rendered":"Kalbach holt BSC-Goalgetter Suleiman"},"content":{"rendered":"<h4>Elf Tage nach dem verlorenen Relegationsfinale gegen den VfR Gro\u00df-Gerau (2:4) hat Gruppenligist FC Kalbach den ersten Neuzugang f\u00fcr die kommende Saison bekannt gegeben. Vom Kreisoberliga-Aufsteiger BSC Schwarz-Wei\u00df 19 schlie\u00dft sich Ihab Suleiman dem Club aus dem Frankfurter Norden an.\u00a0<\/h4>\n<figure id=\"attachment_19719\" aria-describedby=\"caption-attachment-19719\" style=\"width: 1080px\" class=\"wp-caption alignnone\"><img loading=\"lazy\" decoding=\"async\" class=\"wp-image-19719 size-full\" src=\"http:\/\/insideamateurfussball-ffm.de\/wp-content\/uploads\/2024\/06\/Ihab-sul.jpg\" alt=\"\" width=\"1080\" height=\"904\" srcset=\"https:\/\/insideamateurfussball-ffm.de\/wp-content\/uploads\/2024\/06\/Ihab-sul.jpg 1080w, https:\/\/insideamateurfussball-ffm.de\/wp-content\/uploads\/2024\/06\/Ihab-sul-300x251.jpg 300w, https:\/\/insideamateurfussball-ffm.de\/wp-content\/uploads\/2024\/06\/Ihab-sul-1024x857.jpg 1024w, https:\/\/insideamateurfussball-ffm.de\/wp-content\/uploads\/2024\/06\/Ihab-sul-768x643.jpg 768w\" sizes=\"auto, (max-width: 1080px) 100vw, 1080px\" \/><figcaption id=\"caption-attachment-19719\" class=\"wp-caption-text\">Der Sportliche Leiter Samuel Gebrehiwot (links) pr\u00e4sentiert Neuzugang Ihab Suleiman. Foto: FC Kalbach.\u00a0\u00a0<\/figcaption><\/figure>\n<p><img loading=\"lazy\" decoding=\"async\" class=\"alignnone size-full wp-image-16\" src=\"http:\/\/insideamateurfussball-ffm.de\/wp-content\/uploads\/2021\/11\/kalbach-wappen.jpg\" alt=\"\" width=\"80\" height=\"80\" \/><\/p>\n<p>In der abgelaufenen Saison war der St\u00fcrmer mit 34 Toren ma\u00dfgeblich am Aufstieg des BSC in die Kreisoberliga beteiligt, denn Suleiman steuerte 34 Tore bei. Nun will er seine F\u00e4higkeiten zwei Klassen h\u00f6her unter Beweis stellen. Fu\u00dfballerisch ausgebildet ist der Angreifer allemal. Beim ehemaligen JFC, Hessen Dreieich und Rot-Weiss Frankfurt verbrachte er seine Jugendzeit.<\/p>\n<p>Der Sportliche Leiter der Kalbacher Samuel Gebrehiwot traut dem neuen St\u00fcrmer den Durchbruch in der Gruppenliga zu: &#8222;Wir haben Ihab schon im Winter beobachtet und denken, dass er in unser System passt. Er ist ein schneller Spieler mit einem guten ersten Kontakt.&#8220;<\/p>\n<blockquote>\n<h4>Testgegner f\u00fcr 30. Juni gesucht<\/h4>\n<\/blockquote>\n<p>Weitere Neuzug\u00e4nge will der Club in den folgenden Tagen pr\u00e4sentieren. Derweil sucht Cheftrainer Aaz-Dine Zarioh noch einen Testspielgegner f\u00fcr den 30. Juni um 16 Uhr.<\/p>\n<p>Gespielt werden soll am Hopfenbrunnen in Kalbach. Kontaktaufnahme \u00fcber die Rufnummer 0176-97732460.<\/p>\n","protected":false},"excerpt":{"rendered":"<p>Elf Tage nach dem verlorenen Relegationsfinale gegen den VfR Gro\u00df-Gerau (2:4) hat Gruppenligist FC Kalbach den ersten Neuzugang f\u00fcr die kommende Saison bekannt gegeben. Vom Kreisoberliga-Aufsteiger BSC Schwarz-Wei\u00df 19 schlie\u00dft sich Ihab Suleiman dem Club aus dem Frankfurter Norden an.\u00a0 In der abgelaufenen Saison war der St\u00fcrmer mit 34 Toren ma\u00dfgeblich am Aufstieg des BSC [&hellip;]<\/p>\n","protected":false},"author":1,"featured_media":19719,"comment_status":"open","ping_status":"open","sticky":true,"template":"","format":"standard","meta":{"footnotes":""},"categories":[13],"tags":[],"class_list":["post-19718","post","type-post","status-publish","format-standard","has-post-thumbnail","hentry","category-gruppenliga-frankfurt-west"],"_links":{"self":[{"href":"https:\/\/insideamateurfussball-ffm.de\/index.php?rest_route=\/wp\/v2\/posts\/19718","targetHints":{"allow":["GET"]}}],"collection":[{"href":"https:\/\/insideamateurfussball-ffm.de\/index.php?rest_route=\/wp\/v2\/posts"}],"about":[{"href":"https:\/\/insideamateurfussball-ffm.de\/index.php?rest_route=\/wp\/v2\/types\/post"}],"author":[{"embeddable":true,"href":"https:\/\/insideamateurfussball-ffm.de\/index.php?rest_route=\/wp\/v2\/users\/1"}],"replies":[{"embeddable":true,"href":"https:\/\/insideamateurfussball-ffm.de\/index.php?rest_route=%2Fwp%2Fv2%2Fcomments&post=19718"}],"version-history":[{"count":1,"href":"https:\/\/insideamateurfussball-ffm.de\/index.php?rest_route=\/wp\/v2\/posts\/19718\/revisions"}],"predecessor-version":[{"id":19720,"href":"https:\/\/insideamateurfussball-ffm.de\/index.php?rest_route=\/wp\/v2\/posts\/19718\/revisions\/19720"}],"wp:featuredmedia":[{"embeddable":true,"href":"https:\/\/insideamateurfussball-ffm.de\/index.php?rest_route=\/wp\/v2\/media\/19719"}],"wp:attachment":[{"href":"https:\/\/insideamateurfussball-ffm.de\/index.php?rest_route=%2Fwp%2Fv2%2Fmedia&parent=19718"}],"wp:term":[{"taxonomy":"category","embeddable":true,"href":"https:\/\/insideamateurfussball-ffm.de\/index.php?rest_route=%2Fwp%2Fv2%2Fcategories&post=19718"},{"taxonomy":"post_tag","embeddable":true,"href":"https:\/\/insideamateurfussball-ffm.de\/index.php?rest_route=%2Fwp%2Fv2%2Ftags&post=19718"}],"curies":[{"name":"wp","href":"https:\/\/api.w.org\/{rel}","templated":true}]}}