{"id":19711,"date":"2024-06-17T20:31:01","date_gmt":"2024-06-17T18:31:01","guid":{"rendered":"https:\/\/insideamateurfussball-ffm.de\/?p=19711"},"modified":"2024-06-17T20:31:01","modified_gmt":"2024-06-17T18:31:01","slug":"darko-krolo-neuer-sportlicher-leiter-bei-croatia","status":"publish","type":"post","link":"https:\/\/insideamateurfussball-ffm.de\/?p=19711","title":{"rendered":"Darko Krolo neuer Sportlicher Leiter bei Croatia"},"content":{"rendered":"<h5><span style=\"font-size: 16px;\">Vor kurzem gelang Darko Krolo noch als Sportlicher Leiter der Aufstieg mit dem FC Germania Enkheim von der A-Klasse in die Kreisoberliga Frankfurt. Ab sofort ist der Funktion\u00e4r beim k\u00fcnftigen Ligakonkurrenten FC Croatia t\u00e4tig, in selber Funktion.\u00a0<\/span><\/h5>\n<figure id=\"attachment_19712\" aria-describedby=\"caption-attachment-19712\" style=\"width: 649px\" class=\"wp-caption alignleft\"><img loading=\"lazy\" decoding=\"async\" class=\"wp-image-19712\" src=\"http:\/\/insideamateurfussball-ffm.de\/wp-content\/uploads\/2024\/06\/Krolo-f-909x1024.jpg\" alt=\"\" width=\"649\" height=\"732\" srcset=\"https:\/\/insideamateurfussball-ffm.de\/wp-content\/uploads\/2024\/06\/Krolo-f-909x1024.jpg 909w, https:\/\/insideamateurfussball-ffm.de\/wp-content\/uploads\/2024\/06\/Krolo-f-266x300.jpg 266w, https:\/\/insideamateurfussball-ffm.de\/wp-content\/uploads\/2024\/06\/Krolo-f-768x866.jpg 768w, https:\/\/insideamateurfussball-ffm.de\/wp-content\/uploads\/2024\/06\/Krolo-f.jpg 944w\" sizes=\"auto, (max-width: 649px) 100vw, 649px\" \/><figcaption id=\"caption-attachment-19712\" class=\"wp-caption-text\">Pr\u00e4sident Mile Kelava (links), in der Mitte Darko Krolo und rechts Croatia-Funktion\u00e4r Stanislav Konta. Foto: Verein.\u00a0 \u00a0<\/figcaption><\/figure>\n<h5><img loading=\"lazy\" decoding=\"async\" class=\"alignnone size-full wp-image-29\" src=\"http:\/\/insideamateurfussball-ffm.de\/wp-content\/uploads\/2021\/11\/croatia.jpg\" alt=\"\" width=\"63\" height=\"80\" \/><\/h5>\n<p><span style=\"font-size: 16px;\">&#8222;Ich konnte mich mit Enkheim nicht \u00fcber eine weitere Zusammenarbeit einigen&#8220;, sagt der fr\u00fchere kroatische St\u00fcrmer, der 1991 f\u00fcr den SV Croatia st\u00fcrmte, einen der Vorg\u00e4ngervereine der sp\u00e4teren SG Croatia, die 2000\/01 in der Oberliga Hessen spielte. <\/span><\/p>\n<p><span style=\"font-size: 16px;\">Als Souvenir brachte Krolo den Verantwortlichen des 2007 gegr\u00fcndeten Nachfolgevereins FC Croatia einen alten Trainingsanzug aus den fr\u00fchen 90er Jahren mit.<\/span><\/p>\n<p><span style=\"font-size: 16px;\"> &#8222;Meine Frau hat mich oft gefragt, warum dieses Teil immer noch im Schrank h\u00e4ngt&#8220;, scherzte Krolo. &#8222;Wir wollen neue Strukturen im Verein entwickeln und eine Jugendabteilung aufbauen&#8220;, pr\u00e4zisiert Krolo. <\/span><\/p>\n<p><span style=\"font-size: 16px;\">Zur Seite steht ihm in Stanislav Konta ein altgedienter Funktion\u00e4r, der sich bislang fast im Alleingang um das &#8222;Drumherum&#8220; bei Croatia k\u00fcmmerte. Krolo, der vor seinem Engagement in Enkheim sieben Jahre beim FSV Bergen in verschiedenen Funktionen t\u00e4tig war, geht seine neue Aufgabe mit Enthusiasmus an: &#8222;Hier l\u00e4sst sich einiges bewegen.&#8220;\u00a0\u00a0<\/span><\/p>\n","protected":false},"excerpt":{"rendered":"<p>Vor kurzem gelang Darko Krolo noch als Sportlicher Leiter der Aufstieg mit dem FC Germania Enkheim von der A-Klasse in die Kreisoberliga Frankfurt. Ab sofort ist der Funktion\u00e4r beim k\u00fcnftigen Ligakonkurrenten FC Croatia t\u00e4tig, in selber Funktion.\u00a0 &#8222;Ich konnte mich mit Enkheim nicht \u00fcber eine weitere Zusammenarbeit einigen&#8220;, sagt der fr\u00fchere kroatische St\u00fcrmer, der 1991 [&hellip;]<\/p>\n","protected":false},"author":1,"featured_media":19712,"comment_status":"open","ping_status":"open","sticky":true,"template":"","format":"standard","meta":{"footnotes":""},"categories":[2],"tags":[],"class_list":["post-19711","post","type-post","status-publish","format-standard","has-post-thumbnail","hentry","category-kreisoberliga-frankfurt"],"_links":{"self":[{"href":"https:\/\/insideamateurfussball-ffm.de\/index.php?rest_route=\/wp\/v2\/posts\/19711","targetHints":{"allow":["GET"]}}],"collection":[{"href":"https:\/\/insideamateurfussball-ffm.de\/index.php?rest_route=\/wp\/v2\/posts"}],"about":[{"href":"https:\/\/insideamateurfussball-ffm.de\/index.php?rest_route=\/wp\/v2\/types\/post"}],"author":[{"embeddable":true,"href":"https:\/\/insideamateurfussball-ffm.de\/index.php?rest_route=\/wp\/v2\/users\/1"}],"replies":[{"embeddable":true,"href":"https:\/\/insideamateurfussball-ffm.de\/index.php?rest_route=%2Fwp%2Fv2%2Fcomments&post=19711"}],"version-history":[{"count":1,"href":"https:\/\/insideamateurfussball-ffm.de\/index.php?rest_route=\/wp\/v2\/posts\/19711\/revisions"}],"predecessor-version":[{"id":19713,"href":"https:\/\/insideamateurfussball-ffm.de\/index.php?rest_route=\/wp\/v2\/posts\/19711\/revisions\/19713"}],"wp:featuredmedia":[{"embeddable":true,"href":"https:\/\/insideamateurfussball-ffm.de\/index.php?rest_route=\/wp\/v2\/media\/19712"}],"wp:attachment":[{"href":"https:\/\/insideamateurfussball-ffm.de\/index.php?rest_route=%2Fwp%2Fv2%2Fmedia&parent=19711"}],"wp:term":[{"taxonomy":"category","embeddable":true,"href":"https:\/\/insideamateurfussball-ffm.de\/index.php?rest_route=%2Fwp%2Fv2%2Fcategories&post=19711"},{"taxonomy":"post_tag","embeddable":true,"href":"https:\/\/insideamateurfussball-ffm.de\/index.php?rest_route=%2Fwp%2Fv2%2Ftags&post=19711"}],"curies":[{"name":"wp","href":"https:\/\/api.w.org\/{rel}","templated":true}]}}