{"id":19708,"date":"2024-06-17T19:34:10","date_gmt":"2024-06-17T17:34:10","guid":{"rendered":"https:\/\/insideamateurfussball-ffm.de\/?p=19708"},"modified":"2024-06-17T19:34:10","modified_gmt":"2024-06-17T17:34:10","slug":"cem-caput-uebernimmt-die-preussen","status":"publish","type":"post","link":"https:\/\/insideamateurfussball-ffm.de\/?p=19708","title":{"rendered":"Cem Caput \u00fcbernimmt die Preu\u00dfen"},"content":{"rendered":"<h5><span style=\"font-size: 16px;\">Nach der Ank\u00fcndigung des Abgangs von Trainer Artur Rissling zum A-Ligisten SV Niederursel hat Kreisoberligist SV Viktoria Preu\u00dfen nach dem verpassten Aufstieg einen neuen Coach pr\u00e4sentiert. Cem Caput \u00fcbernimmt zum Beginn der Vorbereitung auf die neue Runde den KOL-Vizemeister.\u00a0<\/span><\/h5>\n<figure id=\"attachment_19709\" aria-describedby=\"caption-attachment-19709\" style=\"width: 649px\" class=\"wp-caption alignleft\"><img loading=\"lazy\" decoding=\"async\" class=\"wp-image-19709\" src=\"http:\/\/insideamateurfussball-ffm.de\/wp-content\/uploads\/2024\/06\/Caput-768x1024.jpg\" alt=\"\" width=\"649\" height=\"865\" srcset=\"https:\/\/insideamateurfussball-ffm.de\/wp-content\/uploads\/2024\/06\/Caput-768x1024.jpg 768w, https:\/\/insideamateurfussball-ffm.de\/wp-content\/uploads\/2024\/06\/Caput-225x300.jpg 225w, https:\/\/insideamateurfussball-ffm.de\/wp-content\/uploads\/2024\/06\/Caput-1152x1536.jpg 1152w, https:\/\/insideamateurfussball-ffm.de\/wp-content\/uploads\/2024\/06\/Caput.jpg 1536w\" sizes=\"auto, (max-width: 649px) 100vw, 649px\" \/><figcaption id=\"caption-attachment-19709\" class=\"wp-caption-text\">Cem Caput (Mitte) ist der neue Trainer von Viktoria Preu\u00dfen. Links im Bild Abteilungsleiter Thomas Mahlau, rechts der Vorsitzende Uwe Henss. Foto: Verein.\u00a0\u00a0<\/figcaption><\/figure>\n<p><img loading=\"lazy\" decoding=\"async\" class=\"alignnone size-full wp-image-12\" src=\"http:\/\/insideamateurfussball-ffm.de\/wp-content\/uploads\/2021\/11\/preussen.jpg\" alt=\"\" width=\"72\" height=\"80\" \/><\/p>\n<p><span style=\"font-size: 16px;\">Der 42-j\u00e4hrige geb\u00fcrtige Dortmunder zog fr\u00fch ins Rhein-Main-Gebiet und spielte im Jugendbereich beim VfR Kesselstadt und dem TSV 1860 Hanau. Als Spieler war der Deutsch-T\u00fcrke im Seniorenbereich f\u00fcr Kesselstadt, den KSV Klein-Karben, die SG Bruchk\u00f6bel, die SKG Sprendlingen, Hessen Dreieich und Rot-Wei\u00df Walldorf aktiv. <\/span><\/p>\n<p><span style=\"font-size: 16px;\">Als Trainer f\u00fchrte Caput die Spvgg. 03 Fechenheim als Meister der Kreisoberliga Frankfurt in der Saison 2017\/18 in die Gruppenliga Frankfurt West.<\/span><\/p>\n<ul>\n<li><strong><span style=\"font-size: 16px;\">&#8222;Ich m\u00f6chte oben mitspielen, f\u00fcr genaue Ziele ist es jetzt noch zu fr\u00fch&#8220; (Cem Caput, neuer Trainer von Viktoria Preu\u00dfen).<\/span><\/strong><\/li>\n<\/ul>\n<p><span style=\"font-size: 16px;\">Sp\u00e4ter trainierte Caput noch die U19 von Bayern Alzenau und in der Saison 2021\/22 noch den A-Ligisten FC Neu-Isenburg. Nach zwei Jahren Pause hat sich der Fu\u00dfball-Trainer nun mit\u00a0 Abteilungsleiter Thomas Mahlau und dem Vorsitzenden Uwe Henss auf eine Zusammenarbeit bei Viktoria Preu\u00dfen geeinigt. <\/span><\/p>\n<p><span style=\"font-size: 16px;\">&#8222;Der Kontakt ist \u00fcber Pasquale Sciortino entstanden, der in Fechenheim und bei den Preu\u00dfen Torwart-Trainer war&#8220;, sagt Caput, der letzte Woche vorgestellt wurde und schon einige Gespr\u00e4che mit Leistungstr\u00e4gern wie den drei Willef\u00fchr-Br\u00fcdern \u00fcber einen m\u00f6glichen Verbleib f\u00fchren konnte. &#8222;Wir wollen den Kader breiter und qualitativ besser aufstellen&#8220;, verr\u00e4t der neue Trainer. &#8222;Ich m\u00f6chte oben mitspielen, f\u00fcr genaue Ziele ist es jetzt noch zu fr\u00fch.&#8220; Die Kooperation mit der Zweiten Mannschaft, die gerade in die B-Klasse aufgestiegen ist, soll intensiviert werden. Zudem r\u00fccken talentierte Spieler aus der A-Jugend auf.\u00a0 \u00a0\u00a0<\/span><\/p>\n","protected":false},"excerpt":{"rendered":"<p>Nach der Ank\u00fcndigung des Abgangs von Trainer Artur Rissling zum A-Ligisten SV Niederursel hat Kreisoberligist SV Viktoria Preu\u00dfen nach dem verpassten Aufstieg einen neuen Coach pr\u00e4sentiert. Cem Caput \u00fcbernimmt zum Beginn der Vorbereitung auf die neue Runde den KOL-Vizemeister.\u00a0 Der 42-j\u00e4hrige geb\u00fcrtige Dortmunder zog fr\u00fch ins Rhein-Main-Gebiet und spielte im Jugendbereich beim VfR Kesselstadt und [&hellip;]<\/p>\n","protected":false},"author":1,"featured_media":19709,"comment_status":"open","ping_status":"open","sticky":true,"template":"","format":"standard","meta":{"footnotes":""},"categories":[2],"tags":[],"class_list":["post-19708","post","type-post","status-publish","format-standard","has-post-thumbnail","hentry","category-kreisoberliga-frankfurt"],"_links":{"self":[{"href":"https:\/\/insideamateurfussball-ffm.de\/index.php?rest_route=\/wp\/v2\/posts\/19708","targetHints":{"allow":["GET"]}}],"collection":[{"href":"https:\/\/insideamateurfussball-ffm.de\/index.php?rest_route=\/wp\/v2\/posts"}],"about":[{"href":"https:\/\/insideamateurfussball-ffm.de\/index.php?rest_route=\/wp\/v2\/types\/post"}],"author":[{"embeddable":true,"href":"https:\/\/insideamateurfussball-ffm.de\/index.php?rest_route=\/wp\/v2\/users\/1"}],"replies":[{"embeddable":true,"href":"https:\/\/insideamateurfussball-ffm.de\/index.php?rest_route=%2Fwp%2Fv2%2Fcomments&post=19708"}],"version-history":[{"count":1,"href":"https:\/\/insideamateurfussball-ffm.de\/index.php?rest_route=\/wp\/v2\/posts\/19708\/revisions"}],"predecessor-version":[{"id":19710,"href":"https:\/\/insideamateurfussball-ffm.de\/index.php?rest_route=\/wp\/v2\/posts\/19708\/revisions\/19710"}],"wp:featuredmedia":[{"embeddable":true,"href":"https:\/\/insideamateurfussball-ffm.de\/index.php?rest_route=\/wp\/v2\/media\/19709"}],"wp:attachment":[{"href":"https:\/\/insideamateurfussball-ffm.de\/index.php?rest_route=%2Fwp%2Fv2%2Fmedia&parent=19708"}],"wp:term":[{"taxonomy":"category","embeddable":true,"href":"https:\/\/insideamateurfussball-ffm.de\/index.php?rest_route=%2Fwp%2Fv2%2Fcategories&post=19708"},{"taxonomy":"post_tag","embeddable":true,"href":"https:\/\/insideamateurfussball-ffm.de\/index.php?rest_route=%2Fwp%2Fv2%2Ftags&post=19708"}],"curies":[{"name":"wp","href":"https:\/\/api.w.org\/{rel}","templated":true}]}}