{"id":19569,"date":"2024-06-09T20:34:32","date_gmt":"2024-06-09T18:34:32","guid":{"rendered":"https:\/\/insideamateurfussball-ffm.de\/?p=19569"},"modified":"2024-06-09T20:36:02","modified_gmt":"2024-06-09T18:36:02","slug":"kalbach-scheitert-am-verbandsliga-aufstieg","status":"publish","type":"post","link":"https:\/\/insideamateurfussball-ffm.de\/?p=19569","title":{"rendered":"Kalbach scheitert am Verbandsliga-Aufstieg"},"content":{"rendered":"<h4>Die Kr\u00f6nung der gro\u00dfartigen Saison des FC Kalbach mit dem 2. Platz in der Gruppenliga, dem Endspiel in der Relegation und dem Kreispokal-Sieg mit der Qualifikation zum Hessenpokal blieb der Mannschaft versagt, die Frankfurter unterlagen im Endspiel dem VfR Gro\u00df-Gerau nach gro\u00dfem Kampf mit 2:4 und bleiben damit in der Gruppenliga Frankfurt West.<\/h4>\n<figure id=\"attachment_19578\" aria-describedby=\"caption-attachment-19578\" style=\"width: 2016px\" class=\"wp-caption alignnone\"><img loading=\"lazy\" decoding=\"async\" class=\"wp-image-19578 size-full\" src=\"http:\/\/insideamateurfussball-ffm.de\/wp-content\/uploads\/2024\/06\/kalbachgrossgerau08.jpg\" alt=\"\" width=\"2016\" height=\"1512\" srcset=\"https:\/\/insideamateurfussball-ffm.de\/wp-content\/uploads\/2024\/06\/kalbachgrossgerau08.jpg 2016w, https:\/\/insideamateurfussball-ffm.de\/wp-content\/uploads\/2024\/06\/kalbachgrossgerau08-300x225.jpg 300w, https:\/\/insideamateurfussball-ffm.de\/wp-content\/uploads\/2024\/06\/kalbachgrossgerau08-1024x768.jpg 1024w, https:\/\/insideamateurfussball-ffm.de\/wp-content\/uploads\/2024\/06\/kalbachgrossgerau08-768x576.jpg 768w, https:\/\/insideamateurfussball-ffm.de\/wp-content\/uploads\/2024\/06\/kalbachgrossgerau08-1536x1152.jpg 1536w\" sizes=\"auto, (max-width: 2016px) 100vw, 2016px\" \/><figcaption id=\"caption-attachment-19578\" class=\"wp-caption-text\">Die Mannschaft des VfR Gro\u00df-Gerau feierte nach dem Spiel den Aufstieg in die Verbandsliga S\u00fcd. Foto: MZ<\/figcaption><\/figure>\n<h4>FC Kalbach &#8211; VfR Gro\u00df-Gerau 2:4 (1:0)<\/h4>\n<p><img loading=\"lazy\" decoding=\"async\" class=\"alignnone size-full wp-image-16\" src=\"http:\/\/insideamateurfussball-ffm.de\/wp-content\/uploads\/2021\/11\/kalbach-wappen.jpg\" alt=\"\" width=\"80\" height=\"80\" \/><img loading=\"lazy\" decoding=\"async\" class=\"alignnone size-full wp-image-16322\" src=\"http:\/\/insideamateurfussball-ffm.de\/wp-content\/uploads\/2024\/02\/vfr-gross-gerau.png\" alt=\"\" width=\"80\" height=\"80\" \/><\/p>\n<p>Das Endspiel um den Aufstieg in die Verbandsliga S\u00fcd zwischen dem FC Kalbach und dem VfR Gro\u00df-Gerau fand in der sch\u00f6nen Sportanlage des SV M\u00fcnster statt, bei bestem Wetter und sehr guten Platzbedingungen. Der FC Kalbach \u00fcberraschte mit seiner Startaufstellung, der am Montag mit einer Schulterverletzung ausgeschiedene Torj\u00e4ger Achraf Gara Ali konnte beginnen und war in der 2.Minute auch gleich im Mittelpunkt des Geschehens, als er im Strafraum gefoult wurde. Den f\u00e4lligen Strafsto\u00df verwandelte Gara Ali souver\u00e4n zum fr\u00fchen 1:0 f\u00fcr die Kalbacher, das die Mannschaft weiter befl\u00fcgelte. In der 13.Minute konnte Gro\u00df-Geraus Torh\u00fcter Nico Altoe einen abgef\u00e4lschten Distanzschuss von Achraf Gara Ali gerade noch entsch\u00e4rfen. Der Tabellenzweite aus der Gruppenliga Darmstadt kam in der 14.Minute zur ersten Chance, als ein abgef\u00e4lschter Schuss die Latte streifte.<\/p>\n<p>Nach 20 Minuten war die spielerische \u00dcberlegenheit der Kalbacher verflogen und die Mannschaft aus Gro\u00df-Gerau kam besser ins Spiel, die Kalbacher lie\u00dfen sich zur\u00fcckdr\u00e4ngen und produzierten im Spielaufbau zu viele Abspielfehler, in der 39.Minute hielt ein Kalbacher Verteidiger gerade noch seinen Kopf in einen gef\u00e4hrlichen Weitschuss der Gro\u00df-Gerauer. So ging es mit dem nicht unverdienten 1:0 f\u00fcr Kalbach in die Pause.<\/p>\n<h3><span style=\"text-decoration: underline;\">Gro\u00df-Gerau dreht in 10 Minuten das Spiel<\/span><\/h3>\n<p>Der Gruppenligist aus Gro\u00df-Gerau wechselte in der Halbzeit dreimal und kam wie verwandelt aus der Kabine. Bereits in der 48.Minute war es der eingewechselte Tim Lorenz, der einen abgeprallten Flankenball aus 16 Metern abzog, der Ball wurde noch von einem Kalbacher Verteidiger abgef\u00e4lscht und landete zum 1:1-Ausgleich im Tor. In der 54.Minute brachte es ein Gro\u00df-Gerauer fertig, nach einem Eckball den Ball aus drei Metern am Tor vorbeizuschie\u00dfen. Besser machten sie es nur eine Minute sp\u00e4ter: eine erneute gef\u00e4hrliche Ecke landete auf dem Kopf von Fynn Schek, der keine M\u00fche hatte, den Ball unbedr\u00e4ngt aus 5 Metern im Tor unterzubringen, mit dem 2:1 hatten die Gro\u00df-Gerauer das Spiel innerhalb von 10 Minuten gewendet.<\/p>\n<h3><span style=\"text-decoration: underline;\">Kalbach h\u00e4lt k\u00e4mpferisch dagegen<\/span><\/h3>\n<p>Der FC Kalbach zeigte aber wieder einmal seine Mentalit\u00e4t und gab nicht auf, allerdings lief spielerisch in der Offensive nicht viel zusammen. Sie bekamen keinen Zugriff auf die B\u00e4lle im Mittelfeld und leisteten sich im Aufbau zu viele leichte Fehler, mit den sie den VfR immer wieder ins Spiel brachten. In der 78.Minute gelang allerdings ein guter Spielzug, nach einem Pass von Achraf Gara Ali kam Moritz Uppenkamp frei vor dem Tor an den Ball und konnte mit einem Schuss ins lange Eck den 2:2-Ausgleich erzielen, der von den vielen mitgereisten lautstarken Kalbacher Fans frenetisch bejubelt wurde.<\/p>\n<h3><span style=\"text-decoration: underline;\">KO in er 88.Minute<\/span><\/h3>\n<p>Die Kalbacher versuchten jetzt, zumindest die Verl\u00e4ngerung zu erreichen, doch ein Konter sorgte f\u00fcr die Vorentscheidung f\u00fcr Gro\u00df-Gerau. Nach einem langen Pass auf die rechte Seite umspielte der Gerauer St\u00fcrmer einen Kalbacher Verteidiger und passte fast von der Torauslinie zur\u00fcck in den R\u00fcckraum, wo zwei Gerauer Spieler freistanden, es war der erst in der 73.Minute eingewechselte Gioele Fiandace, der das 3:2 erzielen konnte. In der 90.Minute wechselte Kalbachs Trainer Aaz Dine Zarioh zum ersten Mal und brachte St\u00fcrmer Lukas H\u00f6ll ins Spiel, nach einem einstudierten Eckball wurde ein Schuss eines Kalbachers gerade noch vom Torwart gerettet. Bei der n\u00e4chsten Ecke ging auch Torwart Fabian Lanthaler mit nach vorne, der Ball wurde abgewehrt und beim Konter konnte Pascal Wicht den Ball zum Endstand von 4:2 f\u00fcr Gro\u00df-Gerau ins verwaiste Tor schie\u00dfen.<\/p>\n<p>Das Spiel wurde gar nicht mehr angepfiffen und der VfR Gro\u00df-Gerau steigt nach diesem Sieg in die Verbandsliga S\u00fcd auf, w\u00e4hrend der FC Kalbach f\u00fcr ein weiteres Jahr Gruppenliga Frankfurt West planen muss. Manni Meyer, Mitglied der Sportlichen Leitung des FC Kalbach, nach dem Spiel: \u201eGanz einfach, wir haben in der ersten Halbzeit den Sack nicht zumachen k\u00f6nnen, wir waren klar die bessere Mannschaft, haben das Spiel bestimmt, und kriegen kurz nach der Pause das 1:1, abgef\u00e4lschter Schuss, und dann gleich das 2.1, das hat wehgetan. Aber wir sind eine Mentalit\u00e4tsmannschaft, wir kommen zur\u00fcck, auch eben in der 90.+3, dass der nicht reingeht, den Eckball, den trainieren wir im Training, und der schie\u00dft dem Tormann aufs Knie und der Ball geht raus. Das wars, fertig aus, gute Saison, abhaken, jetzt Luft kriegen f\u00fcr die neue Runde, neu anfangen, und mehr kann man dazu nicht sagen. Ich bin entt\u00e4uscht, aber wer nach so einem Spiel nicht entt\u00e4uscht ist, das gibt\u2019s nicht.\u201c<\/p>\n<p>Die Kalbacher gehen jetzt mit einer Entt\u00e4uschung in die Sommerpause, haben aber eine sehr gute Saison gespielt und d\u00fcrfen die neue Saison auch mit einem Spiel in der ersten Runde des Hessenpokals beginnen.<\/p>\n<h4>Schiedsrichter: Johannes Helmut Baumann (SV Germania Birklar). Zuschauer: 870.<\/h4>\n<h4>Tore: 1:0 Achraf Gara Ali (2., Elfmeter),1:1 Tim Lorenz (48.), 1:2 Fynn Schek (55.), 2:2 Moritz Uppenkamp (78.), 2:3 Gioele Fiandaca (88.), 2:4 Pascal Wicht (90.+6)<\/h4>\n\n\n<figure class=\"wp-block-image size-large\"><img loading=\"lazy\" decoding=\"async\" width=\"1024\" height=\"768\" src=\"http:\/\/insideamateurfussball-ffm.de\/wp-content\/uploads\/2024\/06\/kalbachgrossgerau00-1024x768.jpg\" alt=\"\" class=\"wp-image-19570\" srcset=\"https:\/\/insideamateurfussball-ffm.de\/wp-content\/uploads\/2024\/06\/kalbachgrossgerau00-1024x768.jpg 1024w, https:\/\/insideamateurfussball-ffm.de\/wp-content\/uploads\/2024\/06\/kalbachgrossgerau00-300x225.jpg 300w, https:\/\/insideamateurfussball-ffm.de\/wp-content\/uploads\/2024\/06\/kalbachgrossgerau00-768x576.jpg 768w, https:\/\/insideamateurfussball-ffm.de\/wp-content\/uploads\/2024\/06\/kalbachgrossgerau00-1536x1152.jpg 1536w, https:\/\/insideamateurfussball-ffm.de\/wp-content\/uploads\/2024\/06\/kalbachgrossgerau00.jpg 2016w\" sizes=\"auto, (max-width: 1024px) 100vw, 1024px\" \/><\/figure>\n\n\n\n<figure class=\"wp-block-image size-large\"><img loading=\"lazy\" decoding=\"async\" width=\"1024\" height=\"768\" src=\"http:\/\/insideamateurfussball-ffm.de\/wp-content\/uploads\/2024\/06\/kalbachgrossgerau01-1024x768.jpg\" alt=\"\" class=\"wp-image-19571\" srcset=\"https:\/\/insideamateurfussball-ffm.de\/wp-content\/uploads\/2024\/06\/kalbachgrossgerau01-1024x768.jpg 1024w, https:\/\/insideamateurfussball-ffm.de\/wp-content\/uploads\/2024\/06\/kalbachgrossgerau01-300x225.jpg 300w, https:\/\/insideamateurfussball-ffm.de\/wp-content\/uploads\/2024\/06\/kalbachgrossgerau01-768x576.jpg 768w, https:\/\/insideamateurfussball-ffm.de\/wp-content\/uploads\/2024\/06\/kalbachgrossgerau01-1536x1152.jpg 1536w, https:\/\/insideamateurfussball-ffm.de\/wp-content\/uploads\/2024\/06\/kalbachgrossgerau01.jpg 2016w\" sizes=\"auto, (max-width: 1024px) 100vw, 1024px\" \/><\/figure>\n\n\n\n<figure class=\"wp-block-image size-large\"><img loading=\"lazy\" decoding=\"async\" width=\"1024\" height=\"768\" src=\"http:\/\/insideamateurfussball-ffm.de\/wp-content\/uploads\/2024\/06\/kalbachgrossgerau02-1024x768.jpg\" alt=\"\" class=\"wp-image-19572\" srcset=\"https:\/\/insideamateurfussball-ffm.de\/wp-content\/uploads\/2024\/06\/kalbachgrossgerau02-1024x768.jpg 1024w, https:\/\/insideamateurfussball-ffm.de\/wp-content\/uploads\/2024\/06\/kalbachgrossgerau02-300x225.jpg 300w, https:\/\/insideamateurfussball-ffm.de\/wp-content\/uploads\/2024\/06\/kalbachgrossgerau02-768x576.jpg 768w, https:\/\/insideamateurfussball-ffm.de\/wp-content\/uploads\/2024\/06\/kalbachgrossgerau02-1536x1152.jpg 1536w, https:\/\/insideamateurfussball-ffm.de\/wp-content\/uploads\/2024\/06\/kalbachgrossgerau02.jpg 2016w\" sizes=\"auto, (max-width: 1024px) 100vw, 1024px\" \/><\/figure>\n\n\n\n<figure class=\"wp-block-image size-large\"><img loading=\"lazy\" decoding=\"async\" width=\"1024\" height=\"768\" src=\"http:\/\/insideamateurfussball-ffm.de\/wp-content\/uploads\/2024\/06\/kalbachgrossgerau03-1024x768.jpg\" alt=\"\" class=\"wp-image-19573\" srcset=\"https:\/\/insideamateurfussball-ffm.de\/wp-content\/uploads\/2024\/06\/kalbachgrossgerau03-1024x768.jpg 1024w, https:\/\/insideamateurfussball-ffm.de\/wp-content\/uploads\/2024\/06\/kalbachgrossgerau03-300x225.jpg 300w, https:\/\/insideamateurfussball-ffm.de\/wp-content\/uploads\/2024\/06\/kalbachgrossgerau03-768x576.jpg 768w, https:\/\/insideamateurfussball-ffm.de\/wp-content\/uploads\/2024\/06\/kalbachgrossgerau03-1536x1152.jpg 1536w, https:\/\/insideamateurfussball-ffm.de\/wp-content\/uploads\/2024\/06\/kalbachgrossgerau03.jpg 2016w\" sizes=\"auto, (max-width: 1024px) 100vw, 1024px\" \/><\/figure>\n\n\n\n<figure class=\"wp-block-image size-large\"><img loading=\"lazy\" decoding=\"async\" width=\"1024\" height=\"768\" src=\"http:\/\/insideamateurfussball-ffm.de\/wp-content\/uploads\/2024\/06\/kalbachgrossgerau04-1024x768.jpg\" alt=\"\" class=\"wp-image-19574\" srcset=\"https:\/\/insideamateurfussball-ffm.de\/wp-content\/uploads\/2024\/06\/kalbachgrossgerau04-1024x768.jpg 1024w, https:\/\/insideamateurfussball-ffm.de\/wp-content\/uploads\/2024\/06\/kalbachgrossgerau04-300x225.jpg 300w, https:\/\/insideamateurfussball-ffm.de\/wp-content\/uploads\/2024\/06\/kalbachgrossgerau04-768x576.jpg 768w, https:\/\/insideamateurfussball-ffm.de\/wp-content\/uploads\/2024\/06\/kalbachgrossgerau04-1536x1152.jpg 1536w, https:\/\/insideamateurfussball-ffm.de\/wp-content\/uploads\/2024\/06\/kalbachgrossgerau04.jpg 2016w\" sizes=\"auto, (max-width: 1024px) 100vw, 1024px\" \/><\/figure>\n\n\n\n<figure class=\"wp-block-image size-large\"><img loading=\"lazy\" decoding=\"async\" width=\"1024\" height=\"768\" src=\"http:\/\/insideamateurfussball-ffm.de\/wp-content\/uploads\/2024\/06\/kalbachgrossgerau05-1024x768.jpg\" alt=\"\" class=\"wp-image-19575\" srcset=\"https:\/\/insideamateurfussball-ffm.de\/wp-content\/uploads\/2024\/06\/kalbachgrossgerau05-1024x768.jpg 1024w, https:\/\/insideamateurfussball-ffm.de\/wp-content\/uploads\/2024\/06\/kalbachgrossgerau05-300x225.jpg 300w, https:\/\/insideamateurfussball-ffm.de\/wp-content\/uploads\/2024\/06\/kalbachgrossgerau05-768x576.jpg 768w, https:\/\/insideamateurfussball-ffm.de\/wp-content\/uploads\/2024\/06\/kalbachgrossgerau05-1536x1152.jpg 1536w, https:\/\/insideamateurfussball-ffm.de\/wp-content\/uploads\/2024\/06\/kalbachgrossgerau05.jpg 2016w\" sizes=\"auto, (max-width: 1024px) 100vw, 1024px\" \/><\/figure>\n\n\n\n<figure class=\"wp-block-image size-large\"><img loading=\"lazy\" decoding=\"async\" width=\"1024\" height=\"768\" src=\"http:\/\/insideamateurfussball-ffm.de\/wp-content\/uploads\/2024\/06\/kalbachgrossgerau06-1024x768.jpg\" alt=\"\" class=\"wp-image-19576\" srcset=\"https:\/\/insideamateurfussball-ffm.de\/wp-content\/uploads\/2024\/06\/kalbachgrossgerau06-1024x768.jpg 1024w, https:\/\/insideamateurfussball-ffm.de\/wp-content\/uploads\/2024\/06\/kalbachgrossgerau06-300x225.jpg 300w, https:\/\/insideamateurfussball-ffm.de\/wp-content\/uploads\/2024\/06\/kalbachgrossgerau06-768x576.jpg 768w, https:\/\/insideamateurfussball-ffm.de\/wp-content\/uploads\/2024\/06\/kalbachgrossgerau06-1536x1152.jpg 1536w, https:\/\/insideamateurfussball-ffm.de\/wp-content\/uploads\/2024\/06\/kalbachgrossgerau06.jpg 2016w\" sizes=\"auto, (max-width: 1024px) 100vw, 1024px\" \/><\/figure>\n\n\n\n<figure class=\"wp-block-image size-large\"><img loading=\"lazy\" decoding=\"async\" width=\"1024\" height=\"768\" src=\"http:\/\/insideamateurfussball-ffm.de\/wp-content\/uploads\/2024\/06\/kalbachgrossgerau07-1024x768.jpg\" alt=\"\" class=\"wp-image-19577\" srcset=\"https:\/\/insideamateurfussball-ffm.de\/wp-content\/uploads\/2024\/06\/kalbachgrossgerau07-1024x768.jpg 1024w, https:\/\/insideamateurfussball-ffm.de\/wp-content\/uploads\/2024\/06\/kalbachgrossgerau07-300x225.jpg 300w, https:\/\/insideamateurfussball-ffm.de\/wp-content\/uploads\/2024\/06\/kalbachgrossgerau07-768x576.jpg 768w, https:\/\/insideamateurfussball-ffm.de\/wp-content\/uploads\/2024\/06\/kalbachgrossgerau07-1536x1152.jpg 1536w, https:\/\/insideamateurfussball-ffm.de\/wp-content\/uploads\/2024\/06\/kalbachgrossgerau07.jpg 2016w\" sizes=\"auto, (max-width: 1024px) 100vw, 1024px\" \/><\/figure>\n","protected":false},"excerpt":{"rendered":"<p>Die Kr\u00f6nung der gro\u00dfartigen Saison des FC Kalbach mit dem 2. Platz in der Gruppenliga, dem Endspiel in der Relegation und dem Kreispokal-Sieg mit der Qualifikation zum Hessenpokal blieb der Mannschaft versagt, die Frankfurter unterlagen im Endspiel dem VfR Gro\u00df-Gerau nach gro\u00dfem Kampf mit 2:4 und bleiben damit in der Gruppenliga Frankfurt West. FC Kalbach [&hellip;]<\/p>\n","protected":false},"author":3,"featured_media":19578,"comment_status":"open","ping_status":"open","sticky":true,"template":"","format":"standard","meta":{"footnotes":""},"categories":[36],"tags":[],"class_list":["post-19569","post","type-post","status-publish","format-standard","has-post-thumbnail","hentry","category-relegation"],"_links":{"self":[{"href":"https:\/\/insideamateurfussball-ffm.de\/index.php?rest_route=\/wp\/v2\/posts\/19569","targetHints":{"allow":["GET"]}}],"collection":[{"href":"https:\/\/insideamateurfussball-ffm.de\/index.php?rest_route=\/wp\/v2\/posts"}],"about":[{"href":"https:\/\/insideamateurfussball-ffm.de\/index.php?rest_route=\/wp\/v2\/types\/post"}],"author":[{"embeddable":true,"href":"https:\/\/insideamateurfussball-ffm.de\/index.php?rest_route=\/wp\/v2\/users\/3"}],"replies":[{"embeddable":true,"href":"https:\/\/insideamateurfussball-ffm.de\/index.php?rest_route=%2Fwp%2Fv2%2Fcomments&post=19569"}],"version-history":[{"count":4,"href":"https:\/\/insideamateurfussball-ffm.de\/index.php?rest_route=\/wp\/v2\/posts\/19569\/revisions"}],"predecessor-version":[{"id":19582,"href":"https:\/\/insideamateurfussball-ffm.de\/index.php?rest_route=\/wp\/v2\/posts\/19569\/revisions\/19582"}],"wp:featuredmedia":[{"embeddable":true,"href":"https:\/\/insideamateurfussball-ffm.de\/index.php?rest_route=\/wp\/v2\/media\/19578"}],"wp:attachment":[{"href":"https:\/\/insideamateurfussball-ffm.de\/index.php?rest_route=%2Fwp%2Fv2%2Fmedia&parent=19569"}],"wp:term":[{"taxonomy":"category","embeddable":true,"href":"https:\/\/insideamateurfussball-ffm.de\/index.php?rest_route=%2Fwp%2Fv2%2Fcategories&post=19569"},{"taxonomy":"post_tag","embeddable":true,"href":"https:\/\/insideamateurfussball-ffm.de\/index.php?rest_route=%2Fwp%2Fv2%2Ftags&post=19569"}],"curies":[{"name":"wp","href":"https:\/\/api.w.org\/{rel}","templated":true}]}}