{"id":19508,"date":"2024-06-07T18:21:54","date_gmt":"2024-06-07T16:21:54","guid":{"rendered":"https:\/\/insideamateurfussball-ffm.de\/?p=19508"},"modified":"2024-06-07T18:23:38","modified_gmt":"2024-06-07T16:23:38","slug":"bad-vilbel-hat-jetzt-alles-in-der-eigenen-hand","status":"publish","type":"post","link":"https:\/\/insideamateurfussball-ffm.de\/?p=19508","title":{"rendered":"Bad Vilbel hat jetzt alles in der eigenen Hand"},"content":{"rendered":"<h5><span style=\"font-size: 16px;\">Lange abgeschrieben, bekommt der FV Bad Vilbel doch noch die Chance, den dritten Abstieg in Folge zu verhindern. Nach dem klaren 3:0-Sieg im zweiten Relegationsspiel bei der SG Oberh\u00f6chstadt reicht den Gr\u00fcn-Wei\u00dfen am Sonntag schon ein Remis gegen den SV Viktoria Preu\u00dfen, um in der Gruppenliga Frankfurt West zu bleiben.\u00a0<\/span><\/h5>\n<figure id=\"attachment_19509\" aria-describedby=\"caption-attachment-19509\" style=\"width: 650px\" class=\"wp-caption alignleft\"><img loading=\"lazy\" decoding=\"async\" class=\"wp-image-19509\" src=\"http:\/\/insideamateurfussball-ffm.de\/wp-content\/uploads\/2024\/06\/SGO-FVBV-1024x1024.jpg\" alt=\"\" width=\"650\" height=\"650\" srcset=\"https:\/\/insideamateurfussball-ffm.de\/wp-content\/uploads\/2024\/06\/SGO-FVBV-1024x1024.jpg 1024w, https:\/\/insideamateurfussball-ffm.de\/wp-content\/uploads\/2024\/06\/SGO-FVBV-300x300.jpg 300w, https:\/\/insideamateurfussball-ffm.de\/wp-content\/uploads\/2024\/06\/SGO-FVBV-150x150.jpg 150w, https:\/\/insideamateurfussball-ffm.de\/wp-content\/uploads\/2024\/06\/SGO-FVBV-768x768.jpg 768w, https:\/\/insideamateurfussball-ffm.de\/wp-content\/uploads\/2024\/06\/SGO-FVBV.jpg 1440w\" sizes=\"auto, (max-width: 650px) 100vw, 650px\" \/><figcaption id=\"caption-attachment-19509\" class=\"wp-caption-text\">Justus Loose erzielt das 1:0 f\u00fcr Bad Vilbel. Foto: FVBV.<\/figcaption><\/figure>\n<h5><span style=\"font-size: 16px;\">SG Oberh\u00f6chstadt &#8211; FV Bad Vilbel 0:3 (0:2)<\/span><\/h5>\n<p><img loading=\"lazy\" decoding=\"async\" class=\"alignnone size-full wp-image-19400\" src=\"http:\/\/insideamateurfussball-ffm.de\/wp-content\/uploads\/2024\/06\/Oberhoechstadt.jpg\" alt=\"\" width=\"67\" height=\"80\" \/><img loading=\"lazy\" decoding=\"async\" class=\"alignnone size-full wp-image-146\" src=\"http:\/\/insideamateurfussball-ffm.de\/wp-content\/uploads\/2022\/05\/FV-Bad-Vilbel.jpg\" alt=\"\" width=\"80\" height=\"80\" \/><\/p>\n<p><span style=\"font-size: 16px;\">Bad Vilbels Torh\u00fcter Max Ehrig parierte in der Anfangsphase einen Foulelfmeter und verhinderte so die F\u00fchrung der Gastgeber aus dem Kronberger Stadtteil. <\/span><\/p>\n<p><span style=\"font-size: 16px;\">Durch Justus Loose (11.) und Malik Makey (40.) f\u00fchrte Bad Vilbel komfortabel zur Pause und legte nach dem Seitenwechsel nach.<\/span><\/p>\n<p><span style=\"font-size: 16px;\"> Wiederum Makey kurz vor Schluss verschaffte den Quellenst\u00e4dtern eine hervorragende Ausgangsposition f\u00fcr das Heimspiel am Sonntag (16 Uhr).<\/span><\/p>\n<p><span style=\"font-size: 16px;\"> Sollte der FC Kalbach in die Verbandsliga S\u00fcd aufsteigen, k\u00e4men aus der Gruppenliga-Relegation zwei Vereine durch.\u00a0<\/span><\/p>\n<ul>\n<li><strong><span style=\"font-size: 16px;\">Schiedsrichter: Leon Reuben (Viktoria Kelsterbach). Zuschauer: 400.\u00a0<\/span><\/strong><\/li>\n<li><strong><span style=\"font-size: 16px;\">Tore: 0:1 Justus Loose (11.), 0:2, 0:3 Malik Makey (40.\/85.).<\/span><\/strong><\/li>\n<li><strong><span style=\"font-size: 16px;\">Bildergalerie: Vielen Dank an Jan Werner f\u00fcr das Upload der Bilder!<\/span><\/strong><\/li>\n<\/ul>\n\n\n<figure class=\"wp-block-gallery has-nested-images columns-default is-cropped wp-block-gallery-1 is-layout-flex wp-block-gallery-is-layout-flex\">\n<figure class=\"wp-block-image size-large is-style-default\"><img loading=\"lazy\" decoding=\"async\" width=\"1024\" height=\"683\" data-id=\"19440\" src=\"https:\/\/insideamateurfussball-ffm.de\/wp-content\/uploads\/2024\/06\/IMG_0106-1024x683.jpg\" alt=\"\" class=\"wp-image-19440\" srcset=\"https:\/\/insideamateurfussball-ffm.de\/wp-content\/uploads\/2024\/06\/IMG_0106-1024x683.jpg 1024w, https:\/\/insideamateurfussball-ffm.de\/wp-content\/uploads\/2024\/06\/IMG_0106-300x200.jpg 300w, https:\/\/insideamateurfussball-ffm.de\/wp-content\/uploads\/2024\/06\/IMG_0106-768x512.jpg 768w, https:\/\/insideamateurfussball-ffm.de\/wp-content\/uploads\/2024\/06\/IMG_0106-1536x1024.jpg 1536w, https:\/\/insideamateurfussball-ffm.de\/wp-content\/uploads\/2024\/06\/IMG_0106-2048x1365.jpg 2048w\" sizes=\"auto, (max-width: 1024px) 100vw, 1024px\" \/><\/figure>\n<\/figure>\n\n\n\n<figure class=\"wp-block-gallery has-nested-images columns-default is-cropped wp-block-gallery-2 is-layout-flex wp-block-gallery-is-layout-flex\">\n<figure class=\"wp-block-image size-large is-style-default\"><img loading=\"lazy\" decoding=\"async\" width=\"1024\" height=\"683\" data-id=\"19435\" src=\"https:\/\/insideamateurfussball-ffm.de\/wp-content\/uploads\/2024\/06\/IMG_0070-1024x683.jpg\" alt=\"\" class=\"wp-image-19435\" srcset=\"https:\/\/insideamateurfussball-ffm.de\/wp-content\/uploads\/2024\/06\/IMG_0070-1024x683.jpg 1024w, https:\/\/insideamateurfussball-ffm.de\/wp-content\/uploads\/2024\/06\/IMG_0070-300x200.jpg 300w, https:\/\/insideamateurfussball-ffm.de\/wp-content\/uploads\/2024\/06\/IMG_0070-768x512.jpg 768w, https:\/\/insideamateurfussball-ffm.de\/wp-content\/uploads\/2024\/06\/IMG_0070-1536x1024.jpg 1536w, https:\/\/insideamateurfussball-ffm.de\/wp-content\/uploads\/2024\/06\/IMG_0070-2048x1365.jpg 2048w\" sizes=\"auto, (max-width: 1024px) 100vw, 1024px\" \/><\/figure>\n<\/figure>\n\n\n\n<figure class=\"wp-block-gallery has-nested-images columns-default is-cropped wp-block-gallery-3 is-layout-flex wp-block-gallery-is-layout-flex\">\n<figure class=\"wp-block-image size-large is-style-default\"><img loading=\"lazy\" decoding=\"async\" width=\"1024\" height=\"683\" data-id=\"19430\" src=\"https:\/\/insideamateurfussball-ffm.de\/wp-content\/uploads\/2024\/06\/IMG_0013-1024x683.jpg\" alt=\"\" class=\"wp-image-19430\" srcset=\"https:\/\/insideamateurfussball-ffm.de\/wp-content\/uploads\/2024\/06\/IMG_0013-1024x683.jpg 1024w, https:\/\/insideamateurfussball-ffm.de\/wp-content\/uploads\/2024\/06\/IMG_0013-300x200.jpg 300w, https:\/\/insideamateurfussball-ffm.de\/wp-content\/uploads\/2024\/06\/IMG_0013-768x512.jpg 768w, https:\/\/insideamateurfussball-ffm.de\/wp-content\/uploads\/2024\/06\/IMG_0013-1536x1024.jpg 1536w, https:\/\/insideamateurfussball-ffm.de\/wp-content\/uploads\/2024\/06\/IMG_0013-2048x1365.jpg 2048w\" sizes=\"auto, (max-width: 1024px) 100vw, 1024px\" \/><\/figure>\n<\/figure>\n\n\n\n<figure class=\"wp-block-gallery has-nested-images columns-default is-cropped wp-block-gallery-4 is-layout-flex wp-block-gallery-is-layout-flex\">\n<figure class=\"wp-block-image size-large is-style-default\"><img loading=\"lazy\" decoding=\"async\" width=\"1024\" height=\"683\" data-id=\"19443\" src=\"https:\/\/insideamateurfussball-ffm.de\/wp-content\/uploads\/2024\/06\/IMG_0120-1024x683.jpg\" alt=\"\" class=\"wp-image-19443\" srcset=\"https:\/\/insideamateurfussball-ffm.de\/wp-content\/uploads\/2024\/06\/IMG_0120-1024x683.jpg 1024w, https:\/\/insideamateurfussball-ffm.de\/wp-content\/uploads\/2024\/06\/IMG_0120-300x200.jpg 300w, https:\/\/insideamateurfussball-ffm.de\/wp-content\/uploads\/2024\/06\/IMG_0120-768x512.jpg 768w, https:\/\/insideamateurfussball-ffm.de\/wp-content\/uploads\/2024\/06\/IMG_0120-1536x1024.jpg 1536w, https:\/\/insideamateurfussball-ffm.de\/wp-content\/uploads\/2024\/06\/IMG_0120-2048x1365.jpg 2048w\" sizes=\"auto, (max-width: 1024px) 100vw, 1024px\" \/><\/figure>\n<\/figure>\n\n\n\n<figure class=\"wp-block-gallery has-nested-images columns-default is-cropped wp-block-gallery-5 is-layout-flex wp-block-gallery-is-layout-flex\">\n<figure class=\"wp-block-image size-large is-style-default\"><img loading=\"lazy\" decoding=\"async\" width=\"1024\" height=\"683\" data-id=\"19438\" src=\"https:\/\/insideamateurfussball-ffm.de\/wp-content\/uploads\/2024\/06\/IMG_0079-1024x683.jpg\" alt=\"\" class=\"wp-image-19438\" srcset=\"https:\/\/insideamateurfussball-ffm.de\/wp-content\/uploads\/2024\/06\/IMG_0079-1024x683.jpg 1024w, https:\/\/insideamateurfussball-ffm.de\/wp-content\/uploads\/2024\/06\/IMG_0079-300x200.jpg 300w, https:\/\/insideamateurfussball-ffm.de\/wp-content\/uploads\/2024\/06\/IMG_0079-768x512.jpg 768w, https:\/\/insideamateurfussball-ffm.de\/wp-content\/uploads\/2024\/06\/IMG_0079-1536x1024.jpg 1536w, https:\/\/insideamateurfussball-ffm.de\/wp-content\/uploads\/2024\/06\/IMG_0079-2048x1365.jpg 2048w\" sizes=\"auto, (max-width: 1024px) 100vw, 1024px\" \/><\/figure>\n<\/figure>\n\n\n\n<figure class=\"wp-block-gallery has-nested-images columns-default is-cropped wp-block-gallery-6 is-layout-flex wp-block-gallery-is-layout-flex\">\n<figure class=\"wp-block-image size-large is-style-default\"><img loading=\"lazy\" decoding=\"async\" width=\"1024\" height=\"683\" data-id=\"19433\" src=\"https:\/\/insideamateurfussball-ffm.de\/wp-content\/uploads\/2024\/06\/IMG_0045-1-1024x683.jpg\" alt=\"\" class=\"wp-image-19433\" srcset=\"https:\/\/insideamateurfussball-ffm.de\/wp-content\/uploads\/2024\/06\/IMG_0045-1-1024x683.jpg 1024w, https:\/\/insideamateurfussball-ffm.de\/wp-content\/uploads\/2024\/06\/IMG_0045-1-300x200.jpg 300w, https:\/\/insideamateurfussball-ffm.de\/wp-content\/uploads\/2024\/06\/IMG_0045-1-768x512.jpg 768w, https:\/\/insideamateurfussball-ffm.de\/wp-content\/uploads\/2024\/06\/IMG_0045-1-1536x1024.jpg 1536w, https:\/\/insideamateurfussball-ffm.de\/wp-content\/uploads\/2024\/06\/IMG_0045-1-2048x1365.jpg 2048w\" sizes=\"auto, (max-width: 1024px) 100vw, 1024px\" \/><\/figure>\n<\/figure>\n\n\n\n<figure class=\"wp-block-gallery has-nested-images columns-default is-cropped wp-block-gallery-7 is-layout-flex wp-block-gallery-is-layout-flex\">\n<figure class=\"wp-block-image size-large is-style-default\"><img loading=\"lazy\" decoding=\"async\" width=\"1024\" height=\"683\" data-id=\"19428\" src=\"https:\/\/insideamateurfussball-ffm.de\/wp-content\/uploads\/2024\/06\/IMG_0004-1-1024x683.jpg\" alt=\"\" class=\"wp-image-19428\" srcset=\"https:\/\/insideamateurfussball-ffm.de\/wp-content\/uploads\/2024\/06\/IMG_0004-1-1024x683.jpg 1024w, https:\/\/insideamateurfussball-ffm.de\/wp-content\/uploads\/2024\/06\/IMG_0004-1-300x200.jpg 300w, https:\/\/insideamateurfussball-ffm.de\/wp-content\/uploads\/2024\/06\/IMG_0004-1-768x512.jpg 768w, https:\/\/insideamateurfussball-ffm.de\/wp-content\/uploads\/2024\/06\/IMG_0004-1-1536x1024.jpg 1536w, https:\/\/insideamateurfussball-ffm.de\/wp-content\/uploads\/2024\/06\/IMG_0004-1-2048x1365.jpg 2048w\" sizes=\"auto, (max-width: 1024px) 100vw, 1024px\" \/><\/figure>\n<\/figure>\n","protected":false},"excerpt":{"rendered":"<p>Lange abgeschrieben, bekommt der FV Bad Vilbel doch noch die Chance, den dritten Abstieg in Folge zu verhindern. Nach dem klaren 3:0-Sieg im zweiten Relegationsspiel bei der SG Oberh\u00f6chstadt reicht den Gr\u00fcn-Wei\u00dfen am Sonntag schon ein Remis gegen den SV Viktoria Preu\u00dfen, um in der Gruppenliga Frankfurt West zu bleiben.\u00a0 SG Oberh\u00f6chstadt &#8211; FV Bad [&hellip;]<\/p>\n","protected":false},"author":1,"featured_media":19438,"comment_status":"open","ping_status":"open","sticky":true,"template":"","format":"standard","meta":{"footnotes":""},"categories":[36],"tags":[],"class_list":["post-19508","post","type-post","status-publish","format-standard","has-post-thumbnail","hentry","category-relegation"],"_links":{"self":[{"href":"https:\/\/insideamateurfussball-ffm.de\/index.php?rest_route=\/wp\/v2\/posts\/19508","targetHints":{"allow":["GET"]}}],"collection":[{"href":"https:\/\/insideamateurfussball-ffm.de\/index.php?rest_route=\/wp\/v2\/posts"}],"about":[{"href":"https:\/\/insideamateurfussball-ffm.de\/index.php?rest_route=\/wp\/v2\/types\/post"}],"author":[{"embeddable":true,"href":"https:\/\/insideamateurfussball-ffm.de\/index.php?rest_route=\/wp\/v2\/users\/1"}],"replies":[{"embeddable":true,"href":"https:\/\/insideamateurfussball-ffm.de\/index.php?rest_route=%2Fwp%2Fv2%2Fcomments&post=19508"}],"version-history":[{"count":2,"href":"https:\/\/insideamateurfussball-ffm.de\/index.php?rest_route=\/wp\/v2\/posts\/19508\/revisions"}],"predecessor-version":[{"id":19511,"href":"https:\/\/insideamateurfussball-ffm.de\/index.php?rest_route=\/wp\/v2\/posts\/19508\/revisions\/19511"}],"wp:featuredmedia":[{"embeddable":true,"href":"https:\/\/insideamateurfussball-ffm.de\/index.php?rest_route=\/wp\/v2\/media\/19438"}],"wp:attachment":[{"href":"https:\/\/insideamateurfussball-ffm.de\/index.php?rest_route=%2Fwp%2Fv2%2Fmedia&parent=19508"}],"wp:term":[{"taxonomy":"category","embeddable":true,"href":"https:\/\/insideamateurfussball-ffm.de\/index.php?rest_route=%2Fwp%2Fv2%2Fcategories&post=19508"},{"taxonomy":"post_tag","embeddable":true,"href":"https:\/\/insideamateurfussball-ffm.de\/index.php?rest_route=%2Fwp%2Fv2%2Ftags&post=19508"}],"curies":[{"name":"wp","href":"https:\/\/api.w.org\/{rel}","templated":true}]}}