{"id":19504,"date":"2024-06-07T07:23:00","date_gmt":"2024-06-07T05:23:00","guid":{"rendered":"https:\/\/insideamateurfussball-ffm.de\/?p=19504"},"modified":"2024-06-07T17:57:01","modified_gmt":"2024-06-07T15:57:01","slug":"fortuna-steigt-als-gruppensieger-auf","status":"publish","type":"post","link":"https:\/\/insideamateurfussball-ffm.de\/?p=19504","title":{"rendered":"Fortuna steigt als Gruppensieger auf"},"content":{"rendered":"<h5><span style=\"font-size: 16px;\">Durch den abschlie\u00dfenden 5:3-Sieg bei der SG Harheim II steigt der FC Fortuna 1973 als Gruppensieger der Relegation in die A-Klasse auf. Die Harheimer Reserve hat trotz der Niederlage den Klassenerhalt erreicht.\u00a0<\/span><\/h5>\n<figure id=\"attachment_19505\" aria-describedby=\"caption-attachment-19505\" style=\"width: 650px\" class=\"wp-caption alignleft\"><img loading=\"lazy\" decoding=\"async\" class=\"wp-image-19505\" src=\"http:\/\/insideamateurfussball-ffm.de\/wp-content\/uploads\/2024\/06\/Fortiuna1973-1024x1024.jpg\" alt=\"\" width=\"650\" height=\"650\" srcset=\"https:\/\/insideamateurfussball-ffm.de\/wp-content\/uploads\/2024\/06\/Fortiuna1973-1024x1024.jpg 1024w, https:\/\/insideamateurfussball-ffm.de\/wp-content\/uploads\/2024\/06\/Fortiuna1973-300x300.jpg 300w, https:\/\/insideamateurfussball-ffm.de\/wp-content\/uploads\/2024\/06\/Fortiuna1973-150x150.jpg 150w, https:\/\/insideamateurfussball-ffm.de\/wp-content\/uploads\/2024\/06\/Fortiuna1973-768x768.jpg 768w, https:\/\/insideamateurfussball-ffm.de\/wp-content\/uploads\/2024\/06\/Fortiuna1973.jpg 1080w\" sizes=\"auto, (max-width: 650px) 100vw, 650px\" \/><figcaption id=\"caption-attachment-19505\" class=\"wp-caption-text\">Der FC Fortuna 1973 ist ab sofort A-Klassist. Grafik: FC Fortuna.<\/figcaption><\/figure>\n<h5><span style=\"font-size: 16px;\">SG Harheim II &#8211; FC Fortuna 3:5 (2:3)<\/span><\/h5>\n<p><img loading=\"lazy\" decoding=\"async\" class=\"alignnone size-full wp-image-284\" src=\"http:\/\/insideamateurfussball-ffm.de\/wp-content\/uploads\/2022\/05\/Harheim.jpg\" alt=\"\" width=\"78\" height=\"80\" \/><img loading=\"lazy\" decoding=\"async\" class=\"alignnone size-full wp-image-296\" src=\"http:\/\/insideamateurfussball-ffm.de\/wp-content\/uploads\/2022\/05\/Fortuna.jpg\" alt=\"\" width=\"67\" height=\"80\" \/><\/p>\n<p><span style=\"font-size: 16px;\">In angenehmer Atmosph\u00e4re schlossen beide Teams die Relegationsrunde ab. Bei den G\u00e4sten von der Gerberm\u00fchle war Tom Deifuss mit vier Treffern ma\u00dfgeblich am Ausw\u00e4rtssieg beteiligt (6.\/40.\/60.\/87.). <\/span><\/p>\n<p><span style=\"font-size: 16px;\">Au\u00dferdem trug sich Yusaf Shah in die Torsch\u00fctzenliste ein (37.).<\/span><\/p>\n<ul>\n<li><strong><span style=\"font-size: 16px;\">&#8222;Das war mit sehr wichtig&#8220; (Harheims KOL-Trainer Christian Balzer zum Klassenerhalt der Reserve)<\/span><\/strong><\/li>\n<\/ul>\n<p><span style=\"font-size: 16px;\">Im Tor stand erneut Andre Carlos Winter, der ehemalige KOL-Trainer bei Concordia Eschersheim. Er lie\u00df Gegentore von Jan Schn\u00fccker (39.), Christian Gies (45.\/+1) und Christian Martinez Jimenez (67.) zu. Hocherfreut zeigte sich der Harheimer KOL-Trainer Christian Balzer: &#8222;Beide Teams haben nach dem Spiel gemeinsam gefeiert, so muss das doch sein. Meine Mission ist erf\u00fcllt, denn beide Senioren-Teams haben nach einer schweren Runde den Klassenerhalt geschafft. Das war mir sehr wichtig.&#8220; <\/span><\/p>\n<p><span style=\"font-size: 16px;\">Fortuna-Coach Christian Zimmermann, der sich in der Schlussphase selbst einwechselte, sagte: &#8222;Wir wollten das letzte Spiel seri\u00f6s abspulen. Ich gebe noch mal zu bedenken, dass man den Modus mit drei Spielen in sechs Tagen \u00fcberdenken sollte.&#8220;\u00a0<\/span><\/p>\n<ul>\n<li><strong><span style=\"font-size: 16px;\">Schiedsrichter: Tom Wagner (SV Niederursel). Zuschauer: 130.<\/span><\/strong><\/li>\n<li><strong><span style=\"font-size: 16px;\">Tore: 0:1 Tom Deifuss (6.), 0:2 Yusuf Shah (37.), 1:2 Jan Schn\u00fccker (39.), 1:3 Tom Deifuss (40.), 2:3 Christian Gies (45.\/+1), 2:4 Tom Deifuss (60.), 3:4 Christian Martinez Jimenez (67.), 3:5 Tom Deifuss (87.).<\/span><\/strong><\/li>\n<\/ul>\n","protected":false},"excerpt":{"rendered":"<p>Durch den abschlie\u00dfenden 5:3-Sieg bei der SG Harheim II steigt der FC Fortuna 1973 als Gruppensieger der Relegation in die A-Klasse auf. Die Harheimer Reserve hat trotz der Niederlage den Klassenerhalt erreicht.\u00a0 SG Harheim II &#8211; FC Fortuna 3:5 (2:3) In angenehmer Atmosph\u00e4re schlossen beide Teams die Relegationsrunde ab. Bei den G\u00e4sten von der Gerberm\u00fchle [&hellip;]<\/p>\n","protected":false},"author":1,"featured_media":19505,"comment_status":"open","ping_status":"open","sticky":true,"template":"","format":"standard","meta":{"footnotes":""},"categories":[36],"tags":[],"class_list":["post-19504","post","type-post","status-publish","format-standard","has-post-thumbnail","hentry","category-relegation"],"_links":{"self":[{"href":"https:\/\/insideamateurfussball-ffm.de\/index.php?rest_route=\/wp\/v2\/posts\/19504","targetHints":{"allow":["GET"]}}],"collection":[{"href":"https:\/\/insideamateurfussball-ffm.de\/index.php?rest_route=\/wp\/v2\/posts"}],"about":[{"href":"https:\/\/insideamateurfussball-ffm.de\/index.php?rest_route=\/wp\/v2\/types\/post"}],"author":[{"embeddable":true,"href":"https:\/\/insideamateurfussball-ffm.de\/index.php?rest_route=\/wp\/v2\/users\/1"}],"replies":[{"embeddable":true,"href":"https:\/\/insideamateurfussball-ffm.de\/index.php?rest_route=%2Fwp%2Fv2%2Fcomments&post=19504"}],"version-history":[{"count":2,"href":"https:\/\/insideamateurfussball-ffm.de\/index.php?rest_route=\/wp\/v2\/posts\/19504\/revisions"}],"predecessor-version":[{"id":19507,"href":"https:\/\/insideamateurfussball-ffm.de\/index.php?rest_route=\/wp\/v2\/posts\/19504\/revisions\/19507"}],"wp:featuredmedia":[{"embeddable":true,"href":"https:\/\/insideamateurfussball-ffm.de\/index.php?rest_route=\/wp\/v2\/media\/19505"}],"wp:attachment":[{"href":"https:\/\/insideamateurfussball-ffm.de\/index.php?rest_route=%2Fwp%2Fv2%2Fmedia&parent=19504"}],"wp:term":[{"taxonomy":"category","embeddable":true,"href":"https:\/\/insideamateurfussball-ffm.de\/index.php?rest_route=%2Fwp%2Fv2%2Fcategories&post=19504"},{"taxonomy":"post_tag","embeddable":true,"href":"https:\/\/insideamateurfussball-ffm.de\/index.php?rest_route=%2Fwp%2Fv2%2Ftags&post=19504"}],"curies":[{"name":"wp","href":"https:\/\/api.w.org\/{rel}","templated":true}]}}