{"id":19501,"date":"2024-06-07T05:50:00","date_gmt":"2024-06-07T03:50:00","guid":{"rendered":"https:\/\/insideamateurfussball-ffm.de\/?p=19501"},"modified":"2024-06-07T17:22:38","modified_gmt":"2024-06-07T15:22:38","slug":"saz-rock-loest-drittes-a-liga-ticket","status":"publish","type":"post","link":"https:\/\/insideamateurfussball-ffm.de\/?p=19501","title":{"rendered":"Saz-Rock l\u00f6st drittes A-Liga-Ticket"},"content":{"rendered":"<h5><span style=\"font-size: 16px;\">Der FV Saz-Rock hat den direkten Wiederaufstieg in die A-Klasse geschafft. Im abschlie\u00dfenden Relegationsspiel beim FFV Sportfreunde 04 II reichte ein 2:0-Sieg, um den dritten Platz in dieser Viererrunde zu erreichen. Die Reserve der Speuzer darf noch auf den Aufstieg des SV Viktoria Preu\u00dfen in die Gruppenliga hoffen. In diesem Fall w\u00fcrde der SV Blau-Gelb in die Kreisoberliga nachr\u00fccken und die Sportfreunde II w\u00fcrden noch die Klasse halten, andernfalls steigt man in die B-Klasse ab.\u00a0<\/span><\/h5>\n<figure id=\"attachment_19502\" aria-describedby=\"caption-attachment-19502\" style=\"width: 652px\" class=\"wp-caption alignleft\"><img loading=\"lazy\" decoding=\"async\" class=\"wp-image-19502\" src=\"http:\/\/insideamateurfussball-ffm.de\/wp-content\/uploads\/2024\/06\/saz8-1-1024x721.jpg\" alt=\"\" width=\"652\" height=\"459\" srcset=\"https:\/\/insideamateurfussball-ffm.de\/wp-content\/uploads\/2024\/06\/saz8-1-1024x721.jpg 1024w, https:\/\/insideamateurfussball-ffm.de\/wp-content\/uploads\/2024\/06\/saz8-1-300x211.jpg 300w, https:\/\/insideamateurfussball-ffm.de\/wp-content\/uploads\/2024\/06\/saz8-1-768x541.jpg 768w, https:\/\/insideamateurfussball-ffm.de\/wp-content\/uploads\/2024\/06\/saz8-1.jpg 1064w\" sizes=\"auto, (max-width: 652px) 100vw, 652px\" \/><figcaption id=\"caption-attachment-19502\" class=\"wp-caption-text\">Links Saz-Rock-Trainer Tamer Turna, vorne sein Assistent. Foto: Archiv Mithat G\u00fcrser.\u00a0\u00a0<\/figcaption><\/figure>\n<h5><span style=\"font-size: 16px;\">FFV Sportfreunde 04 II &#8211; FV Saz-Rock 0:2 (0:1)<\/span><\/h5>\n<p><img loading=\"lazy\" decoding=\"async\" class=\"alignnone size-full wp-image-141\" src=\"http:\/\/insideamateurfussball-ffm.de\/wp-content\/uploads\/2022\/05\/Speuzer.jpg\" alt=\"\" width=\"80\" height=\"80\" \/><img loading=\"lazy\" decoding=\"async\" class=\"alignnone size-full wp-image-25\" src=\"http:\/\/insideamateurfussball-ffm.de\/wp-content\/uploads\/2021\/11\/saz-rock.jpg\" alt=\"\" width=\"80\" height=\"76\" \/><\/p>\n<p><span style=\"font-size: 16px;\">Durch die Tore von Ali Crnovrsanin (8.) und Daniel Lopes (70.) kehrt Saz-Rock nach nur einem Jahr in die A-Klasse zur\u00fcck. <\/span><\/p>\n<p><span style=\"font-size: 16px;\">In den beiden Vorjahren war der Verein von der M\u00fchlwiese von der Kreisoberliga bis in die B-Klasse abgest\u00fcrzt.<\/span><\/p>\n<ul>\n<li><strong><span style=\"font-size: 16px;\">Steigen die Preu\u00dfen in die Gruppenliga auf, bleibt die Speuzer-Reserve in der A-Klasse<\/span><\/strong><\/li>\n<\/ul>\n<p><span style=\"font-size: 16px;\"> Durch den Abstieg des Lokalrivalen FV Hausen aus der KOL wird es wieder ein M\u00fchlwiesen-Derby zwischen den Ersten Mannschaften geben. Auf Seiten der &#8222;Speuzer&#8220; \u00e4rgerte sich Sportchef Wolfgang Kr\u00f6nung, dass zwei Stammspieler &#8222;lieber am JP-Morgan-Lauf teilnehmen wollten, als dieses Abstiegsspiel zu spielen. Die brauchen nicht mehr wieder kommen.&#8220; <\/span><\/p>\n<p><span style=\"font-size: 16px;\">Dass der eine erzielte Punkt gegen Harheim II wegen des Einsatzes eines gesperrten Spielers noch aberkannt wird, spielt ohnehin keine Rolle. Steigen die Preu\u00dfen auf, bleibt die Speuzer-Reserve drin, andernfalls steigt man in die B-Liga ab.<\/span><\/p>\n<ul>\n<li><span style=\"font-size: 16px;\"><strong>Schiedsrichter: Simeon Elias Thomm (Spvgg. 03 Fechenheim). Zuschauer: 120.\u00a0<\/strong><\/span><\/li>\n<li><strong><span style=\"font-size: 16px;\">Tore: 0:1 Ali Crnovrsanin (8.), 0:2 Daniel Lopes (70.).<\/span><\/strong><\/li>\n<\/ul>\n","protected":false},"excerpt":{"rendered":"<p>Der FV Saz-Rock hat den direkten Wiederaufstieg in die A-Klasse geschafft. Im abschlie\u00dfenden Relegationsspiel beim FFV Sportfreunde 04 II reichte ein 2:0-Sieg, um den dritten Platz in dieser Viererrunde zu erreichen. Die Reserve der Speuzer darf noch auf den Aufstieg des SV Viktoria Preu\u00dfen in die Gruppenliga hoffen. In diesem Fall w\u00fcrde der SV Blau-Gelb [&hellip;]<\/p>\n","protected":false},"author":1,"featured_media":19502,"comment_status":"open","ping_status":"open","sticky":true,"template":"","format":"standard","meta":{"footnotes":""},"categories":[36],"tags":[],"class_list":["post-19501","post","type-post","status-publish","format-standard","has-post-thumbnail","hentry","category-relegation"],"_links":{"self":[{"href":"https:\/\/insideamateurfussball-ffm.de\/index.php?rest_route=\/wp\/v2\/posts\/19501","targetHints":{"allow":["GET"]}}],"collection":[{"href":"https:\/\/insideamateurfussball-ffm.de\/index.php?rest_route=\/wp\/v2\/posts"}],"about":[{"href":"https:\/\/insideamateurfussball-ffm.de\/index.php?rest_route=\/wp\/v2\/types\/post"}],"author":[{"embeddable":true,"href":"https:\/\/insideamateurfussball-ffm.de\/index.php?rest_route=\/wp\/v2\/users\/1"}],"replies":[{"embeddable":true,"href":"https:\/\/insideamateurfussball-ffm.de\/index.php?rest_route=%2Fwp%2Fv2%2Fcomments&post=19501"}],"version-history":[{"count":1,"href":"https:\/\/insideamateurfussball-ffm.de\/index.php?rest_route=\/wp\/v2\/posts\/19501\/revisions"}],"predecessor-version":[{"id":19503,"href":"https:\/\/insideamateurfussball-ffm.de\/index.php?rest_route=\/wp\/v2\/posts\/19501\/revisions\/19503"}],"wp:featuredmedia":[{"embeddable":true,"href":"https:\/\/insideamateurfussball-ffm.de\/index.php?rest_route=\/wp\/v2\/media\/19502"}],"wp:attachment":[{"href":"https:\/\/insideamateurfussball-ffm.de\/index.php?rest_route=%2Fwp%2Fv2%2Fmedia&parent=19501"}],"wp:term":[{"taxonomy":"category","embeddable":true,"href":"https:\/\/insideamateurfussball-ffm.de\/index.php?rest_route=%2Fwp%2Fv2%2Fcategories&post=19501"},{"taxonomy":"post_tag","embeddable":true,"href":"https:\/\/insideamateurfussball-ffm.de\/index.php?rest_route=%2Fwp%2Fv2%2Ftags&post=19501"}],"curies":[{"name":"wp","href":"https:\/\/api.w.org\/{rel}","templated":true}]}}