{"id":19408,"date":"2024-06-05T16:32:48","date_gmt":"2024-06-05T14:32:48","guid":{"rendered":"https:\/\/insideamateurfussball-ffm.de\/?p=19408"},"modified":"2024-06-05T16:33:24","modified_gmt":"2024-06-05T14:33:24","slug":"kol-absteiger-hausen-verpflichtet-trainer-sayar","status":"publish","type":"post","link":"https:\/\/insideamateurfussball-ffm.de\/?p=19408","title":{"rendered":"KOL-Absteiger Hausen verpflichtet Trainer Sayar"},"content":{"rendered":"<h5><span style=\"font-size: 16px;\">Kreisoberliga-Absteiger FV Hausen beginnt mit einem neuen Trainer den Neustart in der Kreisliga A. Der Verein von der M\u00fchlwiese pr\u00e4sentierte nun Ilker Sayar, der im Fu\u00dfball-Kreis ein unbeschriebenes Blatt darstellt.\u00a0<\/span><\/h5>\n<figure id=\"attachment_19409\" aria-describedby=\"caption-attachment-19409\" style=\"width: 640px\" class=\"wp-caption alignnone\"><img loading=\"lazy\" decoding=\"async\" class=\"wp-image-19409 size-large\" src=\"http:\/\/insideamateurfussball-ffm.de\/wp-content\/uploads\/2024\/06\/Hausen-Trainer-Saison-2024-1024x739.jpg\" alt=\"\" width=\"640\" height=\"462\" srcset=\"https:\/\/insideamateurfussball-ffm.de\/wp-content\/uploads\/2024\/06\/Hausen-Trainer-Saison-2024-1024x739.jpg 1024w, https:\/\/insideamateurfussball-ffm.de\/wp-content\/uploads\/2024\/06\/Hausen-Trainer-Saison-2024-300x216.jpg 300w, https:\/\/insideamateurfussball-ffm.de\/wp-content\/uploads\/2024\/06\/Hausen-Trainer-Saison-2024-768x554.jpg 768w, https:\/\/insideamateurfussball-ffm.de\/wp-content\/uploads\/2024\/06\/Hausen-Trainer-Saison-2024.jpg 1038w\" sizes=\"auto, (max-width: 640px) 100vw, 640px\" \/><figcaption id=\"caption-attachment-19409\" class=\"wp-caption-text\">Ilker Sayar wurde beim FV Hausen als neuer Trainer pr\u00e4sentiert. Fotografik: Mithat G\u00fcrser.<\/figcaption><\/figure>\n<p><img loading=\"lazy\" decoding=\"async\" class=\"alignnone size-full wp-image-283\" src=\"http:\/\/insideamateurfussball-ffm.de\/wp-content\/uploads\/2022\/05\/Hausen.jpg\" alt=\"\" width=\"80\" height=\"60\" \/><\/p>\n<p><span style=\"font-size: 16px;\">Wie Peter Schl\u00fcssmann aus dem Hausener Spielausschuss mitteilte, &#8222;hatten wir Gespr\u00e4che mit vier Kandidaten. Wir wollten aber unbedingt einen Trainer, der von au\u00dferhalb kommt und den Verein nicht kennt.&#8220; <\/span><\/p>\n<p><span style=\"font-size: 16px;\">Bereits am letzten Sonntag war der neue Coach, der aus dem Gro\u00df-Gerauer Raum kommt, an der M\u00fchlwiese und f\u00fchrte im Rahmen der Abschlussfeier Gespr\u00e4che mit Vorstand und Spielern.<\/span><\/p>\n<ul>\n<li><span style=\"font-size: 16px;\"><strong>&#8222;Er hat uns ein gutes Konzept vorgelegt&#8220; (Hausens Spielausschuss Peter Schl\u00fcssmann)<\/strong><\/span><\/li>\n<\/ul>\n<p><span style=\"font-size: 16px;\">&#8222;Er hat uns ein gutes Konzept vorgelegt. Jetzt m\u00fcssen wir schauen, dass wir eine wettbewerbsf\u00e4hige Mannschaft f\u00fcr die A-Klasse zusammenbekommen&#8220;, betonte Schl\u00fcssmann. Auch in der Kreisliga A gebe es viele Anw\u00e4rter auf die Spitzenpl\u00e4tze, von einem direkten Wiederaufstieg k\u00f6nne angesichts der zu erwartenden Abg\u00e4nge beim Absteiger keine Rede sein. <\/span><\/p>\n<p><span style=\"font-size: 16px;\">Auch in der Zweiten Mannschaft (B-Klasse) gab es derweil einen Wechsel auf der Trainerposition: F\u00fcr Amine Kamboua \u00fcbernimmt Sunny Hussein.\u00a0\u00a0<\/span><\/p>\n","protected":false},"excerpt":{"rendered":"<p>Kreisoberliga-Absteiger FV Hausen beginnt mit einem neuen Trainer den Neustart in der Kreisliga A. Der Verein von der M\u00fchlwiese pr\u00e4sentierte nun Ilker Sayar, der im Fu\u00dfball-Kreis ein unbeschriebenes Blatt darstellt.\u00a0 Wie Peter Schl\u00fcssmann aus dem Hausener Spielausschuss mitteilte, &#8222;hatten wir Gespr\u00e4che mit vier Kandidaten. Wir wollten aber unbedingt einen Trainer, der von au\u00dferhalb kommt und [&hellip;]<\/p>\n","protected":false},"author":1,"featured_media":19409,"comment_status":"open","ping_status":"open","sticky":true,"template":"","format":"standard","meta":{"footnotes":""},"categories":[12],"tags":[],"class_list":["post-19408","post","type-post","status-publish","format-standard","has-post-thumbnail","hentry","category-kreisliga-a1"],"_links":{"self":[{"href":"https:\/\/insideamateurfussball-ffm.de\/index.php?rest_route=\/wp\/v2\/posts\/19408","targetHints":{"allow":["GET"]}}],"collection":[{"href":"https:\/\/insideamateurfussball-ffm.de\/index.php?rest_route=\/wp\/v2\/posts"}],"about":[{"href":"https:\/\/insideamateurfussball-ffm.de\/index.php?rest_route=\/wp\/v2\/types\/post"}],"author":[{"embeddable":true,"href":"https:\/\/insideamateurfussball-ffm.de\/index.php?rest_route=\/wp\/v2\/users\/1"}],"replies":[{"embeddable":true,"href":"https:\/\/insideamateurfussball-ffm.de\/index.php?rest_route=%2Fwp%2Fv2%2Fcomments&post=19408"}],"version-history":[{"count":2,"href":"https:\/\/insideamateurfussball-ffm.de\/index.php?rest_route=\/wp\/v2\/posts\/19408\/revisions"}],"predecessor-version":[{"id":19411,"href":"https:\/\/insideamateurfussball-ffm.de\/index.php?rest_route=\/wp\/v2\/posts\/19408\/revisions\/19411"}],"wp:featuredmedia":[{"embeddable":true,"href":"https:\/\/insideamateurfussball-ffm.de\/index.php?rest_route=\/wp\/v2\/media\/19409"}],"wp:attachment":[{"href":"https:\/\/insideamateurfussball-ffm.de\/index.php?rest_route=%2Fwp%2Fv2%2Fmedia&parent=19408"}],"wp:term":[{"taxonomy":"category","embeddable":true,"href":"https:\/\/insideamateurfussball-ffm.de\/index.php?rest_route=%2Fwp%2Fv2%2Fcategories&post=19408"},{"taxonomy":"post_tag","embeddable":true,"href":"https:\/\/insideamateurfussball-ffm.de\/index.php?rest_route=%2Fwp%2Fv2%2Ftags&post=19408"}],"curies":[{"name":"wp","href":"https:\/\/api.w.org\/{rel}","templated":true}]}}