{"id":19402,"date":"2024-06-04T18:32:31","date_gmt":"2024-06-04T16:32:31","guid":{"rendered":"https:\/\/insideamateurfussball-ffm.de\/?p=19402"},"modified":"2024-06-04T18:32:31","modified_gmt":"2024-06-04T16:32:31","slug":"auch-bad-vilbel-und-dortelweil-ii-remis","status":"publish","type":"post","link":"https:\/\/insideamateurfussball-ffm.de\/?p=19402","title":{"rendered":"Auch Bad Vilbel und Dortelweil II Remis"},"content":{"rendered":"<h3>Wie im Vorjahr bestreitet Ex-Hessenligist FV Bad Vilbel die Relegation, um diesmal den dritten Abstieg in Folge zu verhindern. Zum Auftakt gab es auf neutralem Platz in Friedrichsdorf-K\u00f6ppern ein 2:2 (0:2) gegen den SC Dortelweil II.<\/h3>\n<figure id=\"attachment_19403\" aria-describedby=\"caption-attachment-19403\" style=\"width: 960px\" class=\"wp-caption alignnone\"><img loading=\"lazy\" decoding=\"async\" class=\"wp-image-19403 size-full\" src=\"http:\/\/insideamateurfussball-ffm.de\/wp-content\/uploads\/2024\/06\/BV-SCDII.jpg\" alt=\"\" width=\"960\" height=\"960\" srcset=\"https:\/\/insideamateurfussball-ffm.de\/wp-content\/uploads\/2024\/06\/BV-SCDII.jpg 960w, https:\/\/insideamateurfussball-ffm.de\/wp-content\/uploads\/2024\/06\/BV-SCDII-300x300.jpg 300w, https:\/\/insideamateurfussball-ffm.de\/wp-content\/uploads\/2024\/06\/BV-SCDII-150x150.jpg 150w, https:\/\/insideamateurfussball-ffm.de\/wp-content\/uploads\/2024\/06\/BV-SCDII-768x768.jpg 768w\" sizes=\"auto, (max-width: 960px) 100vw, 960px\" \/><figcaption id=\"caption-attachment-19403\" class=\"wp-caption-text\">Bad Vilbels Torsch\u00fctze Fynn Malte Hellwig gegen Dortelweils Daniel Stumpp. Foto: FVBV\/Instagram.\u00a0\u00a0<\/figcaption><\/figure>\n<h3>FV Bad Vilbel &#8211; SC Dortelweil II 2:2 (0:2)<\/h3>\n<p><img loading=\"lazy\" decoding=\"async\" class=\"alignnone size-full wp-image-146\" src=\"http:\/\/insideamateurfussball-ffm.de\/wp-content\/uploads\/2022\/05\/FV-Bad-Vilbel.jpg\" alt=\"\" width=\"80\" height=\"80\" \/><img loading=\"lazy\" decoding=\"async\" class=\"alignnone size-full wp-image-435\" src=\"http:\/\/insideamateurfussball-ffm.de\/wp-content\/uploads\/2022\/05\/Dortelweil.jpg\" alt=\"\" width=\"80\" height=\"80\" \/><\/p>\n<p>Vor vier Jahren spielte die Erste Mannschaft des FV Bad Vilbel noch vier Klassen \u00fcber der Dortelweiler Reserve, nun begegnete man sich auf dem neutralen Platz in Friedrichsdorf-K\u00f6ppern auf Augenh\u00f6he. Das spannende Spiel bot beste Unterhaltung auf dem Kunstrasen.<\/p>\n<p>Durch Patrick K\u00f6ster (31.) und Nico Gasch (34.) waren die Dortelweiler zur Halbzeit im doppelten Vorteil. Nach dem Seitenwechsel brachte Bad Vilbels Trainer Jonas Gr\u00fcter ab der 55. Minute drei frische Leute, die was bewirken sollten. Fynn Malte Hellwig verk\u00fcrzte (62.) und durch einen Handelfmeter glich Simeon Stellflug zum 2:2 aus (78.).<\/p>\n<h3><span style=\"text-decoration: underline;\">Bad Vilbel am Donnerstag in Oberh\u00f6chstadt (20 Uhr)<\/span><\/h3>\n<p>Zuvor hatte Stellflug, der nach seiner Einwechslung besonders viel Schwung brachte, gegen die Latte gek\u00f6pft. F\u00fcr beide Teams geht es in dieser Viererrunde am Donnerstag mit Ausw\u00e4rtsspielen weiter. Der SC Dortelweil II ist zu Gast beim SV Viktoria Preu\u00dfen (20 Uhr).<\/p>\n<p>Zeitgleich gibt der FV Bad Vilbel seine Visitenkarte bei der SG Oberh\u00f6chstadt ab. &#8222;Wenn wir so spielen und k\u00e4mpfen wie in der zweiten Halbzeit kann das was werden&#8220;, bleibt Jan Werner, der Mannschaftsbetreuer der Vilbeler, optimistisch.<\/p>\n<h3><span style=\"text-decoration: underline;\">Schiedsrichter: Lasse Braun (FC Fortuna Frankfurt). Zuschauer: 312. <\/span><\/h3>\n<h3><span style=\"text-decoration: underline;\">Tore: 0:1 Patrick K\u00f6ster (31.), 0:2 Nico Gasch (34.), 1:2 Fynn Malte Hellwig (62.), 2:2 Simeon Stellflug (78.). <\/span><\/h3>\n<h3><span style=\"text-decoration: underline;\">Bildergalerie: Wir danken Jan Werner f\u00fcr den Upload der Bilder!<\/span><\/h3>\n<h3>\u00a0<\/h3>\n\n\n<figure class=\"wp-block-image size-large is-style-default\"><img loading=\"lazy\" decoding=\"async\" width=\"1024\" height=\"683\" src=\"http:\/\/insideamateurfussball-ffm.de\/wp-content\/uploads\/2024\/06\/IMG_0033-1024x683.jpg\" alt=\"\" class=\"wp-image-19391\" srcset=\"https:\/\/insideamateurfussball-ffm.de\/wp-content\/uploads\/2024\/06\/IMG_0033-1024x683.jpg 1024w, https:\/\/insideamateurfussball-ffm.de\/wp-content\/uploads\/2024\/06\/IMG_0033-300x200.jpg 300w, https:\/\/insideamateurfussball-ffm.de\/wp-content\/uploads\/2024\/06\/IMG_0033-768x512.jpg 768w, https:\/\/insideamateurfussball-ffm.de\/wp-content\/uploads\/2024\/06\/IMG_0033-1536x1024.jpg 1536w, https:\/\/insideamateurfussball-ffm.de\/wp-content\/uploads\/2024\/06\/IMG_0033-2048x1365.jpg 2048w\" sizes=\"auto, (max-width: 1024px) 100vw, 1024px\" \/><\/figure>\n\n\n\n<figure class=\"wp-block-image size-large is-style-default\"><img loading=\"lazy\" decoding=\"async\" width=\"1024\" height=\"683\" src=\"http:\/\/insideamateurfussball-ffm.de\/wp-content\/uploads\/2024\/06\/IMG_0025-1024x683.jpg\" alt=\"\" class=\"wp-image-19388\" srcset=\"https:\/\/insideamateurfussball-ffm.de\/wp-content\/uploads\/2024\/06\/IMG_0025-1024x683.jpg 1024w, https:\/\/insideamateurfussball-ffm.de\/wp-content\/uploads\/2024\/06\/IMG_0025-300x200.jpg 300w, https:\/\/insideamateurfussball-ffm.de\/wp-content\/uploads\/2024\/06\/IMG_0025-768x512.jpg 768w, https:\/\/insideamateurfussball-ffm.de\/wp-content\/uploads\/2024\/06\/IMG_0025-1536x1024.jpg 1536w, https:\/\/insideamateurfussball-ffm.de\/wp-content\/uploads\/2024\/06\/IMG_0025-2048x1365.jpg 2048w\" sizes=\"auto, (max-width: 1024px) 100vw, 1024px\" \/><\/figure>\n\n\n\n<figure class=\"wp-block-image size-large is-style-default\"><img loading=\"lazy\" decoding=\"async\" width=\"1024\" height=\"683\" src=\"http:\/\/insideamateurfussball-ffm.de\/wp-content\/uploads\/2024\/06\/IMG_0014-1024x683.jpg\" alt=\"\" class=\"wp-image-19385\" srcset=\"https:\/\/insideamateurfussball-ffm.de\/wp-content\/uploads\/2024\/06\/IMG_0014-1024x683.jpg 1024w, https:\/\/insideamateurfussball-ffm.de\/wp-content\/uploads\/2024\/06\/IMG_0014-300x200.jpg 300w, https:\/\/insideamateurfussball-ffm.de\/wp-content\/uploads\/2024\/06\/IMG_0014-768x512.jpg 768w, https:\/\/insideamateurfussball-ffm.de\/wp-content\/uploads\/2024\/06\/IMG_0014-1536x1024.jpg 1536w, https:\/\/insideamateurfussball-ffm.de\/wp-content\/uploads\/2024\/06\/IMG_0014-2048x1365.jpg 2048w\" sizes=\"auto, (max-width: 1024px) 100vw, 1024px\" \/><\/figure>\n\n\n\n<figure class=\"wp-block-image size-large is-style-default\"><img loading=\"lazy\" decoding=\"async\" width=\"1024\" height=\"683\" src=\"http:\/\/insideamateurfussball-ffm.de\/wp-content\/uploads\/2024\/06\/IMG_0007-1024x683.jpg\" alt=\"\" class=\"wp-image-19382\" srcset=\"https:\/\/insideamateurfussball-ffm.de\/wp-content\/uploads\/2024\/06\/IMG_0007-1024x683.jpg 1024w, https:\/\/insideamateurfussball-ffm.de\/wp-content\/uploads\/2024\/06\/IMG_0007-300x200.jpg 300w, https:\/\/insideamateurfussball-ffm.de\/wp-content\/uploads\/2024\/06\/IMG_0007-768x512.jpg 768w, https:\/\/insideamateurfussball-ffm.de\/wp-content\/uploads\/2024\/06\/IMG_0007-1536x1024.jpg 1536w, https:\/\/insideamateurfussball-ffm.de\/wp-content\/uploads\/2024\/06\/IMG_0007-2048x1365.jpg 2048w\" sizes=\"auto, (max-width: 1024px) 100vw, 1024px\" \/><\/figure>\n\n\n\n<figure class=\"wp-block-image size-large is-style-default\"><img loading=\"lazy\" decoding=\"async\" width=\"1024\" height=\"683\" src=\"http:\/\/insideamateurfussball-ffm.de\/wp-content\/uploads\/2024\/06\/IMG_0003-1024x683.jpg\" alt=\"\" class=\"wp-image-19379\" srcset=\"https:\/\/insideamateurfussball-ffm.de\/wp-content\/uploads\/2024\/06\/IMG_0003-1024x683.jpg 1024w, https:\/\/insideamateurfussball-ffm.de\/wp-content\/uploads\/2024\/06\/IMG_0003-300x200.jpg 300w, https:\/\/insideamateurfussball-ffm.de\/wp-content\/uploads\/2024\/06\/IMG_0003-768x512.jpg 768w, https:\/\/insideamateurfussball-ffm.de\/wp-content\/uploads\/2024\/06\/IMG_0003-1536x1024.jpg 1536w, https:\/\/insideamateurfussball-ffm.de\/wp-content\/uploads\/2024\/06\/IMG_0003-2048x1365.jpg 2048w\" sizes=\"auto, (max-width: 1024px) 100vw, 1024px\" \/><\/figure>\n","protected":false},"excerpt":{"rendered":"<p>Wie im Vorjahr bestreitet Ex-Hessenligist FV Bad Vilbel die Relegation, um diesmal den dritten Abstieg in Folge zu verhindern. Zum Auftakt gab es auf neutralem Platz in Friedrichsdorf-K\u00f6ppern ein 2:2 (0:2) gegen den SC Dortelweil II. FV Bad Vilbel &#8211; SC Dortelweil II 2:2 (0:2) Vor vier Jahren spielte die Erste Mannschaft des FV Bad [&hellip;]<\/p>\n","protected":false},"author":1,"featured_media":19403,"comment_status":"open","ping_status":"open","sticky":true,"template":"","format":"standard","meta":{"footnotes":""},"categories":[36],"tags":[],"class_list":["post-19402","post","type-post","status-publish","format-standard","has-post-thumbnail","hentry","category-relegation"],"_links":{"self":[{"href":"https:\/\/insideamateurfussball-ffm.de\/index.php?rest_route=\/wp\/v2\/posts\/19402","targetHints":{"allow":["GET"]}}],"collection":[{"href":"https:\/\/insideamateurfussball-ffm.de\/index.php?rest_route=\/wp\/v2\/posts"}],"about":[{"href":"https:\/\/insideamateurfussball-ffm.de\/index.php?rest_route=\/wp\/v2\/types\/post"}],"author":[{"embeddable":true,"href":"https:\/\/insideamateurfussball-ffm.de\/index.php?rest_route=\/wp\/v2\/users\/1"}],"replies":[{"embeddable":true,"href":"https:\/\/insideamateurfussball-ffm.de\/index.php?rest_route=%2Fwp%2Fv2%2Fcomments&post=19402"}],"version-history":[{"count":1,"href":"https:\/\/insideamateurfussball-ffm.de\/index.php?rest_route=\/wp\/v2\/posts\/19402\/revisions"}],"predecessor-version":[{"id":19404,"href":"https:\/\/insideamateurfussball-ffm.de\/index.php?rest_route=\/wp\/v2\/posts\/19402\/revisions\/19404"}],"wp:featuredmedia":[{"embeddable":true,"href":"https:\/\/insideamateurfussball-ffm.de\/index.php?rest_route=\/wp\/v2\/media\/19403"}],"wp:attachment":[{"href":"https:\/\/insideamateurfussball-ffm.de\/index.php?rest_route=%2Fwp%2Fv2%2Fmedia&parent=19402"}],"wp:term":[{"taxonomy":"category","embeddable":true,"href":"https:\/\/insideamateurfussball-ffm.de\/index.php?rest_route=%2Fwp%2Fv2%2Fcategories&post=19402"},{"taxonomy":"post_tag","embeddable":true,"href":"https:\/\/insideamateurfussball-ffm.de\/index.php?rest_route=%2Fwp%2Fv2%2Ftags&post=19402"}],"curies":[{"name":"wp","href":"https:\/\/api.w.org\/{rel}","templated":true}]}}