{"id":19395,"date":"2024-06-04T16:47:31","date_gmt":"2024-06-04T14:47:31","guid":{"rendered":"https:\/\/insideamateurfussball-ffm.de\/?p=19395"},"modified":"2024-06-04T16:47:31","modified_gmt":"2024-06-04T14:47:31","slug":"kalbach-verliert-hinspiel-und-torjaeger","status":"publish","type":"post","link":"https:\/\/insideamateurfussball-ffm.de\/?p=19395","title":{"rendered":"Kalbach verliert Hinspiel und Torj\u00e4ger"},"content":{"rendered":"<h3>Bittere Pille f\u00fcr den FC Kalbach im ersten Halbfinale der Relegation zur Verbandsliga S\u00fcd! Beim VfR Fehlheim gab es eine 1:4-Niederlage, zu allem \u00dcberfluss erlitt Torj\u00e4ger Achraf Gara Ali eine schwere Schulterverletzung. Das wird ganz schwer, das Ding im R\u00fcckspiel noch auf dem eigenen Kunstrasen zu drehen.<\/h3>\n<figure id=\"attachment_19396\" aria-describedby=\"caption-attachment-19396\" style=\"width: 640px\" class=\"wp-caption alignright\"><img loading=\"lazy\" decoding=\"async\" class=\"wp-image-19396 size-large\" src=\"http:\/\/insideamateurfussball-ffm.de\/wp-content\/uploads\/2024\/06\/Fehl-Kal-1024x577.jpg\" alt=\"\" width=\"640\" height=\"361\" srcset=\"https:\/\/insideamateurfussball-ffm.de\/wp-content\/uploads\/2024\/06\/Fehl-Kal-1024x577.jpg 1024w, https:\/\/insideamateurfussball-ffm.de\/wp-content\/uploads\/2024\/06\/Fehl-Kal-300x169.jpg 300w, https:\/\/insideamateurfussball-ffm.de\/wp-content\/uploads\/2024\/06\/Fehl-Kal-768x432.jpg 768w, https:\/\/insideamateurfussball-ffm.de\/wp-content\/uploads\/2024\/06\/Fehl-Kal-1536x865.jpg 1536w, https:\/\/insideamateurfussball-ffm.de\/wp-content\/uploads\/2024\/06\/Fehl-Kal.jpg 2048w\" sizes=\"auto, (max-width: 640px) 100vw, 640px\" \/><figcaption id=\"caption-attachment-19396\" class=\"wp-caption-text\">Szene aus dem Relegationshinspiel auf dem Fehlheimer Rasen. Foto: PA.\u00a0\u00a0<\/figcaption><\/figure>\n<h3>VfR Fehlheim &#8211; FC Kalbach 4:1 (1:1)<\/h3>\n<p><img loading=\"lazy\" decoding=\"async\" class=\"alignnone size-full wp-image-2280\" src=\"http:\/\/insideamateurfussball-ffm.de\/wp-content\/uploads\/2022\/08\/Fehlheim.jpg\" alt=\"\" width=\"64\" height=\"80\" \/><img loading=\"lazy\" decoding=\"async\" class=\"alignnone size-full wp-image-16\" src=\"http:\/\/insideamateurfussball-ffm.de\/wp-content\/uploads\/2021\/11\/kalbach-wappen.jpg\" alt=\"\" width=\"80\" height=\"80\" \/><\/p>\n<p>Der FC Kalbach hat am Montagabend das Hinspiel im Halbfinale der Relegation zur Fu\u00dfball-Verbandsliga S\u00fcd deutlich verloren. Beim klassenh\u00f6heren VfR Fehlheim unterlag der Vizemeister der Gruppenliga Frankfurt West mit 1:4 (1:1) und braucht im R\u00fcckspiel am Donnerstag am heimischen Hopfenbrunnen mindestens einen Sieg mit drei Toren Differenz, um eine Verl\u00e4ngerung zu erzwingen.<\/p>\n<p>Vor 360 Zuschauern waren die G\u00e4ste aus dem Frankfurter Norden auf dem gro\u00dfen Rasenplatz gut im Spiel und hatten ein besseres Resultat verdient. Torj\u00e4ger Achraf Gara Ali hatte kurz vor der Kalbacher F\u00fchrung durch Moritz Uppenkamp (31.) nach einem Alleingang den Pfosten getroffen. Die Hausherren kamen nach einer Fehlerkette bei den G\u00e4sten durch Percy Felix mit einem Schuss an die Unterkante der Latte zum Ausgleich (38.). Nach dem Seitenwechsel verpasste zun\u00e4chst Kalbach die F\u00fchrung, als Aleksej Radulaski einen Abpraller aus sieben Metern nicht verwerten konnte.<\/p>\n<h3><span style=\"text-decoration: underline;\">Kalbach mit Aliminiumpech im Abschluss<\/span><\/h3>\n<p>Fehlheim wurde st\u00e4rker und schaffte mit dem durchgelaufenen Felix das 2:1 (61.). Kalbach spielte nun verst\u00e4rkt nach vorne, wurde dann aber durch die Schulterverletzung von Gara Ali, der vor Ort nach seiner Auswechslung ambulant behandelt wurde, ausgebremst. Im Abschluss hatte man bei Uppenkamps Pfostenkopfball weiter Pech. Und die Gastgeber nutzten ihre M\u00f6glichkeiten, um noch zwei Tore nachzulegen. Evangelos Politakis (79.) und Lasse Lulei (87.) verbesserten die Ausgangslage f\u00fcr den Club von der Bergstra\u00dfe wesentlich. Manfred Meyer aus der Sportlichen Leitung der Kalbacher wollte nach dem Abpfiff aber noch nichts von einem Ausscheiden wissen: &#8222;Noch sind wir im Spiel und es wurden schon viele Runden im R\u00fcckspiel gedreht. Nat\u00fcrlich schmerzt und der Ausfall von Gara Ali, aber im Fu\u00dfball passiert so etwas leider.&#8220;<\/p>\n<p>Kalbach habe &#8222;sehr gut angefangen, wir haben Akzente gesetzt. Wir waren hier keineswegs drei Tore schlechter. Der Ausgleich mit der Verkettung von Fehlern hat uns aus der Bahn geworfen. Im zweiten Abschnitt ist Fehlheim mehr ins Spiel gekommen und nach dem R\u00fcckstand haben wir wieder das Heft in die Hand genommen, aber die Chancen zum 2:2 liegen lassen. Leider hat der Gegner durch zwei Konter das Ergebnis noch erh\u00f6ht.&#8220; Neben Gara Ali verletzte sich noch Marc Janke, dadurch ist die Personallage im kleinen Kalbacher Kader nicht besser geworden.<\/p>\n<h3><span style=\"text-decoration: underline;\">Schiedsrichter: Yannick St\u00f6hr (1. FC Niedernhausen-Lichtenberg). Zuschauer: 360.<\/span><\/h3>\n<h3><span style=\"text-decoration: underline;\"> Tore: 0:1 Moritz Uppenkamp (31.), 1:1, 2:1 Percy Felix (38.\/61.), 3:1 Evangelos Politakis (79.), 4:1 Lasse Lulei (87.).<\/span><\/h3>\n","protected":false},"excerpt":{"rendered":"<p>Bittere Pille f\u00fcr den FC Kalbach im ersten Halbfinale der Relegation zur Verbandsliga S\u00fcd! Beim VfR Fehlheim gab es eine 1:4-Niederlage, zu allem \u00dcberfluss erlitt Torj\u00e4ger Achraf Gara Ali eine schwere Schulterverletzung. Das wird ganz schwer, das Ding im R\u00fcckspiel noch auf dem eigenen Kunstrasen zu drehen. VfR Fehlheim &#8211; FC Kalbach 4:1 (1:1) Der [&hellip;]<\/p>\n","protected":false},"author":1,"featured_media":19396,"comment_status":"open","ping_status":"open","sticky":true,"template":"","format":"standard","meta":{"footnotes":""},"categories":[36],"tags":[],"class_list":["post-19395","post","type-post","status-publish","format-standard","has-post-thumbnail","hentry","category-relegation"],"_links":{"self":[{"href":"https:\/\/insideamateurfussball-ffm.de\/index.php?rest_route=\/wp\/v2\/posts\/19395","targetHints":{"allow":["GET"]}}],"collection":[{"href":"https:\/\/insideamateurfussball-ffm.de\/index.php?rest_route=\/wp\/v2\/posts"}],"about":[{"href":"https:\/\/insideamateurfussball-ffm.de\/index.php?rest_route=\/wp\/v2\/types\/post"}],"author":[{"embeddable":true,"href":"https:\/\/insideamateurfussball-ffm.de\/index.php?rest_route=\/wp\/v2\/users\/1"}],"replies":[{"embeddable":true,"href":"https:\/\/insideamateurfussball-ffm.de\/index.php?rest_route=%2Fwp%2Fv2%2Fcomments&post=19395"}],"version-history":[{"count":1,"href":"https:\/\/insideamateurfussball-ffm.de\/index.php?rest_route=\/wp\/v2\/posts\/19395\/revisions"}],"predecessor-version":[{"id":19397,"href":"https:\/\/insideamateurfussball-ffm.de\/index.php?rest_route=\/wp\/v2\/posts\/19395\/revisions\/19397"}],"wp:featuredmedia":[{"embeddable":true,"href":"https:\/\/insideamateurfussball-ffm.de\/index.php?rest_route=\/wp\/v2\/media\/19396"}],"wp:attachment":[{"href":"https:\/\/insideamateurfussball-ffm.de\/index.php?rest_route=%2Fwp%2Fv2%2Fmedia&parent=19395"}],"wp:term":[{"taxonomy":"category","embeddable":true,"href":"https:\/\/insideamateurfussball-ffm.de\/index.php?rest_route=%2Fwp%2Fv2%2Fcategories&post=19395"},{"taxonomy":"post_tag","embeddable":true,"href":"https:\/\/insideamateurfussball-ffm.de\/index.php?rest_route=%2Fwp%2Fv2%2Ftags&post=19395"}],"curies":[{"name":"wp","href":"https:\/\/api.w.org\/{rel}","templated":true}]}}