{"id":19361,"date":"2024-06-03T16:08:41","date_gmt":"2024-06-03T14:08:41","guid":{"rendered":"https:\/\/insideamateurfussball-ffm.de\/?p=19361"},"modified":"2024-06-03T16:08:41","modified_gmt":"2024-06-03T14:08:41","slug":"fortuna-feiert-aufstiegscoach-zimmermann","status":"publish","type":"post","link":"https:\/\/insideamateurfussball-ffm.de\/?p=19361","title":{"rendered":"Fortuna feiert Aufstiegscoach Zimmermann"},"content":{"rendered":"<h3>Mit dem 6:0-Sieg im zweiten Relegationsspiel gegen den FFV Sportfreunde 04 II feierte der FC Fortuna den Aufstieg in die A-Klasse. Da aus dieser Viererrunde mindestens drei Teams weiterkommen, ist der Verein von der Gerberm\u00fchle nicht mehr von einem der ersten drei Pl\u00e4tze zu verdr\u00e4ngen.<\/h3>\n<figure id=\"attachment_19362\" aria-describedby=\"caption-attachment-19362\" style=\"width: 640px\" class=\"wp-caption alignright\"><img loading=\"lazy\" decoding=\"async\" class=\"wp-image-19362 size-large\" src=\"http:\/\/insideamateurfussball-ffm.de\/wp-content\/uploads\/2024\/06\/Fortuna-Aufstieg-1024x770.jpg\" alt=\"\" width=\"640\" height=\"481\" srcset=\"https:\/\/insideamateurfussball-ffm.de\/wp-content\/uploads\/2024\/06\/Fortuna-Aufstieg-1024x770.jpg 1024w, https:\/\/insideamateurfussball-ffm.de\/wp-content\/uploads\/2024\/06\/Fortuna-Aufstieg-300x226.jpg 300w, https:\/\/insideamateurfussball-ffm.de\/wp-content\/uploads\/2024\/06\/Fortuna-Aufstieg-768x577.jpg 768w, https:\/\/insideamateurfussball-ffm.de\/wp-content\/uploads\/2024\/06\/Fortuna-Aufstieg.jpg 1031w\" sizes=\"auto, (max-width: 640px) 100vw, 640px\" \/><figcaption id=\"caption-attachment-19362\" class=\"wp-caption-text\">Der FC Fortuna 1973 steigt in die Kreisliga A auf. Foto: Verein.\u00a0\u00a0<\/figcaption><\/figure>\n<h3>FC Fortuna 1973 &#8211; FFV Sportfreunde 04 6:0 (5:0)<\/h3>\n<p><img loading=\"lazy\" decoding=\"async\" class=\"alignnone size-full wp-image-296\" src=\"http:\/\/insideamateurfussball-ffm.de\/wp-content\/uploads\/2022\/05\/Fortuna.jpg\" alt=\"\" width=\"67\" height=\"80\" \/><img loading=\"lazy\" decoding=\"async\" class=\"alignnone size-full wp-image-141\" src=\"http:\/\/insideamateurfussball-ffm.de\/wp-content\/uploads\/2022\/05\/Speuzer.jpg\" alt=\"\" width=\"80\" height=\"80\" \/><\/p>\n<p>&#8222;Ein sehr konzentrierter Auftritt von uns&#8220;, sagte Fortuna-Trainer Christian Zimmermann zum klaren Sieg gegen den A-Liga-Vorletzten.<\/p>\n<p>Torh\u00fcter Andre Winter, noch bekannt als KOL-Trainer von Concordia Eschersheim, sang im Hintergrund ein Loblied auf seinen Trainer: &#8222;Ein sehr guter Coach in dieser Saison.&#8220; Die Gastgeber f\u00fchrten schnell durch Marc Hilzendecker (2.), Jonas Anders (5.) und Tom Deifuss (12.) mit 3:0.<\/p>\n<blockquote>\n<h3><span style=\"text-decoration: underline;\">&#8222;Wir sind sehr dominant aufgetreten und haben mit viel Kontrolle nicht abgelassen.&#8220; (Fortuna-Trainer Christian Zimmermann)<\/span><\/h3>\n<\/blockquote>\n<p>Bis zur Pause erh\u00f6hte Can Dandil mit einem Doppelpack auf 5:0 (33.\/45.). Oktay Yang\u00f6z setzte nach dem Seitenwechsel den Schlusspunkt (65.). &#8222;Wir sind sehr dominant aufgetreten und haben mit viel Kontrolle nicht abgelassen. Zweite Halbzeit mussten wir Kr\u00e4fte sparen&#8220;, sagte Zimmermann und kritisierte: &#8222;Ich wei\u00df nicht, ob das so verantwortbar ist, eine Relegation in der B-Liga zu spielen mit drei Partien in sechs Tagen. Das geht im Amateursport schon krass an die Substanz. Wir hatten auch zwei Verletzungen, wo wir wechseln mussten. Wir mussten schauen, dass wir uns auf das Kr\u00e4ftesparen beschr\u00e4nken, haben viel den Ball gehalten. Die Speuzer waren auf Schadensbegrenzung aus. Als dann das Ergebnis von Saz-Rock gegen Harheim II (0:3) kam, brachen hier alle D\u00e4mme. F\u00fcr einen Verein, der vor vier Jahren noch in der C-Klasse spielte ist das ein gro\u00dfes Ergebnis und darauf sind wir wahnsinnig stolz&#8220;, so Zimmermann.<\/p>\n<p>Am Mittwoch im letzten Spiel bei der SG Harheim II geht es f\u00fcr die Fortuna noch um den Gruppensieg. Die Reserve der Speuzer muss hingegen daheim gegen Saz-Rock gewinnen, um mindestens Dritter zu werden und so die Klasse zu halten.<\/p>\n<h3><span style=\"text-decoration: underline;\">Schiedsrichter: Emre Can (FSV Spachbr\u00fccken). Zuschauer: 150. <\/span><\/h3>\n<h3><span style=\"text-decoration: underline;\">Tore: 1:0 Marc Hilzendecker (2.), 2:0 Jonas Anders (5.), 3:0 Tom Deifuss (12.), 4:0, 5:0 Can Dandil (33.\/45.), 6:0 Oktay Yang\u00f6z (65.).<\/span><\/h3>\n","protected":false},"excerpt":{"rendered":"<p>Mit dem 6:0-Sieg im zweiten Relegationsspiel gegen den FFV Sportfreunde 04 II feierte der FC Fortuna den Aufstieg in die A-Klasse. Da aus dieser Viererrunde mindestens drei Teams weiterkommen, ist der Verein von der Gerberm\u00fchle nicht mehr von einem der ersten drei Pl\u00e4tze zu verdr\u00e4ngen. FC Fortuna 1973 &#8211; FFV Sportfreunde 04 6:0 (5:0) &#8222;Ein [&hellip;]<\/p>\n","protected":false},"author":1,"featured_media":19362,"comment_status":"open","ping_status":"open","sticky":true,"template":"","format":"standard","meta":{"footnotes":""},"categories":[36],"tags":[],"class_list":["post-19361","post","type-post","status-publish","format-standard","has-post-thumbnail","hentry","category-relegation"],"_links":{"self":[{"href":"https:\/\/insideamateurfussball-ffm.de\/index.php?rest_route=\/wp\/v2\/posts\/19361","targetHints":{"allow":["GET"]}}],"collection":[{"href":"https:\/\/insideamateurfussball-ffm.de\/index.php?rest_route=\/wp\/v2\/posts"}],"about":[{"href":"https:\/\/insideamateurfussball-ffm.de\/index.php?rest_route=\/wp\/v2\/types\/post"}],"author":[{"embeddable":true,"href":"https:\/\/insideamateurfussball-ffm.de\/index.php?rest_route=\/wp\/v2\/users\/1"}],"replies":[{"embeddable":true,"href":"https:\/\/insideamateurfussball-ffm.de\/index.php?rest_route=%2Fwp%2Fv2%2Fcomments&post=19361"}],"version-history":[{"count":1,"href":"https:\/\/insideamateurfussball-ffm.de\/index.php?rest_route=\/wp\/v2\/posts\/19361\/revisions"}],"predecessor-version":[{"id":19363,"href":"https:\/\/insideamateurfussball-ffm.de\/index.php?rest_route=\/wp\/v2\/posts\/19361\/revisions\/19363"}],"wp:featuredmedia":[{"embeddable":true,"href":"https:\/\/insideamateurfussball-ffm.de\/index.php?rest_route=\/wp\/v2\/media\/19362"}],"wp:attachment":[{"href":"https:\/\/insideamateurfussball-ffm.de\/index.php?rest_route=%2Fwp%2Fv2%2Fmedia&parent=19361"}],"wp:term":[{"taxonomy":"category","embeddable":true,"href":"https:\/\/insideamateurfussball-ffm.de\/index.php?rest_route=%2Fwp%2Fv2%2Fcategories&post=19361"},{"taxonomy":"post_tag","embeddable":true,"href":"https:\/\/insideamateurfussball-ffm.de\/index.php?rest_route=%2Fwp%2Fv2%2Ftags&post=19361"}],"curies":[{"name":"wp","href":"https:\/\/api.w.org\/{rel}","templated":true}]}}