{"id":19295,"date":"2024-05-31T22:47:23","date_gmt":"2024-05-31T20:47:23","guid":{"rendered":"https:\/\/insideamateurfussball-ffm.de\/?p=19295"},"modified":"2024-05-31T22:47:23","modified_gmt":"2024-05-31T20:47:23","slug":"a-b-liga-beide-partien-enden-remis","status":"publish","type":"post","link":"https:\/\/insideamateurfussball-ffm.de\/?p=19295","title":{"rendered":"A\/B-Liga: Beide Partien enden Remis"},"content":{"rendered":"<h3>Am Praunheimer Hohl wurden beide Partien des ersten Spieltages der Relegation zwischen der A- und B-Klasse ausgetragen, da diese auf neutralem Platz \u00fcber die B\u00fchne gehen sollten. Beide Partien endeten Remis. Aus dieser Vierergruppe qualifizieren sich drei Teams f\u00fcr die A-Liga, m\u00f6glicherweise sogar auch vier.<\/h3>\n<figure id=\"attachment_19296\" aria-describedby=\"caption-attachment-19296\" style=\"width: 640px\" class=\"wp-caption alignright\"><img loading=\"lazy\" decoding=\"async\" class=\"wp-image-19296 size-large\" src=\"http:\/\/insideamateurfussball-ffm.de\/wp-content\/uploads\/2024\/05\/For-Saz-1024x1024.jpg\" alt=\"\" width=\"640\" height=\"640\" srcset=\"https:\/\/insideamateurfussball-ffm.de\/wp-content\/uploads\/2024\/05\/For-Saz-1024x1024.jpg 1024w, https:\/\/insideamateurfussball-ffm.de\/wp-content\/uploads\/2024\/05\/For-Saz-300x300.jpg 300w, https:\/\/insideamateurfussball-ffm.de\/wp-content\/uploads\/2024\/05\/For-Saz-150x150.jpg 150w, https:\/\/insideamateurfussball-ffm.de\/wp-content\/uploads\/2024\/05\/For-Saz-768x768.jpg 768w, https:\/\/insideamateurfussball-ffm.de\/wp-content\/uploads\/2024\/05\/For-Saz.jpg 1080w\" sizes=\"auto, (max-width: 640px) 100vw, 640px\" \/><figcaption id=\"caption-attachment-19296\" class=\"wp-caption-text\">Fotografik: FC Fortuna.\u00a0\u00a0<\/figcaption><\/figure>\n<h3>FC Fortuna &#8211; FV Saz-Rock 2:2 (1:1)<\/h3>\n<p><img loading=\"lazy\" decoding=\"async\" class=\"alignnone size-full wp-image-296\" src=\"http:\/\/insideamateurfussball-ffm.de\/wp-content\/uploads\/2022\/05\/Fortuna.jpg\" alt=\"\" width=\"67\" height=\"80\" \/><img loading=\"lazy\" decoding=\"async\" class=\"alignnone size-full wp-image-25\" src=\"http:\/\/insideamateurfussball-ffm.de\/wp-content\/uploads\/2021\/11\/saz-rock.jpg\" alt=\"\" width=\"80\" height=\"76\" \/><\/p>\n<p>Im Duell der beiden B-Liga-Vizemeister f\u00fchrte Saz-Rock durch Anas Chamlali (7.). Jonas Anders glich kurz vor der Pause f\u00fcr Fortuna aus (43.). Nach dem Seitenwechsel blieb das Spiel spannend und in der Endphase fielen noch zwei Tore. Daniel Lopes schoss Saz-Rock nach vorne (87.). In der Nachspielzeit markierte Marvin Greim per direktem Freisto\u00df das 2:2 (90.\/+5). &#8222;Ich glaube, dass Saz-Rock im individuellen Bereich extrem viel Qualit\u00e4t hat, die Mannschaft aber offenbar seit Wochen nicht trainiert. Wir haben mit viel Intensit\u00e4t dagegen gehalten, waren im k\u00e4mpferischen Bereich besser&#8220;, sagte Fortuna-Trainer Christian Zimmermann. Am Sonntag haben beide Teams Heimspiele gegen die Vorletzten aus der A-Klasse. Fortuna spielt gegen den FFV Sportfreunde II (16 Uhr). Zeitgleich erwartet Saz-Rock die SG Harheim II.<\/p>\n<h3><span style=\"text-decoration: underline;\">Schiedsrichter: Mike Busch (SV Wolfgang). Zuschauer: 250. <\/span><\/h3>\n<h3><span style=\"text-decoration: underline;\">Tore: 0:1 Anas Chamlali (7.), 1:1 Jonas Anders (43.), 1:2 Daniel Lopes (87.), 2:2 Marvin Greim (90.\/+5).<\/span><\/h3>\n<h3>SG Harheim II &#8211; FFV Sportfreunde II 3:3 (3:1)<\/h3>\n<p><img loading=\"lazy\" decoding=\"async\" class=\"alignnone size-full wp-image-284\" src=\"http:\/\/insideamateurfussball-ffm.de\/wp-content\/uploads\/2022\/05\/Harheim.jpg\" alt=\"\" width=\"78\" height=\"80\" \/><img loading=\"lazy\" decoding=\"async\" class=\"alignnone size-full wp-image-141\" src=\"http:\/\/insideamateurfussball-ffm.de\/wp-content\/uploads\/2022\/05\/Speuzer.jpg\" alt=\"\" width=\"80\" height=\"80\" \/><\/p>\n<h3><span style=\"text-decoration: underline;\">Schiedsrichter: Keine Angaben. Zuschauer: 150. <\/span><\/h3>\n<h3><span style=\"text-decoration: underline;\">Tore: 1:0 Mohamed Chafchaoui (5.), 2:0 Pierre Nickel (7.), 2:1 Sascha Maroldt (23.), 3:1 Pierre Nickel (34.), 3:2 Badreldin Miss (52.), 3:3 Jan Schn\u00fccker (57.\/Eigentor).<\/span><\/h3>\n","protected":false},"excerpt":{"rendered":"<p>Am Praunheimer Hohl wurden beide Partien des ersten Spieltages der Relegation zwischen der A- und B-Klasse ausgetragen, da diese auf neutralem Platz \u00fcber die B\u00fchne gehen sollten. Beide Partien endeten Remis. Aus dieser Vierergruppe qualifizieren sich drei Teams f\u00fcr die A-Liga, m\u00f6glicherweise sogar auch vier. FC Fortuna &#8211; FV Saz-Rock 2:2 (1:1) Im Duell der [&hellip;]<\/p>\n","protected":false},"author":1,"featured_media":19296,"comment_status":"open","ping_status":"open","sticky":true,"template":"","format":"standard","meta":{"footnotes":""},"categories":[36],"tags":[],"class_list":["post-19295","post","type-post","status-publish","format-standard","has-post-thumbnail","hentry","category-relegation"],"_links":{"self":[{"href":"https:\/\/insideamateurfussball-ffm.de\/index.php?rest_route=\/wp\/v2\/posts\/19295","targetHints":{"allow":["GET"]}}],"collection":[{"href":"https:\/\/insideamateurfussball-ffm.de\/index.php?rest_route=\/wp\/v2\/posts"}],"about":[{"href":"https:\/\/insideamateurfussball-ffm.de\/index.php?rest_route=\/wp\/v2\/types\/post"}],"author":[{"embeddable":true,"href":"https:\/\/insideamateurfussball-ffm.de\/index.php?rest_route=\/wp\/v2\/users\/1"}],"replies":[{"embeddable":true,"href":"https:\/\/insideamateurfussball-ffm.de\/index.php?rest_route=%2Fwp%2Fv2%2Fcomments&post=19295"}],"version-history":[{"count":1,"href":"https:\/\/insideamateurfussball-ffm.de\/index.php?rest_route=\/wp\/v2\/posts\/19295\/revisions"}],"predecessor-version":[{"id":19297,"href":"https:\/\/insideamateurfussball-ffm.de\/index.php?rest_route=\/wp\/v2\/posts\/19295\/revisions\/19297"}],"wp:featuredmedia":[{"embeddable":true,"href":"https:\/\/insideamateurfussball-ffm.de\/index.php?rest_route=\/wp\/v2\/media\/19296"}],"wp:attachment":[{"href":"https:\/\/insideamateurfussball-ffm.de\/index.php?rest_route=%2Fwp%2Fv2%2Fmedia&parent=19295"}],"wp:term":[{"taxonomy":"category","embeddable":true,"href":"https:\/\/insideamateurfussball-ffm.de\/index.php?rest_route=%2Fwp%2Fv2%2Fcategories&post=19295"},{"taxonomy":"post_tag","embeddable":true,"href":"https:\/\/insideamateurfussball-ffm.de\/index.php?rest_route=%2Fwp%2Fv2%2Ftags&post=19295"}],"curies":[{"name":"wp","href":"https:\/\/api.w.org\/{rel}","templated":true}]}}