{"id":19223,"date":"2024-05-31T19:44:00","date_gmt":"2024-05-31T17:44:00","guid":{"rendered":"https:\/\/insideamateurfussball-ffm.de\/?p=19223"},"modified":"2024-05-31T20:17:24","modified_gmt":"2024-05-31T18:17:24","slug":"tempo-holt-fechenheim-noch-ein","status":"publish","type":"post","link":"https:\/\/insideamateurfussball-ffm.de\/?p=19223","title":{"rendered":"Tempo holt Fechenheim noch ein"},"content":{"rendered":"<h3>In der bedeutungslosen Partie am letzten Spieltag der Gruppenliga Frankfurt West ging es nur noch um die finale Platzierung in der Abschlusstabelle. Hier lie\u00df die Spvgg. 03 Fechenheim Aufsteiger FC Tempo mit der 0:2-Heimniederlage noch passieren.<\/h3>\n<figure id=\"attachment_19224\" aria-describedby=\"caption-attachment-19224\" style=\"width: 640px\" class=\"wp-caption alignright\"><img loading=\"lazy\" decoding=\"async\" class=\"wp-image-19224 size-large\" src=\"http:\/\/insideamateurfussball-ffm.de\/wp-content\/uploads\/2024\/05\/temp6-2-1024x718.jpg\" alt=\"\" width=\"640\" height=\"449\" srcset=\"https:\/\/insideamateurfussball-ffm.de\/wp-content\/uploads\/2024\/05\/temp6-2-1024x718.jpg 1024w, https:\/\/insideamateurfussball-ffm.de\/wp-content\/uploads\/2024\/05\/temp6-2-300x210.jpg 300w, https:\/\/insideamateurfussball-ffm.de\/wp-content\/uploads\/2024\/05\/temp6-2-768x539.jpg 768w, https:\/\/insideamateurfussball-ffm.de\/wp-content\/uploads\/2024\/05\/temp6-2.jpg 1068w\" sizes=\"auto, (max-width: 640px) 100vw, 640px\" \/><figcaption id=\"caption-attachment-19224\" class=\"wp-caption-text\">Der FC Tempo hat als einziger Aufsteiger den Ligaerhalt erreicht. Foto: Archiv Mithat G\u00fcrser.<\/figcaption><\/figure>\n<h3>Spvgg. 03 Fechenheim &#8211; FC Tempo 0:2 (0:0)<\/h3>\n<p><img loading=\"lazy\" decoding=\"async\" class=\"alignnone size-full wp-image-603\" src=\"http:\/\/insideamateurfussball-ffm.de\/wp-content\/uploads\/2022\/06\/Fech03.jpg\" alt=\"\" width=\"52\" height=\"80\" \/><img loading=\"lazy\" decoding=\"async\" class=\"alignnone size-full wp-image-31\" src=\"http:\/\/insideamateurfussball-ffm.de\/wp-content\/uploads\/2021\/11\/Tempo.jpg\" alt=\"\" width=\"80\" height=\"80\" \/><\/p>\n<p>Aufsteiger Tempo zog in der Abschlusstabelle als Elfter mit 50 Punkten noch an den Fechenheimern vorbei, die mit nur einem einzigen Unentschieden in 34 Spielen mit 49 Punkten Rang zw\u00f6lf belegen.<\/p>\n<p>Nach einer ereignisarmen ersten Halbzeit brachte Boban Dokic die G\u00e4ste in F\u00fchrung (55.). Nach einer Stunde war die Partie f\u00fcr den Fechenheimer Tomislav Kujundzic-Lujan mit der Roten Karte beendet (60.). Auch ein dreifacher Wechsel brachte f\u00fcr das Team von Trainer Maximilian Schmidt nicht die Wende, das durch Milos Mihajlovic auf dem Kunstrasenplatz an der Birsteiner Stra\u00dfe das 0:2 kassierte (76.).<\/p>\n<h3><span style=\"text-decoration: underline;\">Schiedsrichter: Ayman Aamer (FSV Schierstein). Zuschauer: 100. <\/span><\/h3>\n<h3><span style=\"text-decoration: underline;\">Tore: 0:1 Boban Dokic (55.), 0:2 Milos Mihajlovic (76.).<\/span><\/h3>\n","protected":false},"excerpt":{"rendered":"<p>In der bedeutungslosen Partie am letzten Spieltag der Gruppenliga Frankfurt West ging es nur noch um die finale Platzierung in der Abschlusstabelle. Hier lie\u00df die Spvgg. 03 Fechenheim Aufsteiger FC Tempo mit der 0:2-Heimniederlage noch passieren. Spvgg. 03 Fechenheim &#8211; FC Tempo 0:2 (0:0) Aufsteiger Tempo zog in der Abschlusstabelle als Elfter mit 50 Punkten [&hellip;]<\/p>\n","protected":false},"author":1,"featured_media":19224,"comment_status":"open","ping_status":"open","sticky":true,"template":"","format":"standard","meta":{"footnotes":""},"categories":[13],"tags":[],"class_list":["post-19223","post","type-post","status-publish","format-standard","has-post-thumbnail","hentry","category-gruppenliga-frankfurt-west"],"_links":{"self":[{"href":"https:\/\/insideamateurfussball-ffm.de\/index.php?rest_route=\/wp\/v2\/posts\/19223","targetHints":{"allow":["GET"]}}],"collection":[{"href":"https:\/\/insideamateurfussball-ffm.de\/index.php?rest_route=\/wp\/v2\/posts"}],"about":[{"href":"https:\/\/insideamateurfussball-ffm.de\/index.php?rest_route=\/wp\/v2\/types\/post"}],"author":[{"embeddable":true,"href":"https:\/\/insideamateurfussball-ffm.de\/index.php?rest_route=\/wp\/v2\/users\/1"}],"replies":[{"embeddable":true,"href":"https:\/\/insideamateurfussball-ffm.de\/index.php?rest_route=%2Fwp%2Fv2%2Fcomments&post=19223"}],"version-history":[{"count":2,"href":"https:\/\/insideamateurfussball-ffm.de\/index.php?rest_route=\/wp\/v2\/posts\/19223\/revisions"}],"predecessor-version":[{"id":19226,"href":"https:\/\/insideamateurfussball-ffm.de\/index.php?rest_route=\/wp\/v2\/posts\/19223\/revisions\/19226"}],"wp:featuredmedia":[{"embeddable":true,"href":"https:\/\/insideamateurfussball-ffm.de\/index.php?rest_route=\/wp\/v2\/media\/19224"}],"wp:attachment":[{"href":"https:\/\/insideamateurfussball-ffm.de\/index.php?rest_route=%2Fwp%2Fv2%2Fmedia&parent=19223"}],"wp:term":[{"taxonomy":"category","embeddable":true,"href":"https:\/\/insideamateurfussball-ffm.de\/index.php?rest_route=%2Fwp%2Fv2%2Fcategories&post=19223"},{"taxonomy":"post_tag","embeddable":true,"href":"https:\/\/insideamateurfussball-ffm.de\/index.php?rest_route=%2Fwp%2Fv2%2Ftags&post=19223"}],"curies":[{"name":"wp","href":"https:\/\/api.w.org\/{rel}","templated":true}]}}