{"id":19219,"date":"2024-05-31T19:45:08","date_gmt":"2024-05-31T17:45:08","guid":{"rendered":"https:\/\/insideamateurfussball-ffm.de\/?p=19219"},"modified":"2024-05-31T19:45:38","modified_gmt":"2024-05-31T17:45:38","slug":"kalbach-gewinnt-endspiel-und-erreicht-relegation","status":"publish","type":"post","link":"https:\/\/insideamateurfussball-ffm.de\/?p=19219","title":{"rendered":"Kalbach gewinnt Endspiel und erreicht Relegation"},"content":{"rendered":"<h3>Vor einer herausragenden Kulisse am Hopfenbrunnen hat sich der FC Kalbach mit dem 3:1-Sieg gegen den SV Bosnien\/Herzegowina die Vizemeisterschaft in der Gruppenliga Frankfurt West gesichert und trifft n\u00e4chste Woche im Halbfinale der Relegation zur Verbandsliga S\u00fcd in zwei Spielen auf den VfR Fehlheim.<\/h3>\n<figure id=\"attachment_19220\" aria-describedby=\"caption-attachment-19220\" style=\"width: 640px\" class=\"wp-caption alignright\"><img loading=\"lazy\" decoding=\"async\" class=\"wp-image-19220 size-large\" src=\"http:\/\/insideamateurfussball-ffm.de\/wp-content\/uploads\/2024\/05\/kal-bos-1024x577.jpg\" alt=\"\" width=\"640\" height=\"361\" srcset=\"https:\/\/insideamateurfussball-ffm.de\/wp-content\/uploads\/2024\/05\/kal-bos-1024x577.jpg 1024w, https:\/\/insideamateurfussball-ffm.de\/wp-content\/uploads\/2024\/05\/kal-bos-300x169.jpg 300w, https:\/\/insideamateurfussball-ffm.de\/wp-content\/uploads\/2024\/05\/kal-bos-768x432.jpg 768w, https:\/\/insideamateurfussball-ffm.de\/wp-content\/uploads\/2024\/05\/kal-bos-1536x865.jpg 1536w, https:\/\/insideamateurfussball-ffm.de\/wp-content\/uploads\/2024\/05\/kal-bos.jpg 2048w\" sizes=\"auto, (max-width: 640px) 100vw, 640px\" \/><figcaption id=\"caption-attachment-19220\" class=\"wp-caption-text\">Aleksej Radulaski verfolgt Bosniens Secouba Diatta und den Ball. Foto: PA.<\/figcaption><\/figure>\n<h3>FC Kalbach &#8211; SV Bosnien\/Herzegowina 3:1 (2:1)<\/h3>\n<p><img loading=\"lazy\" decoding=\"async\" class=\"alignnone size-full wp-image-16\" src=\"http:\/\/insideamateurfussball-ffm.de\/wp-content\/uploads\/2021\/11\/kalbach-wappen.jpg\" alt=\"\" width=\"80\" height=\"80\" \/><img loading=\"lazy\" decoding=\"async\" class=\"alignnone size-full wp-image-139\" src=\"http:\/\/insideamateurfussball-ffm.de\/wp-content\/uploads\/2022\/05\/Bosnien.jpg\" alt=\"\" width=\"79\" height=\"80\" \/><\/p>\n<p>585 Zuschauer erlebten den leicht versp\u00e4teten Anpfiff am Hopfenbrunnen aufgrund eines kurzzeitigen Wolkenbruchs mit Starkregen. Die G\u00e4ste waren zun\u00e4chst aktiver und trafen durch Safet Mujkic den Pfosten.<\/p>\n<p>In diese erste Drangperiode der G\u00e4ste hinein fiel die F\u00fchrung der Kalbacher nach einem schnellen Angriff \u00fcber Aleksej Radulaski, der in der Mitte Fabio Pinto da Silva fand (9.). Es war \u00fcbrigens der 100. Ligatreffer der Kalbacher. Heimtorh\u00fcter Fabian Lanthaler wirkte bei einigen Aktionen unsicher, parierte dann aber gut gegen den Bosnier Secouba Diatta, um dann in der folgenden Szene beim Ausgleich von Nudzeim Imamovic machtlos zu sein (30.). Kurz vor dem Seitenwechsel fasste sich Radulaski nach einer perfekten Ballannahme ein Herz und brachte Kalbach mit einem Distanzschuss nach vorne (45.). Kurz nach Wiederbeginn hatte der starke Bennet Batton einen guten Angriff zum 3:1 abgeschlossen (50.).<\/p>\n<h3><span style=\"text-decoration: underline;\">Bosniens Jasic verwandelt Elfmeter regelwidrig<\/span><\/h3>\n<p>Da war die Sache eigentlich durch, obgleich die G\u00e4ste durch einen Volleyschuss von Selim Zuna, den Lanthaler hervorragend aus dem Winkel holte, den Anschluss verpassten. Nun mussten aber drei Tore f\u00fcr die G\u00e4ste her, da den Kalbachern ja schon ein Remis langte. In der Schlussphase bekam Bosnien noch einen Foulelfmeter zugesprochen, den aber Elvedin Jasic regelwidrig verwandelte (82.). Der Treffer z\u00e4hlte nicht, da Jasic ausgerutscht war und dabei den Ball zweimal ber\u00fchrte (82.). Damit spielt der FC Kalbach im Halbfinale der Relegation zur Verbandsliga S\u00fcd zun\u00e4chst in Hin- und R\u00fcckspiel gegen den VfR Fehlheim (Hinspiel am 3.6. um 19 Uhr in Fehlheim &#8211; R\u00fcckspiel in Kalbach am 6.6. um 19 Uhr. Manfred Meyer aus der Sportlichen Leitung der Kalbacher begl\u00fcckw\u00fcnschte die Mannschaft, &#8222;die sich hier in den letzten Spielen so herausragend pr\u00e4sentiert hat. Die Tore wurden zu richtigen Zeitpunkten erzielt. Der Gegentreffer zum 1:1 hat Wirkung gezeigt, das 2:1 kurz vor der Pause war der Dosen\u00f6ffner. Das hat Bosnien besch\u00e4ftigt und mit dem 3:1 durch den \u00fcberragenden Bennet Batton, der mit der beste Mann auf dem Platz war, konnten wir aufatmen. Der Sieg ist mehr verdient, was das Team und die Trainer hier geleistet haben ist hervorragend. Jetzt fehlt noch der kr\u00f6nende Abschluss mit dem Aufstieg.&#8220;<\/p>\n<p>Die G\u00e4ste, die das erste Spiel unter der Leitung von Trainer Amir Mustafic verloren, nahmen die Niederlage mit Fassung. Pressesprecher Admir Malohodzic sagte: &#8222;Nat\u00fcrlich ist das bitter f\u00fcr uns, da wir eine gute R\u00fcckrunde hatten und einige Spiele davor gut gelaufen sind. Heute hat es leider nicht geklappt.&#8220;<\/p>\n<h3><span style=\"text-decoration: underline;\">Schiedsrichter: Paul Wenzek (TSG Wixhausen). Zuschauer: 585. <\/span><\/h3>\n<h3><span style=\"text-decoration: underline;\">Tore: 1:0 Fabio Pinto da Silva (9.), 1:1 Nudzeim Imamovic (30.), 2:1 Aleksej Radulaski (45.), 3:1 Bennet Batton (50.).<\/span><\/h3>\n","protected":false},"excerpt":{"rendered":"<p>Vor einer herausragenden Kulisse am Hopfenbrunnen hat sich der FC Kalbach mit dem 3:1-Sieg gegen den SV Bosnien\/Herzegowina die Vizemeisterschaft in der Gruppenliga Frankfurt West gesichert und trifft n\u00e4chste Woche im Halbfinale der Relegation zur Verbandsliga S\u00fcd in zwei Spielen auf den VfR Fehlheim. FC Kalbach &#8211; SV Bosnien\/Herzegowina 3:1 (2:1) 585 Zuschauer erlebten den [&hellip;]<\/p>\n","protected":false},"author":1,"featured_media":19220,"comment_status":"open","ping_status":"open","sticky":true,"template":"","format":"standard","meta":{"footnotes":""},"categories":[13],"tags":[],"class_list":["post-19219","post","type-post","status-publish","format-standard","has-post-thumbnail","hentry","category-gruppenliga-frankfurt-west"],"_links":{"self":[{"href":"https:\/\/insideamateurfussball-ffm.de\/index.php?rest_route=\/wp\/v2\/posts\/19219","targetHints":{"allow":["GET"]}}],"collection":[{"href":"https:\/\/insideamateurfussball-ffm.de\/index.php?rest_route=\/wp\/v2\/posts"}],"about":[{"href":"https:\/\/insideamateurfussball-ffm.de\/index.php?rest_route=\/wp\/v2\/types\/post"}],"author":[{"embeddable":true,"href":"https:\/\/insideamateurfussball-ffm.de\/index.php?rest_route=\/wp\/v2\/users\/1"}],"replies":[{"embeddable":true,"href":"https:\/\/insideamateurfussball-ffm.de\/index.php?rest_route=%2Fwp%2Fv2%2Fcomments&post=19219"}],"version-history":[{"count":2,"href":"https:\/\/insideamateurfussball-ffm.de\/index.php?rest_route=\/wp\/v2\/posts\/19219\/revisions"}],"predecessor-version":[{"id":19222,"href":"https:\/\/insideamateurfussball-ffm.de\/index.php?rest_route=\/wp\/v2\/posts\/19219\/revisions\/19222"}],"wp:featuredmedia":[{"embeddable":true,"href":"https:\/\/insideamateurfussball-ffm.de\/index.php?rest_route=\/wp\/v2\/media\/19220"}],"wp:attachment":[{"href":"https:\/\/insideamateurfussball-ffm.de\/index.php?rest_route=%2Fwp%2Fv2%2Fmedia&parent=19219"}],"wp:term":[{"taxonomy":"category","embeddable":true,"href":"https:\/\/insideamateurfussball-ffm.de\/index.php?rest_route=%2Fwp%2Fv2%2Fcategories&post=19219"},{"taxonomy":"post_tag","embeddable":true,"href":"https:\/\/insideamateurfussball-ffm.de\/index.php?rest_route=%2Fwp%2Fv2%2Ftags&post=19219"}],"curies":[{"name":"wp","href":"https:\/\/api.w.org\/{rel}","templated":true}]}}