{"id":19213,"date":"2024-05-31T04:33:00","date_gmt":"2024-05-31T02:33:00","guid":{"rendered":"https:\/\/insideamateurfussball-ffm.de\/?p=19213"},"modified":"2024-05-31T19:28:54","modified_gmt":"2024-05-31T17:28:54","slug":"dortelweil-laeuft-auf-rang-drei-ein","status":"publish","type":"post","link":"https:\/\/insideamateurfussball-ffm.de\/?p=19213","title":{"rendered":"Dortelweil l\u00e4uft auf Rang drei ein"},"content":{"rendered":"<h3>Beste Platzierung der Vereinsgeschichte f\u00fcr den SC Dortelweil in seiner historisch gesehenen erst dritten Saison in der Verbandsliga S\u00fcd. Der 4:2-Sieg gegen Germania Ober-Roden beschert den Bad Vilbeler Vorst\u00e4dtern den dritten Rang in der Abschlusstabelle.<\/h3>\n<figure id=\"attachment_19214\" aria-describedby=\"caption-attachment-19214\" style=\"width: 640px\" class=\"wp-caption alignright\"><img loading=\"lazy\" decoding=\"async\" class=\"wp-image-19214 size-large\" src=\"http:\/\/insideamateurfussball-ffm.de\/wp-content\/uploads\/2024\/05\/dord3-1024x711.jpg\" alt=\"\" width=\"640\" height=\"444\" srcset=\"https:\/\/insideamateurfussball-ffm.de\/wp-content\/uploads\/2024\/05\/dord3-1024x711.jpg 1024w, https:\/\/insideamateurfussball-ffm.de\/wp-content\/uploads\/2024\/05\/dord3-300x208.jpg 300w, https:\/\/insideamateurfussball-ffm.de\/wp-content\/uploads\/2024\/05\/dord3-768x533.jpg 768w, https:\/\/insideamateurfussball-ffm.de\/wp-content\/uploads\/2024\/05\/dord3.jpg 1063w\" sizes=\"auto, (max-width: 640px) 100vw, 640px\" \/><figcaption id=\"caption-attachment-19214\" class=\"wp-caption-text\">Dortelweils Trainer G\u00fcltekin Cagritekin (rechts) hier mit Rot-Weiss-Trainer Ibrahim Cigdem, der einen Last-Minute-Klassenerhalt feierte. Foto: Archiv Mithat G\u00fcrser.<\/figcaption><\/figure>\n<h3>SC Dortelweil &#8211; Germania Ober-Roden 4:2 (3:1)<\/h3>\n<p><img loading=\"lazy\" decoding=\"async\" class=\"alignnone size-full wp-image-598\" src=\"http:\/\/insideamateurfussball-ffm.de\/wp-content\/uploads\/2022\/06\/Dortelweil.jpg\" alt=\"\" width=\"80\" height=\"80\" \/><img loading=\"lazy\" decoding=\"async\" class=\"alignnone size-full wp-image-17592\" src=\"http:\/\/insideamateurfussball-ffm.de\/wp-content\/uploads\/2024\/03\/germania.jpeg\" alt=\"\" width=\"99\" height=\"96\" \/><\/p>\n<p>Ein toller Erfolg, den man im Umfeld der Dortelweiler jedoch &#8222;realistisch einordnen kann&#8220;, wie Trainer G\u00fcltekin Cagritekin klarstellt.<\/p>\n<p>&#8222;Eine Saison mit vielen H\u00f6hepunkten und nur sieben Niederlagen&#8220;, habe man erlebt.<\/p>\n<h3><span style=\"text-decoration: underline;\">Adrijan Aslimoski zu Kickers Offenbach II<\/span><\/h3>\n<p>Und auch im letzten Saisonspiel gab es &#8222;ein sch\u00f6nes Spiel von beiden Seiten&#8220;, bei dem Adrijan Aslimoski sein letztes Tor f\u00fcr die Wetterauer erzielte (9.). Der St\u00fcrmer wechselt zu Verbandsliga-Aufsteiger Kickers Offenbach II. Oliver Steffen (33.) und Moritz Feiler (40.) erh\u00f6hten bis zur Pause, vor der Jonas Dapp f\u00fcr die G\u00e4ste verk\u00fcrzte (44.). Nach dem Seitenwechsel fiel noch je ein Tor auf jeder Seite. Colin Falk stellte auf 3:2 (56.), Marvin Strenger (83.) erzielte das letzte Saisontor. Derweil gaben die Dortelweiler neben Aslimoski drei weitere Abg\u00e4nge und vier potenzielle Zug\u00e4nge bekannt.<\/p>\n<p>Der Sportliche Leiter Hans Wrage vermeldete die Verpflichtung von Justus Loose vom FV Bad Vilbel. Zudem stehe man in Gespr\u00e4chen mit zwei Japanern und einem U19-Spieler vom Karbener SV. Als Abg\u00e4nge vermeldete Wrage neben St\u00fcrmer Adrijan Aslimoski (Kickers Offenbach II) noch Patrick Eiwanger und Nando Pr\u00f6ckl (beide zur FSG Burg-Gr\u00e4fenrode) und J\u00fcrgen Bufi (Ziel unbekannt). Kurzfristig sucht der Verein noch Verst\u00e4rkung f\u00fcr die Innenverteidigung und den Angriff.<\/p>\n<h3><span style=\"text-decoration: underline;\">Schiedsrichter: Mirko Radl (Olympia Biebesheim). Zuschauer: 110. <\/span><\/h3>\n<h3><span style=\"text-decoration: underline;\">Tore: 1:0 Adrijan Aslimoski (9.), 2:0 Oliver Steffen (33.), 3:0 Moritz Feiler (40.), 3:1 Jonas Dapp (44.), 3:2 Colin Falk (56.), 4:2 Marvin Strenger (83.).<\/span><\/h3>\n","protected":false},"excerpt":{"rendered":"<p>Beste Platzierung der Vereinsgeschichte f\u00fcr den SC Dortelweil in seiner historisch gesehenen erst dritten Saison in der Verbandsliga S\u00fcd. Der 4:2-Sieg gegen Germania Ober-Roden beschert den Bad Vilbeler Vorst\u00e4dtern den dritten Rang in der Abschlusstabelle. SC Dortelweil &#8211; Germania Ober-Roden 4:2 (3:1) Ein toller Erfolg, den man im Umfeld der Dortelweiler jedoch &#8222;realistisch einordnen kann&#8220;, [&hellip;]<\/p>\n","protected":false},"author":1,"featured_media":19214,"comment_status":"open","ping_status":"open","sticky":true,"template":"","format":"standard","meta":{"footnotes":""},"categories":[10],"tags":[],"class_list":["post-19213","post","type-post","status-publish","format-standard","has-post-thumbnail","hentry","category-verbandsliga-sued"],"_links":{"self":[{"href":"https:\/\/insideamateurfussball-ffm.de\/index.php?rest_route=\/wp\/v2\/posts\/19213","targetHints":{"allow":["GET"]}}],"collection":[{"href":"https:\/\/insideamateurfussball-ffm.de\/index.php?rest_route=\/wp\/v2\/posts"}],"about":[{"href":"https:\/\/insideamateurfussball-ffm.de\/index.php?rest_route=\/wp\/v2\/types\/post"}],"author":[{"embeddable":true,"href":"https:\/\/insideamateurfussball-ffm.de\/index.php?rest_route=\/wp\/v2\/users\/1"}],"replies":[{"embeddable":true,"href":"https:\/\/insideamateurfussball-ffm.de\/index.php?rest_route=%2Fwp%2Fv2%2Fcomments&post=19213"}],"version-history":[{"count":3,"href":"https:\/\/insideamateurfussball-ffm.de\/index.php?rest_route=\/wp\/v2\/posts\/19213\/revisions"}],"predecessor-version":[{"id":19217,"href":"https:\/\/insideamateurfussball-ffm.de\/index.php?rest_route=\/wp\/v2\/posts\/19213\/revisions\/19217"}],"wp:featuredmedia":[{"embeddable":true,"href":"https:\/\/insideamateurfussball-ffm.de\/index.php?rest_route=\/wp\/v2\/media\/19214"}],"wp:attachment":[{"href":"https:\/\/insideamateurfussball-ffm.de\/index.php?rest_route=%2Fwp%2Fv2%2Fmedia&parent=19213"}],"wp:term":[{"taxonomy":"category","embeddable":true,"href":"https:\/\/insideamateurfussball-ffm.de\/index.php?rest_route=%2Fwp%2Fv2%2Fcategories&post=19213"},{"taxonomy":"post_tag","embeddable":true,"href":"https:\/\/insideamateurfussball-ffm.de\/index.php?rest_route=%2Fwp%2Fv2%2Ftags&post=19213"}],"curies":[{"name":"wp","href":"https:\/\/api.w.org\/{rel}","templated":true}]}}