{"id":19156,"date":"2024-05-30T00:07:14","date_gmt":"2024-05-29T22:07:14","guid":{"rendered":"https:\/\/insideamateurfussball-ffm.de\/?p=19156"},"modified":"2024-05-30T00:07:14","modified_gmt":"2024-05-29T22:07:14","slug":"germania-enkheim-zweiter-aufsteiger","status":"publish","type":"post","link":"https:\/\/insideamateurfussball-ffm.de\/?p=19156","title":{"rendered":"Germania Enkheim zweiter Aufsteiger"},"content":{"rendered":"<h3>Nach dem BSC SW 19 begr\u00fc\u00dfen wir in der Kreisoberliga mit Germania Enkheim den zweiten Aufsteiger. Nach f\u00fcnf Jahren kehren die Enkheimer als Meister der Gruppe 2 in die h\u00f6chste Liga des Kreises zur\u00fcck.<\/h3>\n<figure id=\"attachment_19157\" aria-describedby=\"caption-attachment-19157\" style=\"width: 640px\" class=\"wp-caption alignright\"><img loading=\"lazy\" decoding=\"async\" class=\"wp-image-19157 size-large\" src=\"http:\/\/insideamateurfussball-ffm.de\/wp-content\/uploads\/2024\/05\/Germania-Enkheim-1024x768.jpg\" alt=\"\" width=\"640\" height=\"480\" srcset=\"https:\/\/insideamateurfussball-ffm.de\/wp-content\/uploads\/2024\/05\/Germania-Enkheim-1024x768.jpg 1024w, https:\/\/insideamateurfussball-ffm.de\/wp-content\/uploads\/2024\/05\/Germania-Enkheim-300x225.jpg 300w, https:\/\/insideamateurfussball-ffm.de\/wp-content\/uploads\/2024\/05\/Germania-Enkheim-768x576.jpg 768w, https:\/\/insideamateurfussball-ffm.de\/wp-content\/uploads\/2024\/05\/Germania-Enkheim-1536x1152.jpg 1536w, https:\/\/insideamateurfussball-ffm.de\/wp-content\/uploads\/2024\/05\/Germania-Enkheim.jpg 2016w\" sizes=\"auto, (max-width: 640px) 100vw, 640px\" \/><figcaption id=\"caption-attachment-19157\" class=\"wp-caption-text\">Germania Enkheim ist wieder in der Kreisoberliga! Foto: Verein.\u00a0\u00a0<\/figcaption><\/figure>\n<p><img loading=\"lazy\" decoding=\"async\" class=\"alignnone size-full wp-image-1748\" src=\"http:\/\/insideamateurfussball-ffm.de\/wp-content\/uploads\/2022\/07\/Enkheim-1.jpg\" alt=\"\" width=\"63\" height=\"80\" \/><\/p>\n<p>Der fr\u00fchere Gruppenligist profitierte vom 2:2 des FC Posavina bei der FG Seckbach II am letzten Spieltag. Selbst spielfrei, w\u00e4re man bei einem Sieg der Kroaten wieder in der Relegation gelandet, in der man im Vorjahr an R\u00f6delheim gescheitert war.<\/p>\n<h3><span style=\"text-decoration: underline;\">Bogdanovic und Amsiouji nach Bad Homburg<\/span><\/h3>\n<p>&#8222;Wir waren komplett pr\u00e4sent und haben Seckbach angefeuert. Ich hatte ein gutes Gef\u00fchl und das hat sich best\u00e4tigt&#8220;, jubelte der Sportliche Leiter Darko Krolo, dessen Team hinterher in Enkheim feierte und das obige Foto uns zusendete. Was den Kader f\u00fcr die Kreisoberliga angeht, werden Filip Bogdanovic und Abderrahim Amsiouji im Paket zu Gruppenliga-Aufsteiger Spvgg. 05\/99 Bad Homburg wechseln.<\/p>\n<p>Teto Ayasoou &#8211; wie Bogdanovic ein Eigengew\u00e4chs &#8211; geht mit noch unbekanntem Ziel. Die Neuzug\u00e4nge wird Krolo erst nach dem Ende der Wechselfrist zum 30. Juni mitteilen. Als gut strukturierter Verein m\u00f6chten die Enkheimer sich in der kommenden Runde m\u00f6glichst im gesicherten Mittelfeld bewegen. &#8222;Platz sechs bis zw\u00f6lf ist realistisch&#8220;, meint Krolo. Steffen Wittig und Michael Anne machen als Trainerteam weiter.<\/p>\n","protected":false},"excerpt":{"rendered":"<p>Nach dem BSC SW 19 begr\u00fc\u00dfen wir in der Kreisoberliga mit Germania Enkheim den zweiten Aufsteiger. Nach f\u00fcnf Jahren kehren die Enkheimer als Meister der Gruppe 2 in die h\u00f6chste Liga des Kreises zur\u00fcck. Der fr\u00fchere Gruppenligist profitierte vom 2:2 des FC Posavina bei der FG Seckbach II am letzten Spieltag. Selbst spielfrei, w\u00e4re man [&hellip;]<\/p>\n","protected":false},"author":1,"featured_media":19157,"comment_status":"open","ping_status":"open","sticky":true,"template":"","format":"standard","meta":{"footnotes":""},"categories":[2],"tags":[],"class_list":["post-19156","post","type-post","status-publish","format-standard","has-post-thumbnail","hentry","category-kreisoberliga-frankfurt"],"_links":{"self":[{"href":"https:\/\/insideamateurfussball-ffm.de\/index.php?rest_route=\/wp\/v2\/posts\/19156","targetHints":{"allow":["GET"]}}],"collection":[{"href":"https:\/\/insideamateurfussball-ffm.de\/index.php?rest_route=\/wp\/v2\/posts"}],"about":[{"href":"https:\/\/insideamateurfussball-ffm.de\/index.php?rest_route=\/wp\/v2\/types\/post"}],"author":[{"embeddable":true,"href":"https:\/\/insideamateurfussball-ffm.de\/index.php?rest_route=\/wp\/v2\/users\/1"}],"replies":[{"embeddable":true,"href":"https:\/\/insideamateurfussball-ffm.de\/index.php?rest_route=%2Fwp%2Fv2%2Fcomments&post=19156"}],"version-history":[{"count":1,"href":"https:\/\/insideamateurfussball-ffm.de\/index.php?rest_route=\/wp\/v2\/posts\/19156\/revisions"}],"predecessor-version":[{"id":19158,"href":"https:\/\/insideamateurfussball-ffm.de\/index.php?rest_route=\/wp\/v2\/posts\/19156\/revisions\/19158"}],"wp:featuredmedia":[{"embeddable":true,"href":"https:\/\/insideamateurfussball-ffm.de\/index.php?rest_route=\/wp\/v2\/media\/19157"}],"wp:attachment":[{"href":"https:\/\/insideamateurfussball-ffm.de\/index.php?rest_route=%2Fwp%2Fv2%2Fmedia&parent=19156"}],"wp:term":[{"taxonomy":"category","embeddable":true,"href":"https:\/\/insideamateurfussball-ffm.de\/index.php?rest_route=%2Fwp%2Fv2%2Fcategories&post=19156"},{"taxonomy":"post_tag","embeddable":true,"href":"https:\/\/insideamateurfussball-ffm.de\/index.php?rest_route=%2Fwp%2Fv2%2Ftags&post=19156"}],"curies":[{"name":"wp","href":"https:\/\/api.w.org\/{rel}","templated":true}]}}