{"id":19153,"date":"2024-05-29T22:26:45","date_gmt":"2024-05-29T20:26:45","guid":{"rendered":"https:\/\/insideamateurfussball-ffm.de\/?p=19153"},"modified":"2024-05-29T22:26:45","modified_gmt":"2024-05-29T20:26:45","slug":"blau-gelb-mit-respekt-und-achtung-aber-ohne-angst","status":"publish","type":"post","link":"https:\/\/insideamateurfussball-ffm.de\/?p=19153","title":{"rendered":"Blau-Gelb mit &#8222;Respekt und Achtung, aber ohne Angst&#8220;"},"content":{"rendered":"<h3>Der SV Blau-Gelb machte am Sonntag in der Kreisliga A durch den 4:0-Sieg gegen den FC Maroc die Teilnahme an der Relegationsrunde zur Kreisoberliga klar. Bereits am Donnerstag geht es f\u00fcr das Team von Trainer Uwe Eckerl mit dem Gastspiel beim Kreisoberliga-Vorletzten SG Westend los. Dritter Teilnehmer ist der FC Posavina, der erst am Sonntag in das Geschehen eingreift.<\/h3>\n<figure id=\"attachment_19154\" aria-describedby=\"caption-attachment-19154\" style=\"width: 640px\" class=\"wp-caption alignright\"><img loading=\"lazy\" decoding=\"async\" class=\"wp-image-19154 size-large\" src=\"http:\/\/insideamateurfussball-ffm.de\/wp-content\/uploads\/2024\/05\/BGFf-1024x768.jpg\" alt=\"\" width=\"640\" height=\"480\" srcset=\"https:\/\/insideamateurfussball-ffm.de\/wp-content\/uploads\/2024\/05\/BGFf-1024x768.jpg 1024w, https:\/\/insideamateurfussball-ffm.de\/wp-content\/uploads\/2024\/05\/BGFf-300x225.jpg 300w, https:\/\/insideamateurfussball-ffm.de\/wp-content\/uploads\/2024\/05\/BGFf-768x576.jpg 768w, https:\/\/insideamateurfussball-ffm.de\/wp-content\/uploads\/2024\/05\/BGFf-1536x1152.jpg 1536w, https:\/\/insideamateurfussball-ffm.de\/wp-content\/uploads\/2024\/05\/BGFf.jpg 2048w\" sizes=\"auto, (max-width: 640px) 100vw, 640px\" \/><figcaption id=\"caption-attachment-19154\" class=\"wp-caption-text\">F\u00fcnf Jahre nach dem Abstieg klopft der SV Blau-Gelb ans Tor zur Kreisoberliga an. Foto: Archiv PA.\u00a0\u00a0<\/figcaption><\/figure>\n<h3>SG Westend &#8211; SV Blau-Gelb (Donnerstag, 16 Uhr)<\/h3>\n<p><img loading=\"lazy\" decoding=\"async\" class=\"alignnone size-full wp-image-611\" src=\"http:\/\/insideamateurfussball-ffm.de\/wp-content\/uploads\/2022\/06\/Westend.png\" alt=\"\" width=\"69\" height=\"80\" \/><img loading=\"lazy\" decoding=\"async\" class=\"alignnone size-full wp-image-355\" src=\"http:\/\/insideamateurfussball-ffm.de\/wp-content\/uploads\/2022\/05\/Blau-Gelb.jpg\" alt=\"\" width=\"79\" height=\"80\" \/><\/p>\n<p>Gespielt wird an der Ackermannwiese, da der Sportplatz an der gegen\u00fcberliegenden Sondershausenstra\u00dfe mit einer Veranstaltung von T\u00fcrkg\u00fcc\u00fc belegt ist.<\/p>\n<p>Die junge Blau-Gelb-Mannschaft nimmt die Euphorie aus der Vizemeisterschaft in der A-Klasse Gruppe 1 mit.<\/p>\n<blockquote>\n<h3>&#8222;Wir haben eine Supersaison gespielt, darauf k\u00f6nnen wir stolz sein.&#8220; (Blau-Gelb-Trainer Uwe Eckerl)<\/h3>\n<\/blockquote>\n<p>Das Team vom Ginnheimer W\u00e4ldchen hatte nicht nur die wenigsten Gegentore (51), sondern auch die wenigsten Niederlagen (3) zu verzeichnen. Toptorj\u00e4ger ist Daniel Delmhorst (25 Tore), eines der vielen Eigengew\u00e4chse des Vereins, der eine sehr aufwendige und erfolgreiche Jugendabteilung betreibt. &#8222;Wir haben eine Supersaison gespielt, darauf k\u00f6nnen wir stolz sein. Alles was ab jetzt kommt, sind Boni&#8220;, erkl\u00e4rt Coach Uwe Eckerl, der die Blau-Gelben vor zwei Jahren \u00fcbernahm.<\/p>\n<p>&#8222;Wir sind ein eingeschwei\u00dftes Team, das jung und motiviert ist. Wir k\u00f6nnen die Saison mit dem Aufstieg kr\u00f6nen und gehen positiv an die Sache heran.&#8220; Gegner Westend sch\u00e4tzt Eckerl als &#8222;Mischung aus junger und erfahrener Mannschaft. Das ist aber kein Team, was nicht schlagbar w\u00e4re.&#8220; Man gehe mit &#8222;Respekt und Achtung, aber ohne Angst&#8220; in die erste Relegationspartie.<\/p>\n<h3><span style=\"text-decoration: underline;\">FC Posavina<\/span><\/h3>\n<p><img loading=\"lazy\" decoding=\"async\" class=\"alignnone size-full wp-image-22\" src=\"http:\/\/insideamateurfussball-ffm.de\/wp-content\/uploads\/2021\/11\/posavina.jpg\" alt=\"\" width=\"63\" height=\"80\" \/><\/p>\n<p>Im letzten Jahr \u00fcber die Relegation aus der Kreisoberliga abgestiegen, m\u00fcssen die Kroaten vom Riederwald nach der Vizemeisterschaft in der A-Klasse Gruppe 2 erneut in die Relegation. Am letzten Spieltag hatte das Team von Trainer Marijan Madzarevic die Meisterschaft und den Direktaufstieg selbst in der Hand. Ein Sieg bei der FG Seckbach II h\u00e4tte gereicht, doch Posavina kam \u00fcber ein 2:2 nicht hinaus. Gegen wen die Kroaten am Sonntag in die Relegation starten, entscheidet sich nach dem ersten Spiel. Der Sieger setzt im zweiten Spiel aus, die zweite Begegnung lautet also entweder SV Blau-Gelb &#8211; FC Posavina oder FC Posavina &#8211; SG Westend.<\/p>\n","protected":false},"excerpt":{"rendered":"<p>Der SV Blau-Gelb machte am Sonntag in der Kreisliga A durch den 4:0-Sieg gegen den FC Maroc die Teilnahme an der Relegationsrunde zur Kreisoberliga klar. Bereits am Donnerstag geht es f\u00fcr das Team von Trainer Uwe Eckerl mit dem Gastspiel beim Kreisoberliga-Vorletzten SG Westend los. Dritter Teilnehmer ist der FC Posavina, der erst am Sonntag [&hellip;]<\/p>\n","protected":false},"author":1,"featured_media":19154,"comment_status":"open","ping_status":"open","sticky":true,"template":"","format":"standard","meta":{"footnotes":""},"categories":[36],"tags":[],"class_list":["post-19153","post","type-post","status-publish","format-standard","has-post-thumbnail","hentry","category-relegation"],"_links":{"self":[{"href":"https:\/\/insideamateurfussball-ffm.de\/index.php?rest_route=\/wp\/v2\/posts\/19153","targetHints":{"allow":["GET"]}}],"collection":[{"href":"https:\/\/insideamateurfussball-ffm.de\/index.php?rest_route=\/wp\/v2\/posts"}],"about":[{"href":"https:\/\/insideamateurfussball-ffm.de\/index.php?rest_route=\/wp\/v2\/types\/post"}],"author":[{"embeddable":true,"href":"https:\/\/insideamateurfussball-ffm.de\/index.php?rest_route=\/wp\/v2\/users\/1"}],"replies":[{"embeddable":true,"href":"https:\/\/insideamateurfussball-ffm.de\/index.php?rest_route=%2Fwp%2Fv2%2Fcomments&post=19153"}],"version-history":[{"count":1,"href":"https:\/\/insideamateurfussball-ffm.de\/index.php?rest_route=\/wp\/v2\/posts\/19153\/revisions"}],"predecessor-version":[{"id":19155,"href":"https:\/\/insideamateurfussball-ffm.de\/index.php?rest_route=\/wp\/v2\/posts\/19153\/revisions\/19155"}],"wp:featuredmedia":[{"embeddable":true,"href":"https:\/\/insideamateurfussball-ffm.de\/index.php?rest_route=\/wp\/v2\/media\/19154"}],"wp:attachment":[{"href":"https:\/\/insideamateurfussball-ffm.de\/index.php?rest_route=%2Fwp%2Fv2%2Fmedia&parent=19153"}],"wp:term":[{"taxonomy":"category","embeddable":true,"href":"https:\/\/insideamateurfussball-ffm.de\/index.php?rest_route=%2Fwp%2Fv2%2Fcategories&post=19153"},{"taxonomy":"post_tag","embeddable":true,"href":"https:\/\/insideamateurfussball-ffm.de\/index.php?rest_route=%2Fwp%2Fv2%2Ftags&post=19153"}],"curies":[{"name":"wp","href":"https:\/\/api.w.org\/{rel}","templated":true}]}}