{"id":19143,"date":"2024-05-29T20:28:06","date_gmt":"2024-05-29T18:28:06","guid":{"rendered":"https:\/\/insideamateurfussball-ffm.de\/?p=19143"},"modified":"2024-05-29T20:28:06","modified_gmt":"2024-05-29T18:28:06","slug":"preussen-schiessen-sich-fuer-relegation-warm","status":"publish","type":"post","link":"https:\/\/insideamateurfussball-ffm.de\/?p=19143","title":{"rendered":"Preu\u00dfen schie\u00dfen sich f\u00fcr Relegation warm"},"content":{"rendered":"<h3>Mit einem 8:3 gegen die SG Harheim im R\u00fccken geht der SV Viktoria Preu\u00dfen in die am kommenden Montag startende Relegationsrunde zur Gruppenliga Frankfurt West. Erster Gegner ist auf neutralem Platz in Bad Nauheim-R\u00f6dgen (19.30 Uhr) die SG Oberh\u00f6chstadt, Vizemeister der KOL Hochtaunus.\u00a0<\/h3>\n<figure id=\"attachment_19144\" aria-describedby=\"caption-attachment-19144\" style=\"width: 640px\" class=\"wp-caption alignright\"><img loading=\"lazy\" decoding=\"async\" class=\"wp-image-19144 size-large\" src=\"http:\/\/insideamateurfussball-ffm.de\/wp-content\/uploads\/2024\/05\/vikt4-1024x726.jpg\" alt=\"\" width=\"640\" height=\"454\" srcset=\"https:\/\/insideamateurfussball-ffm.de\/wp-content\/uploads\/2024\/05\/vikt4-1024x726.jpg 1024w, https:\/\/insideamateurfussball-ffm.de\/wp-content\/uploads\/2024\/05\/vikt4-300x213.jpg 300w, https:\/\/insideamateurfussball-ffm.de\/wp-content\/uploads\/2024\/05\/vikt4-768x544.jpg 768w, https:\/\/insideamateurfussball-ffm.de\/wp-content\/uploads\/2024\/05\/vikt4.jpg 1057w\" sizes=\"auto, (max-width: 640px) 100vw, 640px\" \/><figcaption id=\"caption-attachment-19144\" class=\"wp-caption-text\">Preu\u00dfen-Kapit\u00e4n Antonie Willef\u00fchr vor Harheims Christian Gies am Ball. Foto: Mithat G\u00fcrser.\u00a0\u00a0<\/figcaption><\/figure>\n<h3>SV Viktoria Preu\u00dfen &#8211; SG Harheim 8:3 (2:3)<\/h3>\n<p><img loading=\"lazy\" decoding=\"async\" class=\"alignnone size-full wp-image-12\" src=\"http:\/\/insideamateurfussball-ffm.de\/wp-content\/uploads\/2021\/11\/preussen.jpg\" alt=\"\" width=\"72\" height=\"80\" \/><img loading=\"lazy\" decoding=\"async\" class=\"alignnone size-full wp-image-284\" src=\"http:\/\/insideamateurfussball-ffm.de\/wp-content\/uploads\/2022\/05\/Harheim.jpg\" alt=\"\" width=\"78\" height=\"80\" \/><\/p>\n<p>Der Fahrplan sieht f\u00fcr das zweite Spiel eine Heimpartie gegen den SC Dortelweil II (Zweiter KOL Friedberg) vor (6. Juni, 19.30 Uhr). Abgeschlossen wird die klassische Dreierrunde, aus der sich zun\u00e4chst ein Verein f\u00fcr die Gruppenliga Frankfurt West qualifiziert, mit der Ausw\u00e4rtspartie beim noch zu ermittelnden Gruppenligisten (9. Juni, 15 Uhr).<\/p>\n<p>Der 1. FC-TSG K\u00f6nigstein, der FV Bad Vilbel oder die SG Ober-Erlenbach kommen daf\u00fcr noch in Betracht. Sollte aus der \u00fcbergeordneten Relegation der FC Kalbach oder der SV Bosnien\/Herzegowina aufsteigen, r\u00fcckt aus der folgenden Relegation der Tabellenzweite nach. In der letzten Ligapartie hatte Preu\u00dfen-Trainer Artur Rissling &#8222;ein typisches letztes Punktspiel&#8220; gesehen.<\/p>\n<blockquote>\n<h3><span style=\"text-decoration: underline;\">&#8222;Das Spiel h\u00e4tte auch 12:7 ausgehen k\u00f6nnen, das war ein wildes Scheibenschie\u00dfen.&#8220; (Preu\u00dfen-Trainer Artur Rissling)<\/span><\/h3>\n<\/blockquote>\n<p>&#8222;Wir haben zwei, drei Spieler f\u00fcr die Relegation geschont&#8220;, sagte Rissling. Unter den knapp 100 Zuschauern befand sich die Mannschaft aus Oberh\u00f6chstadt. &#8222;Das Spiel h\u00e4tte auch 12:7 ausgehen k\u00f6nnen, das war ein wildes Scheibenschie\u00dfen. Ohne jetzt auf jedes Tor einzugehen bei dem Ergebnis war es ein verdienter Sieg zum Abschluss der Saison. Wir bereiten uns jetzt auf die Relegation vor. Ich habe mir die Gegner angeschaut, da ist alles drin. Wir geben Gas und dann schauen was rauskommt&#8220;, sagte Rissling. Die G\u00e4ste, die ohne ihren gesperrten Trainer Christian Balzer auskommen mussten, beendeten die Saison auf Rang zehn und wurden vom Spielausschuss-Vorsitzenden Markus G\u00e4rtner betreut.<\/p>\n<p>Sie waren gleich nach wenigen Sekunden mit Patrick K\u00f6nig in F\u00fchrung gegangen (1.). Oskar Copik glich aus (7.), aber St\u00fcrmer Lukas G\u00e4rtner (14.) brachte Harheim wieder nach vorne (14.). Goalgetter Cherano Willef\u00fchr (20.) machte das 2:2, aber Harheim ging zum dritten Mal durch Yafet Tsighe in F\u00fchrung (33.). Nach dem Seitenwechsel traf nur noch der Aufstiegsrelegant und das gleich sechsmal. Cherano (50.) und damit der 35. Saisontreffer des KOL-Torsch\u00fctzenk\u00f6nigs, ein Eigentor des Harheimers Nico Wetzel (70.), ein Elfmeter von Antinie Willef\u00fchr (76.) sowie in Unterzahl nach einer Zeitstrafe (78.) Adnan Allali (81.), Suorru Bawa-Darru (83.) und Altmeister Daniel Wolf (88.) waren die restlichen Torsch\u00fctzen.\u00a0<\/p>\n<h3><span style=\"text-decoration: underline;\">Schiedsrichter: Bagdad Moukhtari (SG Bremthal). Zuschauer: 100. <\/span><\/h3>\n<h3><span style=\"text-decoration: underline;\">Tore: 0:1 Patrick K\u00f6nig (1.), 1:1 Oskar Copik (7.), 1:2 Lukas G\u00e4rtner (14.), 2:2 Cherano Willef\u00fchr (20.), 2:3 Yafet Tsighe (33.), 3:3 Cherano Willef\u00fchr (50.), 4:3 Nico Wetzel (70.\/Eigentor), 5:3 Antonie Willef\u00fchr (76.\/Foulelfmeter), 6:3 Adnan Allali (81.), 7:3 Suorru Bawa-Darru (83.), 8:3 Daniel Wolf (88.). <\/span><\/h3>\n<h3><span style=\"text-decoration: underline;\">Bildergalerie: Vielen Dank an Mithat G\u00fcrser! <\/span>\u00a0<\/h3>\n\n\n<figure class=\"wp-block-image size-large is-style-default\"><img loading=\"lazy\" decoding=\"async\" width=\"1024\" height=\"716\" src=\"https:\/\/insideamateurfussball-ffm.de\/wp-content\/uploads\/2024\/05\/vikt7-1024x716.jpg\" alt=\"\" class=\"wp-image-19145\" srcset=\"https:\/\/insideamateurfussball-ffm.de\/wp-content\/uploads\/2024\/05\/vikt7-1024x716.jpg 1024w, https:\/\/insideamateurfussball-ffm.de\/wp-content\/uploads\/2024\/05\/vikt7-300x210.jpg 300w, https:\/\/insideamateurfussball-ffm.de\/wp-content\/uploads\/2024\/05\/vikt7-768x537.jpg 768w, https:\/\/insideamateurfussball-ffm.de\/wp-content\/uploads\/2024\/05\/vikt7.jpg 1071w\" sizes=\"auto, (max-width: 1024px) 100vw, 1024px\" \/><\/figure>\n\n\n\n<figure class=\"wp-block-image size-large is-style-default\"><img loading=\"lazy\" decoding=\"async\" width=\"1024\" height=\"710\" src=\"https:\/\/insideamateurfussball-ffm.de\/wp-content\/uploads\/2024\/05\/vikt2-1024x710.jpg\" alt=\"\" class=\"wp-image-19146\" srcset=\"https:\/\/insideamateurfussball-ffm.de\/wp-content\/uploads\/2024\/05\/vikt2-1024x710.jpg 1024w, https:\/\/insideamateurfussball-ffm.de\/wp-content\/uploads\/2024\/05\/vikt2-300x208.jpg 300w, https:\/\/insideamateurfussball-ffm.de\/wp-content\/uploads\/2024\/05\/vikt2-768x533.jpg 768w, https:\/\/insideamateurfussball-ffm.de\/wp-content\/uploads\/2024\/05\/vikt2.jpg 1080w\" sizes=\"auto, (max-width: 1024px) 100vw, 1024px\" \/><\/figure>\n\n\n\n<figure class=\"wp-block-image size-large is-style-default\"><img loading=\"lazy\" decoding=\"async\" width=\"1024\" height=\"707\" src=\"https:\/\/insideamateurfussball-ffm.de\/wp-content\/uploads\/2024\/05\/vikt5-1024x707.jpg\" alt=\"\" class=\"wp-image-19147\" srcset=\"https:\/\/insideamateurfussball-ffm.de\/wp-content\/uploads\/2024\/05\/vikt5-1024x707.jpg 1024w, https:\/\/insideamateurfussball-ffm.de\/wp-content\/uploads\/2024\/05\/vikt5-300x207.jpg 300w, https:\/\/insideamateurfussball-ffm.de\/wp-content\/uploads\/2024\/05\/vikt5-768x530.jpg 768w, https:\/\/insideamateurfussball-ffm.de\/wp-content\/uploads\/2024\/05\/vikt5.jpg 1085w\" sizes=\"auto, (max-width: 1024px) 100vw, 1024px\" \/><\/figure>\n\n\n\n<figure class=\"wp-block-image size-large is-style-default\"><img loading=\"lazy\" decoding=\"async\" width=\"1024\" height=\"714\" src=\"https:\/\/insideamateurfussball-ffm.de\/wp-content\/uploads\/2024\/05\/vikt8-1024x714.jpg\" alt=\"\" class=\"wp-image-19148\" srcset=\"https:\/\/insideamateurfussball-ffm.de\/wp-content\/uploads\/2024\/05\/vikt8-1024x714.jpg 1024w, https:\/\/insideamateurfussball-ffm.de\/wp-content\/uploads\/2024\/05\/vikt8-300x209.jpg 300w, https:\/\/insideamateurfussball-ffm.de\/wp-content\/uploads\/2024\/05\/vikt8-768x536.jpg 768w, https:\/\/insideamateurfussball-ffm.de\/wp-content\/uploads\/2024\/05\/vikt8.jpg 1074w\" sizes=\"auto, (max-width: 1024px) 100vw, 1024px\" \/><\/figure>\n\n\n\n<figure class=\"wp-block-image size-large is-style-default\"><img loading=\"lazy\" decoding=\"async\" width=\"1024\" height=\"695\" src=\"https:\/\/insideamateurfussball-ffm.de\/wp-content\/uploads\/2024\/05\/vikt3-1024x695.jpg\" alt=\"\" class=\"wp-image-19149\" srcset=\"https:\/\/insideamateurfussball-ffm.de\/wp-content\/uploads\/2024\/05\/vikt3-1024x695.jpg 1024w, https:\/\/insideamateurfussball-ffm.de\/wp-content\/uploads\/2024\/05\/vikt3-300x204.jpg 300w, https:\/\/insideamateurfussball-ffm.de\/wp-content\/uploads\/2024\/05\/vikt3-768x522.jpg 768w, https:\/\/insideamateurfussball-ffm.de\/wp-content\/uploads\/2024\/05\/vikt3.jpg 1103w\" sizes=\"auto, (max-width: 1024px) 100vw, 1024px\" \/><\/figure>\n\n\n\n<figure class=\"wp-block-image size-large is-style-default\"><img loading=\"lazy\" decoding=\"async\" width=\"1024\" height=\"697\" src=\"https:\/\/insideamateurfussball-ffm.de\/wp-content\/uploads\/2024\/05\/vikt6-1024x697.jpg\" alt=\"\" class=\"wp-image-19150\" srcset=\"https:\/\/insideamateurfussball-ffm.de\/wp-content\/uploads\/2024\/05\/vikt6-1024x697.jpg 1024w, https:\/\/insideamateurfussball-ffm.de\/wp-content\/uploads\/2024\/05\/vikt6-300x204.jpg 300w, https:\/\/insideamateurfussball-ffm.de\/wp-content\/uploads\/2024\/05\/vikt6-768x522.jpg 768w, https:\/\/insideamateurfussball-ffm.de\/wp-content\/uploads\/2024\/05\/vikt6.jpg 1101w\" sizes=\"auto, (max-width: 1024px) 100vw, 1024px\" \/><\/figure>\n\n\n\n<figure class=\"wp-block-image size-full is-style-default\"><img loading=\"lazy\" decoding=\"async\" width=\"996\" height=\"749\" src=\"https:\/\/insideamateurfussball-ffm.de\/wp-content\/uploads\/2024\/05\/vikt9.jpg\" alt=\"\" class=\"wp-image-19151\" srcset=\"https:\/\/insideamateurfussball-ffm.de\/wp-content\/uploads\/2024\/05\/vikt9.jpg 996w, https:\/\/insideamateurfussball-ffm.de\/wp-content\/uploads\/2024\/05\/vikt9-300x226.jpg 300w, https:\/\/insideamateurfussball-ffm.de\/wp-content\/uploads\/2024\/05\/vikt9-768x578.jpg 768w\" sizes=\"auto, (max-width: 996px) 100vw, 996px\" \/><\/figure>\n","protected":false},"excerpt":{"rendered":"<p>Mit einem 8:3 gegen die SG Harheim im R\u00fccken geht der SV Viktoria Preu\u00dfen in die am kommenden Montag startende Relegationsrunde zur Gruppenliga Frankfurt West. Erster Gegner ist auf neutralem Platz in Bad Nauheim-R\u00f6dgen (19.30 Uhr) die SG Oberh\u00f6chstadt, Vizemeister der KOL Hochtaunus.\u00a0 SV Viktoria Preu\u00dfen &#8211; SG Harheim 8:3 (2:3) Der Fahrplan sieht f\u00fcr [&hellip;]<\/p>\n","protected":false},"author":1,"featured_media":19144,"comment_status":"open","ping_status":"open","sticky":true,"template":"","format":"standard","meta":{"footnotes":""},"categories":[2],"tags":[],"class_list":["post-19143","post","type-post","status-publish","format-standard","has-post-thumbnail","hentry","category-kreisoberliga-frankfurt"],"_links":{"self":[{"href":"https:\/\/insideamateurfussball-ffm.de\/index.php?rest_route=\/wp\/v2\/posts\/19143","targetHints":{"allow":["GET"]}}],"collection":[{"href":"https:\/\/insideamateurfussball-ffm.de\/index.php?rest_route=\/wp\/v2\/posts"}],"about":[{"href":"https:\/\/insideamateurfussball-ffm.de\/index.php?rest_route=\/wp\/v2\/types\/post"}],"author":[{"embeddable":true,"href":"https:\/\/insideamateurfussball-ffm.de\/index.php?rest_route=\/wp\/v2\/users\/1"}],"replies":[{"embeddable":true,"href":"https:\/\/insideamateurfussball-ffm.de\/index.php?rest_route=%2Fwp%2Fv2%2Fcomments&post=19143"}],"version-history":[{"count":1,"href":"https:\/\/insideamateurfussball-ffm.de\/index.php?rest_route=\/wp\/v2\/posts\/19143\/revisions"}],"predecessor-version":[{"id":19152,"href":"https:\/\/insideamateurfussball-ffm.de\/index.php?rest_route=\/wp\/v2\/posts\/19143\/revisions\/19152"}],"wp:featuredmedia":[{"embeddable":true,"href":"https:\/\/insideamateurfussball-ffm.de\/index.php?rest_route=\/wp\/v2\/media\/19144"}],"wp:attachment":[{"href":"https:\/\/insideamateurfussball-ffm.de\/index.php?rest_route=%2Fwp%2Fv2%2Fmedia&parent=19143"}],"wp:term":[{"taxonomy":"category","embeddable":true,"href":"https:\/\/insideamateurfussball-ffm.de\/index.php?rest_route=%2Fwp%2Fv2%2Fcategories&post=19143"},{"taxonomy":"post_tag","embeddable":true,"href":"https:\/\/insideamateurfussball-ffm.de\/index.php?rest_route=%2Fwp%2Fv2%2Ftags&post=19143"}],"curies":[{"name":"wp","href":"https:\/\/api.w.org\/{rel}","templated":true}]}}