{"id":19129,"date":"2024-05-29T19:06:05","date_gmt":"2024-05-29T17:06:05","guid":{"rendered":"https:\/\/insideamateurfussball-ffm.de\/?p=19129"},"modified":"2024-05-29T19:06:05","modified_gmt":"2024-05-29T17:06:05","slug":"westend-rueckt-mit-kantersieg-in-die-relegation","status":"publish","type":"post","link":"https:\/\/insideamateurfussball-ffm.de\/?p=19129","title":{"rendered":"Westend r\u00fcckt mit Kantersieg in die Relegation"},"content":{"rendered":"<h3>Die SG Westend hat sich mit einem 10:1-Kantersieg beim sehr wenig Gegenwehr leistenden TuS Makkabi f\u00fcr die an Fronleichnam beginnende Relegation qualifiziert. Erster Gegner ist am Donnerstag (16 Uhr) der A1-Liga-Vize SV Blau-Gelb. Dritter Teilnehmer ist aus der A2-Liga der FC Posavina.\u00a0<\/h3>\n<p>\u00a0<\/p>\n<figure id=\"attachment_19130\" aria-describedby=\"caption-attachment-19130\" style=\"width: 640px\" class=\"wp-caption alignright\"><img loading=\"lazy\" decoding=\"async\" class=\"wp-image-19130 size-large\" src=\"http:\/\/insideamateurfussball-ffm.de\/wp-content\/uploads\/2024\/05\/west3-8-1024x710.jpg\" alt=\"\" width=\"640\" height=\"444\" srcset=\"https:\/\/insideamateurfussball-ffm.de\/wp-content\/uploads\/2024\/05\/west3-8-1024x710.jpg 1024w, https:\/\/insideamateurfussball-ffm.de\/wp-content\/uploads\/2024\/05\/west3-8-300x208.jpg 300w, https:\/\/insideamateurfussball-ffm.de\/wp-content\/uploads\/2024\/05\/west3-8-768x532.jpg 768w, https:\/\/insideamateurfussball-ffm.de\/wp-content\/uploads\/2024\/05\/west3-8.jpg 1081w\" sizes=\"auto, (max-width: 640px) 100vw, 640px\" \/><figcaption id=\"caption-attachment-19130\" class=\"wp-caption-text\">Westend-Spieler Fanuel Kaleab ist in dieser Szene zu schnell f\u00fcr seine Gegenspieler. Foto: Mithat G\u00fcrser.\u00a0\u00a0<\/figcaption><\/figure>\n<h3>TuS Makkabi &#8211; SG Westend 1:10 (1:4)<\/h3>\n<p><img loading=\"lazy\" decoding=\"async\" class=\"alignnone size-full wp-image-90\" src=\"http:\/\/insideamateurfussball-ffm.de\/wp-content\/uploads\/2022\/05\/makkabi-neu.jpg\" alt=\"\" width=\"80\" height=\"80\" \/><img loading=\"lazy\" decoding=\"async\" class=\"alignnone size-full wp-image-611\" src=\"http:\/\/insideamateurfussball-ffm.de\/wp-content\/uploads\/2022\/06\/Westend.png\" alt=\"\" width=\"69\" height=\"80\" \/><\/p>\n<p>Zum Gl\u00fcck ging es f\u00fcr Makkabi um nichts mehr, da die zuvor gesammelten 33 Punkte schon zum Klassenerhalt reichten.<\/p>\n<p>Sehr zum \u00c4rger von Absteiger FV Hausen geriet man aber schon fr\u00fch ins Hintertreffen und kassierte mit einer lustlosen Darbietung zehn Gegentreffer.<\/p>\n<h3><span style=\"text-decoration: underline;\">Nur Sauerbrei trifft f\u00fcr Makkabi\u00a0<\/span><\/h3>\n<p>&#8222;Wir sch\u00e4men uns f\u00fcr die desolate Leistung der Mannschaft, f\u00fcr den FV Hausen tut uns das leid&#8220;, lie\u00df Spielertrainer Marlon Huberman verlautbaren. Westend konnte auf der Bertramswiese sein Kombinationsspiel aufziehen und durch Ivan Bogdan Hartmann (10.), Gedeon Nsemi (25.) und Alen Tahirovic (34.) drei Treffer vorlegen. Den einzigen Makkabi-Treffer markierte Moritz Sauerbrei (42.), ehe Nsemi f\u00fcr das Team von Trainer Vait Arslanoski den alten Abstand wiederherstellte (44.).<\/p>\n<p>Nach dem Seitenwechsel machten es Tahirovic (46.\/63.), Zakaria Akaouch (64.), Kenam Hadzic (68.\/88.) und Fanuel Kaleab (84.) zweistellig. Westends Sportlicher Leiter Thomas Horn freute sich \u00fcber das Ergebnis: &#8222;Das ist etwas f\u00fcr das Selbstvertrauen gewesen, dass wir es aus eigener Kraft geschafft haben. Wir gehen jetzt selbstsicher in die Relegation und wollen mit zwei Siegen den Klassenerhalt perfekt machen.&#8220;<\/p>\n<h3><span style=\"text-decoration: underline;\">Schiedsrichter: Alexander Kohaut (Eintracht Oberissigheim). Zuschauer: 30. <\/span><\/h3>\n<h3><span style=\"text-decoration: underline;\">Tore: 0:1 Ivan Bogdan Hartmann (10.), 0:2 Gedeon Nsemi (25.), 0:3 Alen Tahirovic (34.), 1:3 Moritz Sauerbrei (42.), 1:4 Gedeon Nsemi (44.), 1:5, 1:6 Alen Tahirovic (46.\/63.), 1:7 Zakaria Akaouch (64.), 1:8 Kenam Hadzic (68.), 1:9 Fanuel Kaleab (84.), 1:10 Kenam Hadzic (88.). <\/span><\/h3>\n<h3><span style=\"text-decoration: underline;\">Bildergalerie: Vielen Dank an Mithat G\u00fcrser!<\/span><\/h3>\n<p>\u00a0<\/p>\n\n\n<figure class=\"wp-block-image size-full is-style-default\"><img loading=\"lazy\" decoding=\"async\" width=\"1007\" height=\"749\" src=\"https:\/\/insideamateurfussball-ffm.de\/wp-content\/uploads\/2024\/05\/west6-11.jpg\" alt=\"\" class=\"wp-image-19131\" srcset=\"https:\/\/insideamateurfussball-ffm.de\/wp-content\/uploads\/2024\/05\/west6-11.jpg 1007w, https:\/\/insideamateurfussball-ffm.de\/wp-content\/uploads\/2024\/05\/west6-11-300x223.jpg 300w, https:\/\/insideamateurfussball-ffm.de\/wp-content\/uploads\/2024\/05\/west6-11-768x571.jpg 768w\" sizes=\"auto, (max-width: 1007px) 100vw, 1007px\" \/><\/figure>\n\n\n\n<figure class=\"wp-block-image size-large is-style-default\"><img loading=\"lazy\" decoding=\"async\" width=\"1024\" height=\"691\" src=\"https:\/\/insideamateurfussball-ffm.de\/wp-content\/uploads\/2024\/05\/west1-10-1024x691.jpg\" alt=\"\" class=\"wp-image-19132\" srcset=\"https:\/\/insideamateurfussball-ffm.de\/wp-content\/uploads\/2024\/05\/west1-10-1024x691.jpg 1024w, https:\/\/insideamateurfussball-ffm.de\/wp-content\/uploads\/2024\/05\/west1-10-300x202.jpg 300w, https:\/\/insideamateurfussball-ffm.de\/wp-content\/uploads\/2024\/05\/west1-10-768x518.jpg 768w, https:\/\/insideamateurfussball-ffm.de\/wp-content\/uploads\/2024\/05\/west1-10.jpg 1110w\" sizes=\"auto, (max-width: 1024px) 100vw, 1024px\" \/><\/figure>\n\n\n\n<figure class=\"wp-block-image size-large is-style-default\"><img loading=\"lazy\" decoding=\"async\" width=\"1024\" height=\"700\" src=\"https:\/\/insideamateurfussball-ffm.de\/wp-content\/uploads\/2024\/05\/west4-9-1024x700.jpg\" alt=\"\" class=\"wp-image-19133\" srcset=\"https:\/\/insideamateurfussball-ffm.de\/wp-content\/uploads\/2024\/05\/west4-9-1024x700.jpg 1024w, https:\/\/insideamateurfussball-ffm.de\/wp-content\/uploads\/2024\/05\/west4-9-300x205.jpg 300w, https:\/\/insideamateurfussball-ffm.de\/wp-content\/uploads\/2024\/05\/west4-9-768x525.jpg 768w, https:\/\/insideamateurfussball-ffm.de\/wp-content\/uploads\/2024\/05\/west4-9.jpg 1096w\" sizes=\"auto, (max-width: 1024px) 100vw, 1024px\" \/><\/figure>\n\n\n\n<figure class=\"wp-block-image size-large is-style-default\"><img loading=\"lazy\" decoding=\"async\" width=\"1024\" height=\"708\" src=\"https:\/\/insideamateurfussball-ffm.de\/wp-content\/uploads\/2024\/05\/west7-9-1024x708.jpg\" alt=\"\" class=\"wp-image-19134\" srcset=\"https:\/\/insideamateurfussball-ffm.de\/wp-content\/uploads\/2024\/05\/west7-9-1024x708.jpg 1024w, https:\/\/insideamateurfussball-ffm.de\/wp-content\/uploads\/2024\/05\/west7-9-300x207.jpg 300w, https:\/\/insideamateurfussball-ffm.de\/wp-content\/uploads\/2024\/05\/west7-9-768x531.jpg 768w, https:\/\/insideamateurfussball-ffm.de\/wp-content\/uploads\/2024\/05\/west7-9.jpg 1084w\" sizes=\"auto, (max-width: 1024px) 100vw, 1024px\" \/><\/figure>\n\n\n\n<figure class=\"wp-block-image size-large is-style-default\"><img loading=\"lazy\" decoding=\"async\" width=\"1024\" height=\"690\" src=\"https:\/\/insideamateurfussball-ffm.de\/wp-content\/uploads\/2024\/05\/west2-8-1024x690.jpg\" alt=\"\" class=\"wp-image-19135\" srcset=\"https:\/\/insideamateurfussball-ffm.de\/wp-content\/uploads\/2024\/05\/west2-8-1024x690.jpg 1024w, https:\/\/insideamateurfussball-ffm.de\/wp-content\/uploads\/2024\/05\/west2-8-300x202.jpg 300w, https:\/\/insideamateurfussball-ffm.de\/wp-content\/uploads\/2024\/05\/west2-8-768x517.jpg 768w, https:\/\/insideamateurfussball-ffm.de\/wp-content\/uploads\/2024\/05\/west2-8.jpg 1112w\" sizes=\"auto, (max-width: 1024px) 100vw, 1024px\" \/><\/figure>\n\n\n\n<figure class=\"wp-block-image size-full is-style-default\"><img loading=\"lazy\" decoding=\"async\" width=\"1002\" height=\"749\" src=\"https:\/\/insideamateurfussball-ffm.de\/wp-content\/uploads\/2024\/05\/west5-8.jpg\" alt=\"\" class=\"wp-image-19136\" srcset=\"https:\/\/insideamateurfussball-ffm.de\/wp-content\/uploads\/2024\/05\/west5-8.jpg 1002w, https:\/\/insideamateurfussball-ffm.de\/wp-content\/uploads\/2024\/05\/west5-8-300x224.jpg 300w, https:\/\/insideamateurfussball-ffm.de\/wp-content\/uploads\/2024\/05\/west5-8-768x574.jpg 768w\" sizes=\"auto, (max-width: 1002px) 100vw, 1002px\" \/><\/figure>\n\n\n\n<figure class=\"wp-block-image size-large is-style-default\"><img loading=\"lazy\" decoding=\"async\" width=\"1024\" height=\"647\" src=\"https:\/\/insideamateurfussball-ffm.de\/wp-content\/uploads\/2024\/05\/west8-8-1024x647.jpg\" alt=\"\" class=\"wp-image-19137\" srcset=\"https:\/\/insideamateurfussball-ffm.de\/wp-content\/uploads\/2024\/05\/west8-8-1024x647.jpg 1024w, https:\/\/insideamateurfussball-ffm.de\/wp-content\/uploads\/2024\/05\/west8-8-300x190.jpg 300w, https:\/\/insideamateurfussball-ffm.de\/wp-content\/uploads\/2024\/05\/west8-8-768x485.jpg 768w, https:\/\/insideamateurfussball-ffm.de\/wp-content\/uploads\/2024\/05\/west8-8.jpg 1185w\" sizes=\"auto, (max-width: 1024px) 100vw, 1024px\" \/><\/figure>\n","protected":false},"excerpt":{"rendered":"<p>Die SG Westend hat sich mit einem 10:1-Kantersieg beim sehr wenig Gegenwehr leistenden TuS Makkabi f\u00fcr die an Fronleichnam beginnende Relegation qualifiziert. Erster Gegner ist am Donnerstag (16 Uhr) der A1-Liga-Vize SV Blau-Gelb. Dritter Teilnehmer ist aus der A2-Liga der FC Posavina.\u00a0 \u00a0 TuS Makkabi &#8211; SG Westend 1:10 (1:4) Zum Gl\u00fcck ging es f\u00fcr [&hellip;]<\/p>\n","protected":false},"author":1,"featured_media":19130,"comment_status":"open","ping_status":"open","sticky":true,"template":"","format":"standard","meta":{"footnotes":""},"categories":[2],"tags":[],"class_list":["post-19129","post","type-post","status-publish","format-standard","has-post-thumbnail","hentry","category-kreisoberliga-frankfurt"],"_links":{"self":[{"href":"https:\/\/insideamateurfussball-ffm.de\/index.php?rest_route=\/wp\/v2\/posts\/19129","targetHints":{"allow":["GET"]}}],"collection":[{"href":"https:\/\/insideamateurfussball-ffm.de\/index.php?rest_route=\/wp\/v2\/posts"}],"about":[{"href":"https:\/\/insideamateurfussball-ffm.de\/index.php?rest_route=\/wp\/v2\/types\/post"}],"author":[{"embeddable":true,"href":"https:\/\/insideamateurfussball-ffm.de\/index.php?rest_route=\/wp\/v2\/users\/1"}],"replies":[{"embeddable":true,"href":"https:\/\/insideamateurfussball-ffm.de\/index.php?rest_route=%2Fwp%2Fv2%2Fcomments&post=19129"}],"version-history":[{"count":1,"href":"https:\/\/insideamateurfussball-ffm.de\/index.php?rest_route=\/wp\/v2\/posts\/19129\/revisions"}],"predecessor-version":[{"id":19138,"href":"https:\/\/insideamateurfussball-ffm.de\/index.php?rest_route=\/wp\/v2\/posts\/19129\/revisions\/19138"}],"wp:featuredmedia":[{"embeddable":true,"href":"https:\/\/insideamateurfussball-ffm.de\/index.php?rest_route=\/wp\/v2\/media\/19130"}],"wp:attachment":[{"href":"https:\/\/insideamateurfussball-ffm.de\/index.php?rest_route=%2Fwp%2Fv2%2Fmedia&parent=19129"}],"wp:term":[{"taxonomy":"category","embeddable":true,"href":"https:\/\/insideamateurfussball-ffm.de\/index.php?rest_route=%2Fwp%2Fv2%2Fcategories&post=19129"},{"taxonomy":"post_tag","embeddable":true,"href":"https:\/\/insideamateurfussball-ffm.de\/index.php?rest_route=%2Fwp%2Fv2%2Ftags&post=19129"}],"curies":[{"name":"wp","href":"https:\/\/api.w.org\/{rel}","templated":true}]}}