{"id":19126,"date":"2024-05-29T18:29:49","date_gmt":"2024-05-29T16:29:49","guid":{"rendered":"https:\/\/insideamateurfussball-ffm.de\/?p=19126"},"modified":"2024-05-29T19:50:31","modified_gmt":"2024-05-29T17:50:31","slug":"andreas-anicic-uebernimmt-tuerkguecue","status":"publish","type":"post","link":"https:\/\/insideamateurfussball-ffm.de\/?p=19126","title":{"rendered":"Andreas Anicic \u00fcbernimmt T\u00fcrkg\u00fcc\u00fc"},"content":{"rendered":"<h3>Kreisoberliga-Meister TSKV T\u00fcrkg\u00fcc\u00fc hat einen Nachfolger f\u00fcr den ausgeschiedenen Mehmet Tunay Somun gefunden. Der Verein von der Sondershausenstra\u00dfe geht mit Andreas Anicic in die Gruppenliga Frankfurt West.<\/h3>\n<figure id=\"attachment_19127\" aria-describedby=\"caption-attachment-19127\" style=\"width: 1016px\" class=\"wp-caption alignnone\"><img loading=\"lazy\" decoding=\"async\" class=\"wp-image-19127 size-full\" src=\"http:\/\/insideamateurfussball-ffm.de\/wp-content\/uploads\/2024\/05\/Anicic-Tuerkguecue-Trainer.jpg\" alt=\"\" width=\"1016\" height=\"749\" srcset=\"https:\/\/insideamateurfussball-ffm.de\/wp-content\/uploads\/2024\/05\/Anicic-Tuerkguecue-Trainer.jpg 1016w, https:\/\/insideamateurfussball-ffm.de\/wp-content\/uploads\/2024\/05\/Anicic-Tuerkguecue-Trainer-300x221.jpg 300w, https:\/\/insideamateurfussball-ffm.de\/wp-content\/uploads\/2024\/05\/Anicic-Tuerkguecue-Trainer-768x566.jpg 768w\" sizes=\"auto, (max-width: 1016px) 100vw, 1016px\" \/><figcaption id=\"caption-attachment-19127\" class=\"wp-caption-text\">Andreas Anicic ist neuer Trainer beim TSKV T\u00fcrkg\u00fccu. Fotografik: Mithat G\u00fcrser.<\/figcaption><\/figure>\n<p><img loading=\"lazy\" decoding=\"async\" class=\"alignnone size-full wp-image-17\" src=\"http:\/\/insideamateurfussball-ffm.de\/wp-content\/uploads\/2021\/11\/Tuerkguecue.jpg\" alt=\"\" width=\"72\" height=\"80\" \/><\/p>\n<p>Zehn Jahre nach dem freiwilligen Abstieg vertritt der TSKV T\u00fcrkg\u00fcc\u00fc den Frankfurter Kreis wieder in der Gruppenliga Frankfurt West. Nach der Trennung von Meistercoach Mehmet Tunay Somun hatte der Verein Gespr\u00e4che mit vier Kandidaten f\u00fcr dessen Nachfolge gef\u00fchrt. Der Vorstand hat sich f\u00fcr Andreas Anicic entschieden, der in der R\u00fcckrunde f\u00fcr drei Monate den bisherigen Ligakonkurrenten FC Croatia coachte und dabei einen 5:3-Sieg \u00fcber den Meister feierte.<\/p>\n<p>Der 39-j\u00e4hrige Bruder von Ex-Profi Michael Anicic habe &#8222;mit seinem Gesamtpaket \u00fcberzeugt. Er ist ein junger Trainer mit Zielen und war auf den Posten vorbereitet&#8220;, erkl\u00e4rt TSKV-Vorstandsmitglied Duran G\u00fcng\u00f6r.<\/p>\n<blockquote>\n<h3><span style=\"text-decoration: underline;\">&#8222;Ein gesicherter Mittelfeldplatz mit 50 Punkten als Ziel in einer lokal sehr attraktiven Liga aufgrund der vielen Stadtduelle wird angepeilt&#8220; (TSKV-Vorstand Duran G\u00fcng\u00f6r)<\/span><\/h3>\n<\/blockquote>\n<p>Sein Konzept beinhalte auch die Einbindung einiger Neuzug\u00e4nge, mit den Planungen sei man schon &#8222;sehr weit. Wir haben keine Abg\u00e4nge und wollen mit einem Kader von 22 bis 25 Spielern in die Runde gehen&#8220;, so G\u00fcng\u00f6r.<\/p>\n<p>Ein &#8222;gesicherter Mittelfeldplatz mit 50 Punkten als Ziel in einer lokal sehr attraktiven Liga aufgrund der vielen Stadtduelle&#8220;, werde angepeilt.<\/p>\n","protected":false},"excerpt":{"rendered":"<p>Kreisoberliga-Meister TSKV T\u00fcrkg\u00fcc\u00fc hat einen Nachfolger f\u00fcr den ausgeschiedenen Mehmet Tunay Somun gefunden. Der Verein von der Sondershausenstra\u00dfe geht mit Andreas Anicic in die Gruppenliga Frankfurt West. Zehn Jahre nach dem freiwilligen Abstieg vertritt der TSKV T\u00fcrkg\u00fcc\u00fc den Frankfurter Kreis wieder in der Gruppenliga Frankfurt West. Nach der Trennung von Meistercoach Mehmet Tunay Somun hatte [&hellip;]<\/p>\n","protected":false},"author":1,"featured_media":19127,"comment_status":"open","ping_status":"open","sticky":true,"template":"","format":"standard","meta":{"footnotes":""},"categories":[13],"tags":[],"class_list":["post-19126","post","type-post","status-publish","format-standard","has-post-thumbnail","hentry","category-gruppenliga-frankfurt-west"],"_links":{"self":[{"href":"https:\/\/insideamateurfussball-ffm.de\/index.php?rest_route=\/wp\/v2\/posts\/19126","targetHints":{"allow":["GET"]}}],"collection":[{"href":"https:\/\/insideamateurfussball-ffm.de\/index.php?rest_route=\/wp\/v2\/posts"}],"about":[{"href":"https:\/\/insideamateurfussball-ffm.de\/index.php?rest_route=\/wp\/v2\/types\/post"}],"author":[{"embeddable":true,"href":"https:\/\/insideamateurfussball-ffm.de\/index.php?rest_route=\/wp\/v2\/users\/1"}],"replies":[{"embeddable":true,"href":"https:\/\/insideamateurfussball-ffm.de\/index.php?rest_route=%2Fwp%2Fv2%2Fcomments&post=19126"}],"version-history":[{"count":2,"href":"https:\/\/insideamateurfussball-ffm.de\/index.php?rest_route=\/wp\/v2\/posts\/19126\/revisions"}],"predecessor-version":[{"id":19142,"href":"https:\/\/insideamateurfussball-ffm.de\/index.php?rest_route=\/wp\/v2\/posts\/19126\/revisions\/19142"}],"wp:featuredmedia":[{"embeddable":true,"href":"https:\/\/insideamateurfussball-ffm.de\/index.php?rest_route=\/wp\/v2\/media\/19127"}],"wp:attachment":[{"href":"https:\/\/insideamateurfussball-ffm.de\/index.php?rest_route=%2Fwp%2Fv2%2Fmedia&parent=19126"}],"wp:term":[{"taxonomy":"category","embeddable":true,"href":"https:\/\/insideamateurfussball-ffm.de\/index.php?rest_route=%2Fwp%2Fv2%2Fcategories&post=19126"},{"taxonomy":"post_tag","embeddable":true,"href":"https:\/\/insideamateurfussball-ffm.de\/index.php?rest_route=%2Fwp%2Fv2%2Ftags&post=19126"}],"curies":[{"name":"wp","href":"https:\/\/api.w.org\/{rel}","templated":true}]}}